{"id":175,"date":"2016-01-20T16:20:56","date_gmt":"2016-01-20T16:20:56","guid":{"rendered":"http:\/\/ensemblepouremerainville.fr\/?p=175"},"modified":"2016-11-26T16:34:20","modified_gmt":"2016-11-26T16:34:20","slug":"la-louve-le-supermarche-parisien-qui-fera-travailler-ses-clients-ouvrira-debut-2016","status":"publish","type":"post","link":"https:\/\/ensemblepouremerainville.fr\/?p=175","title":{"rendered":"La Louve, le supermarch\u00e9 parisien qui fera travailler ses clients, ouvrira d\u00e9but 2016"},"content":{"rendered":"<p><a href=\"http:\/\/www.lefigaro.fr\/conso\/2015\/03\/10\/05007-20150310ARTFIG00107-la-louve-le-supermarche-parisien-qui-fera-travailler-ses-clients-va-bientot-ouvrir.php\"><img data-recalc-dims=\"1\" height=\"332\" width=\"590\" decoding=\"async\" class=\"alignnone size-full\" src=\"https:\/\/i0.wp.com\/ensemblepouremerainville.fr\/wp-content\/uploads\/2016\/01\/PHO32e6d5ba-c645-11e4-884d-ac5196e6d394-805x453.jpg?resize=590%2C332&#038;ssl=1\" alt=\"\" \/><\/a>Pour pouvoir acheter des produits \u00e0 prix r\u00e9duits, les clients de ce supermarch\u00e9 \u00abcollaboratif\u00bb devront y travailler 3 heures par mois. \u00c0 ce jour, ses cr\u00e9ateurs ont r\u00e9ussi \u00e0 lever plus de 150.000 euros aupr\u00e8s de 1114 adh\u00e9rents.<\/p>\n<p>Source\u00a0: <em><a href=\"http:\/\/www.lefigaro.fr\/conso\/2015\/03\/10\/05007-20150310ARTFIG00107-la-louve-le-supermarche-parisien-qui-fera-travailler-ses-clients-va-bientot-ouvrir.php\">La Louve, le supermarch\u00e9 parisien qui fera travailler ses clients, ouvrira d\u00e9but 2016<\/a><\/em><\/p>\n","protected":false},"excerpt":{"rendered":"<p>Pour pouvoir acheter des produits \u00e0 prix r\u00e9duits, les clients de ce supermarch\u00e9 \u00abcollaboratif\u00bb devront y travailler 3 heures par mois. \u00c0 ce jour, ses cr\u00e9ateurs ont r\u00e9ussi \u00e0 lever plus de 150.000 euros aupr\u00e8s de 1114 adh\u00e9rents. Source\u00a0: La Louve, le supermarch\u00e9 parisien qui fera travailler ses clients, ouvrira d\u00e9but 2016<\/p>\n","protected":false},"author":1,"featured_media":0,"comment_status":"open","ping_status":"open","sticky":false,"template":"","format":"standard","meta":{"_bbp_topic_count":0,"_bbp_reply_count":0,"_bbp_total_topic_count":0,"_bbp_total_reply_count":0,"_bbp_voice_count":0,"_bbp_anonymous_reply_count":0,"_bbp_topic_count_hidden":0,"_bbp_reply_count_hidden":0,"_bbp_forum_subforum_count":0,"footnotes":""},"categories":[35],"tags":[],"class_list":["post-175","post","type-post","status-publish","format-standard","hentry","category-actualite"],"_links":{"self":[{"href":"https:\/\/ensemblepouremerainville.fr\/index.php?rest_route=\/wp\/v2\/posts\/175","targetHints":{"allow":["GET"]}}],"collection":[{"href":"https:\/\/ensemblepouremerainville.fr\/index.php?rest_route=\/wp\/v2\/posts"}],"about":[{"href":"https:\/\/ensemblepouremerainville.fr\/index.php?rest_route=\/wp\/v2\/types\/post"}],"author":[{"embeddable":true,"href":"https:\/\/ensemblepouremerainville.fr\/index.php?rest_route=\/wp\/v2\/users\/1"}],"replies":[{"embeddable":true,"href":"https:\/\/ensemblepouremerainville.fr\/index.php?rest_route=%2Fwp%2Fv2%2Fcomments&post=175"}],"version-history":[{"count":2,"href":"https:\/\/ensemblepouremerainville.fr\/index.php?rest_route=\/wp\/v2\/posts\/175\/revisions"}],"predecessor-version":[{"id":179,"href":"https:\/\/ensemblepouremerainville.fr\/index.php?rest_route=\/wp\/v2\/posts\/175\/revisions\/179"}],"wp:attachment":[{"href":"https:\/\/ensemblepouremerainville.fr\/index.php?rest_route=%2Fwp%2Fv2%2Fmedia&parent=175"}],"wp:term":[{"taxonomy":"category","embeddable":true,"href":"https:\/\/ensemblepouremerainville.fr\/index.php?rest_route=%2Fwp%2Fv2%2Fcategories&post=175"},{"taxonomy":"post_tag","embeddable":true,"href":"https:\/\/ensemblepouremerainville.fr\/index.php?rest_route=%2Fwp%2Fv2%2Ftags&post=175"}],"curies":[{"name":"wp","href":"https:\/\/api.w.org\/{rel}","templated":true}]}}