{"id":2004,"date":"2018-11-23T19:15:35","date_gmt":"2018-11-23T19:15:35","guid":{"rendered":"http:\/\/ensemblepouremerainville.fr\/?p=2004"},"modified":"2019-03-15T13:39:33","modified_gmt":"2019-03-15T13:39:33","slug":"les-futurs-maires-devront-changer-de-logiciel","status":"publish","type":"post","link":"https:\/\/ensemblepouremerainville.fr\/?p=2004","title":{"rendered":"Les futurs maires devront changer de logiciel"},"content":{"rendered":"<p>Les attributions des maires ont chang\u00e9 avec les diff\u00e9rentes r\u00e9formes territoriales, un r\u00e9cent sondage et <a href=\"http:\/\/www.maire-info.com\/organisation-gestion-communale\/elus-locaux\/un-fort-sentiment-de-perte-dautonomie-chez-les-maires-selon-le-cevipof-article-22423\">une enqu\u00eate du CEVIPOF<\/a>&nbsp;d\u00e9montrent que de nombreux maires sont frapp\u00e9s de lassitude et qu&rsquo;un maire sur deux ne souhaite pas se repr\u00e9senter en 2020.<\/p>\n<p>Les maires ont \u00e9t\u00e9 d\u00e9poss\u00e9d\u00e9s de beaucoup de leurs attributions&nbsp; et il leur faut composer avec les diff\u00e9rentes strates territoriales et administratives qui \u00ab\u00a0empi\u00e8tent\u00a0\u00bb maintenant sur les pr\u00e9rogatives telles&nbsp; que les maires ancienne g\u00e9n\u00e9ration&nbsp; ont pu conna\u00eetre.<\/p>\n<p>Les attentes des administr\u00e9s ont \u00e9galement chang\u00e9. A l&rsquo;\u00e8re d&rsquo;une information instantan\u00e9e via les diff\u00e9rents m\u00e9dias et les r\u00e9seaux sociaux, les citoyens aspirent \u00e0 \u00eatre inform\u00e9s au plus pr\u00e8s de la d\u00e9cision, ils souhaitent \u00e9galement participer ou, \u00e0 minima, donner leur avis sur les affaires de la commune sans attendre de nouvelles \u00e9lections.<\/p>\n<p>Les citoyens aspirent surtout \u00e0 une qualit\u00e9 de vie et \u00e0 des services de proximit\u00e9 dignes de ce nom.<\/p>\n<p><strong>Les futurs maires doivent changer de logiciel.<\/strong><\/p>\n<p>Les futurs maires doivent prendre en compte tous ces changements et changer eux-m\u00eames de logiciel. Ils ne peuvent plus \u00eatre seulement des gestionnaires de budget, une partie leur ayant \u00e9chapper, ils doivent se r\u00e9approprier et s&rsquo;investir dans ce que les autres services territoriaux ou de l&rsquo;Etat ne peuvent (savent ?) pas faire : la proximit\u00e9.<\/p>\n<p>C&rsquo;est dans la proximit\u00e9 que les maires auront r\u00e9ellement une valeur ajout\u00e9e.<\/p>\n<p>Proximit\u00e9 g\u00e9ographique en connaissant parfaitement la ville et l&rsquo;environnement proche de leur lieu d&rsquo;habitation.<\/p>\n<p>Proximit\u00e9 social au plus pr\u00e8s de toute la population, au service proche des habitantes et des habitants.<\/p>\n<p>Proximit\u00e9 de projets en organisant la vie de la cit\u00e9 et en portant l&rsquo;int\u00e9r\u00eat de la ville aupr\u00e8s des autres collectivit\u00e9s, forts du soutien de la population sans cesse inform\u00e9e et interrog\u00e9e.<\/p>\n<p>&nbsp;<\/p>\n","protected":false},"excerpt":{"rendered":"<p>Les attributions des maires ont chang\u00e9 avec les diff\u00e9rentes r\u00e9formes territoriales, un r\u00e9cent sondage et une enqu\u00eate du CEVIPOF&nbsp;d\u00e9montrent que de nombreux maires sont frapp\u00e9s de lassitude et qu&rsquo;un maire sur deux ne souhaite pas se repr\u00e9senter en 2020. Les maires ont \u00e9t\u00e9 d\u00e9poss\u00e9d\u00e9s de beaucoup de leurs attributions&nbsp; et il leur faut composer avec&#8230; <\/p>\n<div class=\"read-more\"><a href=\"https:\/\/ensemblepouremerainville.fr\/?p=2004\">Lire la suite<\/a><\/div>\n","protected":false},"author":2,"featured_media":2010,"comment_status":"open","ping_status":"open","sticky":false,"template":"","format":"standard","meta":{"footnotes":""},"categories":[254],"tags":[],"class_list":["post-2004","post","type-post","status-publish","format-standard","has-post-thumbnail","hentry","category-globale"],"_links":{"self":[{"href":"https:\/\/ensemblepouremerainville.fr\/index.php?rest_route=\/wp\/v2\/posts\/2004","targetHints":{"allow":["GET"]}}],"collection":[{"href":"https:\/\/ensemblepouremerainville.fr\/index.php?rest_route=\/wp\/v2\/posts"}],"about":[{"href":"https:\/\/ensemblepouremerainville.fr\/index.php?rest_route=\/wp\/v2\/types\/post"}],"author":[{"embeddable":true,"href":"https:\/\/ensemblepouremerainville.fr\/index.php?rest_route=\/wp\/v2\/users\/2"}],"replies":[{"embeddable":true,"href":"https:\/\/ensemblepouremerainville.fr\/index.php?rest_route=%2Fwp%2Fv2%2Fcomments&post=2004"}],"version-history":[{"count":6,"href":"https:\/\/ensemblepouremerainville.fr\/index.php?rest_route=\/wp\/v2\/posts\/2004\/revisions"}],"predecessor-version":[{"id":2176,"href":"https:\/\/ensemblepouremerainville.fr\/index.php?rest_route=\/wp\/v2\/posts\/2004\/revisions\/2176"}],"wp:featuredmedia":[{"embeddable":true,"href":"https:\/\/ensemblepouremerainville.fr\/index.php?rest_route=\/wp\/v2\/media\/2010"}],"wp:attachment":[{"href":"https:\/\/ensemblepouremerainville.fr\/index.php?rest_route=%2Fwp%2Fv2%2Fmedia&parent=2004"}],"wp:term":[{"taxonomy":"category","embeddable":true,"href":"https:\/\/ensemblepouremerainville.fr\/index.php?rest_route=%2Fwp%2Fv2%2Fcategories&post=2004"},{"taxonomy":"post_tag","embeddable":true,"href":"https:\/\/ensemblepouremerainville.fr\/index.php?rest_route=%2Fwp%2Fv2%2Ftags&post=2004"}],"curies":[{"name":"wp","href":"https:\/\/api.w.org\/{rel}","templated":true}]}}