{"id":2015,"date":"2018-11-23T10:58:15","date_gmt":"2018-11-23T10:58:15","guid":{"rendered":"http:\/\/ensemblepouremerainville.fr\/?p=2015"},"modified":"2019-04-30T16:46:33","modified_gmt":"2019-04-30T16:46:33","slug":"il-y-a-5-ans-la-construction-dun-parking-sur-un-terrain-qui-nappartenait-pas-a-la-commune","status":"publish","type":"post","link":"https:\/\/ensemblepouremerainville.fr\/?p=2015","title":{"rendered":"Il y a 5 ans, la construction d\u2019un parking sur un terrain qui n\u2019appartenait pas \u00e0 la commune"},"content":{"rendered":"<p>En d\u00e9cembre 2013 la r\u00e9gion IdF faisait d\u00e9truire un parking ill\u00e9galement construit par la municipalit\u00e9 d\u2019Emerainville sur un terrain qui ne lui appartenait pas. <a href=\"http:\/\/www.leparisien.fr\/espace-premium\/seine-et-marne-77\/a-peine-ouvert-le-parking-d-emerainville-deja-rase-20-12-2013-3425391.php\">Voir l\u2019article du Parisien de l\u2019\u00e9poque<\/a>.<\/p>\n<p><strong>Des travaux commenc\u00e9s en mai, un propri\u00e9taire averti en octobre\u2026<\/strong><\/p>\n<p>Cela semble \u00eatre une habitude \u00e0 Emerainville \u00ab\u00a0d\u2019oublier\u00a0\u00bb la loi et le respect de la propri\u00e9t\u00e9 priv\u00e9.<\/p>\n<p><strong>Un co\u00fbt de plusieurs dizaines de milliers d\u2019euros.<\/strong><\/p>\n<p>Cinq ans apr\u00e8s, il ne reste plus qu\u2019un portique qui donne sur un champ, un tas de terre qui interdit l&rsquo;acc\u00e8s et des arbustes n\u2019ont pas \u00e9t\u00e9 replant\u00e9s. Le parking a co\u00fbt\u00e9 de l\u2019argent \u00e0 la commune pour le construire, \u00e0 la r\u00e9gion Ile de France pour le d\u00e9truire et personne n\u2019a r\u00e9habilit\u00e9 le terrain.<\/p>\n<p>Nous \u00e9tions l\u00e0 pour d\u00e9noncer ce g\u00e2chis, nous n&rsquo;avons pas oubli\u00e9.<\/p>\n<p><img data-recalc-dims=\"1\" loading=\"lazy\" decoding=\"async\" class=\"alignnone size-medium wp-image-2019\" src=\"https:\/\/i0.wp.com\/ensemblepouremerainville.fr\/wp-content\/uploads\/2018\/11\/terrain.jpg?resize=300%2C225&#038;ssl=1\" alt=\"\" width=\"300\" height=\"225\" srcset=\"https:\/\/i0.wp.com\/ensemblepouremerainville.fr\/wp-content\/uploads\/2018\/11\/terrain.jpg?resize=300%2C225&amp;ssl=1 300w, https:\/\/i0.wp.com\/ensemblepouremerainville.fr\/wp-content\/uploads\/2018\/11\/terrain.jpg?resize=600%2C449&amp;ssl=1 600w, https:\/\/i0.wp.com\/ensemblepouremerainville.fr\/wp-content\/uploads\/2018\/11\/terrain.jpg?resize=73%2C55&amp;ssl=1 73w, https:\/\/i0.wp.com\/ensemblepouremerainville.fr\/wp-content\/uploads\/2018\/11\/terrain.jpg?resize=200%2C150&amp;ssl=1 200w, https:\/\/i0.wp.com\/ensemblepouremerainville.fr\/wp-content\/uploads\/2018\/11\/terrain.jpg?w=641&amp;ssl=1 641w\" sizes=\"auto, (max-width: 300px) 100vw, 300px\" \/>\u00a0<img data-recalc-dims=\"1\" loading=\"lazy\" decoding=\"async\" class=\"alignnone size-medium wp-image-2018\" src=\"https:\/\/i0.wp.com\/ensemblepouremerainville.fr\/wp-content\/uploads\/2018\/11\/portique2.jpg?resize=300%2C225&#038;ssl=1\" alt=\"\" width=\"300\" height=\"225\" srcset=\"https:\/\/i0.wp.com\/ensemblepouremerainville.fr\/wp-content\/uploads\/2018\/11\/portique2.jpg?resize=300%2C225&amp;ssl=1 300w, https:\/\/i0.wp.com\/ensemblepouremerainville.fr\/wp-content\/uploads\/2018\/11\/portique2.jpg?resize=600%2C449&amp;ssl=1 600w, https:\/\/i0.wp.com\/ensemblepouremerainville.fr\/wp-content\/uploads\/2018\/11\/portique2.jpg?resize=73%2C55&amp;ssl=1 73w, https:\/\/i0.wp.com\/ensemblepouremerainville.fr\/wp-content\/uploads\/2018\/11\/portique2.jpg?resize=200%2C150&amp;ssl=1 200w, https:\/\/i0.wp.com\/ensemblepouremerainville.fr\/wp-content\/uploads\/2018\/11\/portique2.jpg?w=641&amp;ssl=1 641w\" sizes=\"auto, (max-width: 300px) 100vw, 300px\" \/><\/p>\n","protected":false},"excerpt":{"rendered":"<p>En d\u00e9cembre 2013 la r\u00e9gion IdF faisait d\u00e9truire un parking ill\u00e9galement construit par la municipalit\u00e9 d\u2019Emerainville sur un terrain qui ne lui appartenait pas. Voir l\u2019article du Parisien de l\u2019\u00e9poque. Des travaux commenc\u00e9s en mai, un propri\u00e9taire averti en octobre\u2026 Cela semble \u00eatre une habitude \u00e0 Emerainville \u00ab\u00a0d\u2019oublier\u00a0\u00bb la loi et le respect de la&#8230; <\/p>\n<div class=\"read-more\"><a href=\"https:\/\/ensemblepouremerainville.fr\/?p=2015\">Lire la suite<\/a><\/div>\n","protected":false},"author":2,"featured_media":2016,"comment_status":"open","ping_status":"open","sticky":false,"template":"","format":"standard","meta":{"footnotes":""},"categories":[258],"tags":[],"class_list":["post-2015","post","type-post","status-publish","format-standard","has-post-thumbnail","hentry","category-retroviseur"],"_links":{"self":[{"href":"https:\/\/ensemblepouremerainville.fr\/index.php?rest_route=\/wp\/v2\/posts\/2015","targetHints":{"allow":["GET"]}}],"collection":[{"href":"https:\/\/ensemblepouremerainville.fr\/index.php?rest_route=\/wp\/v2\/posts"}],"about":[{"href":"https:\/\/ensemblepouremerainville.fr\/index.php?rest_route=\/wp\/v2\/types\/post"}],"author":[{"embeddable":true,"href":"https:\/\/ensemblepouremerainville.fr\/index.php?rest_route=\/wp\/v2\/users\/2"}],"replies":[{"embeddable":true,"href":"https:\/\/ensemblepouremerainville.fr\/index.php?rest_route=%2Fwp%2Fv2%2Fcomments&post=2015"}],"version-history":[{"count":2,"href":"https:\/\/ensemblepouremerainville.fr\/index.php?rest_route=\/wp\/v2\/posts\/2015\/revisions"}],"predecessor-version":[{"id":2021,"href":"https:\/\/ensemblepouremerainville.fr\/index.php?rest_route=\/wp\/v2\/posts\/2015\/revisions\/2021"}],"wp:featuredmedia":[{"embeddable":true,"href":"https:\/\/ensemblepouremerainville.fr\/index.php?rest_route=\/wp\/v2\/media\/2016"}],"wp:attachment":[{"href":"https:\/\/ensemblepouremerainville.fr\/index.php?rest_route=%2Fwp%2Fv2%2Fmedia&parent=2015"}],"wp:term":[{"taxonomy":"category","embeddable":true,"href":"https:\/\/ensemblepouremerainville.fr\/index.php?rest_route=%2Fwp%2Fv2%2Fcategories&post=2015"},{"taxonomy":"post_tag","embeddable":true,"href":"https:\/\/ensemblepouremerainville.fr\/index.php?rest_route=%2Fwp%2Fv2%2Ftags&post=2015"}],"curies":[{"name":"wp","href":"https:\/\/api.w.org\/{rel}","templated":true}]}}