{"id":2026,"date":"2018-11-30T19:40:39","date_gmt":"2018-11-30T19:40:39","guid":{"rendered":"http:\/\/ensemblepouremerainville.fr\/?p=2026"},"modified":"2018-11-30T19:42:49","modified_gmt":"2018-11-30T19:42:49","slug":"kelyor-est-deja-en-campagne-et-cest-nous-qui-payons","status":"publish","type":"post","link":"https:\/\/ensemblepouremerainville.fr\/?p=2026","title":{"rendered":"Kelyor est d\u00e9j\u00e0 en campagne\u2026 Et c\u2019est nous qui payons !"},"content":{"rendered":"<p>Encore une nouvelle parution dans les bo\u00eetes aux lettres emerainvilloises cette semaine. Le <em>Lien Emerainvillois<\/em> qui parait tous les mois ne suffit plus, voici la <em>Lettre du Maire<\/em>. Qu\u2019y-a-t-il de si important pour que le maire prenne la plume\u00a0? Une information importante sur l\u2019engagement de la commune aupr\u00e8s des associations\u00a0? La d\u00e9cision de travailler avec les parents d\u2019\u00e9l\u00e8ves sur des projets de r\u00e9ussite \u00e9ducative\u00a0? Non.<\/p>\n<p>Non, rien de tout cela, juste un article sur les budgets 2017, 2018, 2019. Des chiffres \u00e9tal\u00e9s sans perspective, sans coh\u00e9rence, aucun indicateur, aucune \u00e9valuation et toujours une auto-satisfaction b\u00e9ate. Le rapport d\u2019une discussion \u00e0 huis clos sous pr\u00e9texte d\u2019un petit d\u00e9jeuner, l\u2019opposition n\u2019a pas \u00e9t\u00e9 invit\u00e9e \u00e0 un d\u00e9bat sur le budget mais elle est critiqu\u00e9e pour son absence\u00a0!?<\/p>\n<p>Une publication avec une belle photo centrale de messieurs Kelyor et Parizzia, \u00e9lus d\u2019Emerainville qui s\u2019int\u00e9ressent au budget mais <span style=\"text-decoration: underline;\">ne r\u00e9sident m\u00eame pas dans la commune\u00a0<\/span>!<\/p>\n<p>A propos de budget, combien aura co\u00fbt\u00e9 cette lettre d\u2019information qui aurait tr\u00e8s bien pu \u00eatre int\u00e9gr\u00e9e \u00e0 un <em>Lien Emerainvillois<\/em>\u00a0? Cet argent ne serait-il pas plus utile aux caisses des \u00e9coles pour des projets p\u00e9dagogique ou aux associations sportives pour leurs \u00e9quipements ou leurs d\u00e9placements\u00a0?<\/p>\n","protected":false},"excerpt":{"rendered":"<p>Encore une nouvelle parution dans les bo\u00eetes aux lettres emerainvilloises cette semaine. Le Lien Emerainvillois qui parait tous les mois ne suffit plus, voici la Lettre du Maire. Qu\u2019y-a-t-il de si important pour que le maire prenne la plume\u00a0? Une information importante sur l\u2019engagement de la commune aupr\u00e8s des associations\u00a0? La d\u00e9cision de travailler avec&#8230; <\/p>\n<div class=\"read-more\"><a href=\"https:\/\/ensemblepouremerainville.fr\/?p=2026\">Lire la suite<\/a><\/div>\n","protected":false},"author":2,"featured_media":2028,"comment_status":"open","ping_status":"open","sticky":false,"template":"","format":"standard","meta":{"footnotes":""},"categories":[256],"tags":[],"class_list":["post-2026","post","type-post","status-publish","format-standard","has-post-thumbnail","hentry","category-les-constats"],"_links":{"self":[{"href":"https:\/\/ensemblepouremerainville.fr\/index.php?rest_route=\/wp\/v2\/posts\/2026","targetHints":{"allow":["GET"]}}],"collection":[{"href":"https:\/\/ensemblepouremerainville.fr\/index.php?rest_route=\/wp\/v2\/posts"}],"about":[{"href":"https:\/\/ensemblepouremerainville.fr\/index.php?rest_route=\/wp\/v2\/types\/post"}],"author":[{"embeddable":true,"href":"https:\/\/ensemblepouremerainville.fr\/index.php?rest_route=\/wp\/v2\/users\/2"}],"replies":[{"embeddable":true,"href":"https:\/\/ensemblepouremerainville.fr\/index.php?rest_route=%2Fwp%2Fv2%2Fcomments&post=2026"}],"version-history":[{"count":2,"href":"https:\/\/ensemblepouremerainville.fr\/index.php?rest_route=\/wp\/v2\/posts\/2026\/revisions"}],"predecessor-version":[{"id":2029,"href":"https:\/\/ensemblepouremerainville.fr\/index.php?rest_route=\/wp\/v2\/posts\/2026\/revisions\/2029"}],"wp:featuredmedia":[{"embeddable":true,"href":"https:\/\/ensemblepouremerainville.fr\/index.php?rest_route=\/wp\/v2\/media\/2028"}],"wp:attachment":[{"href":"https:\/\/ensemblepouremerainville.fr\/index.php?rest_route=%2Fwp%2Fv2%2Fmedia&parent=2026"}],"wp:term":[{"taxonomy":"category","embeddable":true,"href":"https:\/\/ensemblepouremerainville.fr\/index.php?rest_route=%2Fwp%2Fv2%2Fcategories&post=2026"},{"taxonomy":"post_tag","embeddable":true,"href":"https:\/\/ensemblepouremerainville.fr\/index.php?rest_route=%2Fwp%2Fv2%2Ftags&post=2026"}],"curies":[{"name":"wp","href":"https:\/\/api.w.org\/{rel}","templated":true}]}}