{"id":2030,"date":"2018-11-30T18:47:39","date_gmt":"2018-11-30T18:47:39","guid":{"rendered":"http:\/\/ensemblepouremerainville.fr\/?p=2030"},"modified":"2018-11-30T18:47:39","modified_gmt":"2018-11-30T18:47:39","slug":"distribution-de-calendrier","status":"publish","type":"post","link":"https:\/\/ensemblepouremerainville.fr\/?p=2030","title":{"rendered":"Distribution de calendrier"},"content":{"rendered":"<p>Depuis le mois de novembre et jusqu&rsquo;\u00e0 fin janvier, les membres d&rsquo;Ensemble pour Emerainville sillonnent la ville \u00e0 la rencontre des habitant\u00b7es un calendrier \u00e0 la main.<\/p>\n<p>Nous avons plaisir \u00e0 offrir ce calendrier et \u00e0 rencontrer les emerainvilloises et emerainvillois.<\/p>\n<p>Nous sommes peut-\u00eatre d\u00e9j\u00e0 pass\u00e9 en v\u00f4tre absence, si vous souhaitez un calendrier n&rsquo;h\u00e9sitez pas \u00e0 nous contacter. <a href=\"https:\/\/ensemblepouremerainville.fr\/index.php\/contact\/\">Voir le formulaire de contact<\/a>.<\/p>\n","protected":false},"excerpt":{"rendered":"<p>Depuis le mois de novembre et jusqu&rsquo;\u00e0 fin janvier, les membres d&rsquo;Ensemble pour Emerainville sillonnent la ville \u00e0 la rencontre des habitant\u00b7es un calendrier \u00e0 la main. Nous avons plaisir \u00e0 offrir ce calendrier et \u00e0 rencontrer les emerainvilloises et emerainvillois. Nous sommes peut-\u00eatre d\u00e9j\u00e0 pass\u00e9 en v\u00f4tre absence, si vous souhaitez un calendrier n&rsquo;h\u00e9sitez&#8230; <\/p>\n<div class=\"read-more\"><a href=\"https:\/\/ensemblepouremerainville.fr\/?p=2030\">Lire la suite<\/a><\/div>\n","protected":false},"author":2,"featured_media":2031,"comment_status":"open","ping_status":"open","sticky":false,"template":"","format":"standard","meta":{"footnotes":""},"categories":[259],"tags":[],"class_list":["post-2030","post","type-post","status-publish","format-standard","has-post-thumbnail","hentry","category-notre-actualite"],"_links":{"self":[{"href":"https:\/\/ensemblepouremerainville.fr\/index.php?rest_route=\/wp\/v2\/posts\/2030","targetHints":{"allow":["GET"]}}],"collection":[{"href":"https:\/\/ensemblepouremerainville.fr\/index.php?rest_route=\/wp\/v2\/posts"}],"about":[{"href":"https:\/\/ensemblepouremerainville.fr\/index.php?rest_route=\/wp\/v2\/types\/post"}],"author":[{"embeddable":true,"href":"https:\/\/ensemblepouremerainville.fr\/index.php?rest_route=\/wp\/v2\/users\/2"}],"replies":[{"embeddable":true,"href":"https:\/\/ensemblepouremerainville.fr\/index.php?rest_route=%2Fwp%2Fv2%2Fcomments&post=2030"}],"version-history":[{"count":2,"href":"https:\/\/ensemblepouremerainville.fr\/index.php?rest_route=\/wp\/v2\/posts\/2030\/revisions"}],"predecessor-version":[{"id":2033,"href":"https:\/\/ensemblepouremerainville.fr\/index.php?rest_route=\/wp\/v2\/posts\/2030\/revisions\/2033"}],"wp:featuredmedia":[{"embeddable":true,"href":"https:\/\/ensemblepouremerainville.fr\/index.php?rest_route=\/wp\/v2\/media\/2031"}],"wp:attachment":[{"href":"https:\/\/ensemblepouremerainville.fr\/index.php?rest_route=%2Fwp%2Fv2%2Fmedia&parent=2030"}],"wp:term":[{"taxonomy":"category","embeddable":true,"href":"https:\/\/ensemblepouremerainville.fr\/index.php?rest_route=%2Fwp%2Fv2%2Fcategories&post=2030"},{"taxonomy":"post_tag","embeddable":true,"href":"https:\/\/ensemblepouremerainville.fr\/index.php?rest_route=%2Fwp%2Fv2%2Ftags&post=2030"}],"curies":[{"name":"wp","href":"https:\/\/api.w.org\/{rel}","templated":true}]}}