{"id":2041,"date":"2018-12-07T18:48:51","date_gmt":"2018-12-07T18:48:51","guid":{"rendered":"http:\/\/ensemblepouremerainville.fr\/?p=2041"},"modified":"2018-12-07T18:49:48","modified_gmt":"2018-12-07T18:49:48","slug":"petit-dejeuner-ou-reunion-de-propagande","status":"publish","type":"post","link":"https:\/\/ensemblepouremerainville.fr\/?p=2041","title":{"rendered":"Petit d\u00e9jeuner ou r\u00e9union de propagande ?"},"content":{"rendered":"<p>Nous avons appris, via le courrier du maire, que le petit d\u00e9jeuner des Emerainvillois (autrefois d\u00e9nomm\u00e9 d\u00e9jeuner du maire) \u00e9tait en fait une r\u00e9union \u00e0 th\u00e8me.<\/p>\n<p>Le th\u00e8me du dernier d\u00e9jeuner : le budget. Ou plut\u00f4t les budgets ; 2017, 2018, 2019&#8230; avec des chiffres, plein de chiffres et de l&rsquo;autosatisfaction, beaucoup. Mais pas d&rsquo;indicateur, jamais. Comment juger si la politique men\u00e9e est bonne si, d&rsquo;une ann\u00e9e sur l&rsquo;autre, nous n&rsquo;avons pas d&rsquo;indicateur de comparaison.<\/p>\n<p>Nous avons lu \u00e9galement que le maire se plaignait que l&rsquo;opposition n&rsquo;\u00e9tait pas pr\u00e9sente.<\/p>\n<p>Quelle posture ridicule : organiser \u00e0 br\u00fble-pourpoint une r\u00e9union sur un th\u00e8me particulier sans pr\u00e9venir personne et s&rsquo;assurer ainsi qu&rsquo;il n&rsquo;y aura pas de contradicteur et, en m\u00eame temps, reprocher \u00e0 ceux qui n&rsquo;ont pas \u00e9t\u00e9 inform\u00e9s de ne pas \u00eatre pr\u00e9sents.<\/p>\n<p>C&rsquo;est tellement plus simple de faire soit m\u00eame les questions et les r\u00e9ponses. Cette intol\u00e9rance \u00e0 la contradiction\u00a0 \u00e0 un nom : \u00ab\u00a0le syndrome d&rsquo;hubris\u00a0\u00bb.<\/p>\n","protected":false},"excerpt":{"rendered":"<p>Nous avons appris, via le courrier du maire, que le petit d\u00e9jeuner des Emerainvillois (autrefois d\u00e9nomm\u00e9 d\u00e9jeuner du maire) \u00e9tait en fait une r\u00e9union \u00e0 th\u00e8me. Le th\u00e8me du dernier d\u00e9jeuner : le budget. Ou plut\u00f4t les budgets ; 2017, 2018, 2019&#8230; avec des chiffres, plein de chiffres et de l&rsquo;autosatisfaction, beaucoup. Mais pas d&rsquo;indicateur,&#8230; <\/p>\n<div class=\"read-more\"><a href=\"https:\/\/ensemblepouremerainville.fr\/?p=2041\">Lire la suite<\/a><\/div>\n","protected":false},"author":2,"featured_media":0,"comment_status":"open","ping_status":"open","sticky":false,"template":"","format":"standard","meta":{"footnotes":""},"categories":[252],"tags":[],"class_list":["post-2041","post","type-post","status-publish","format-standard","hentry","category-vrai-faux"],"_links":{"self":[{"href":"https:\/\/ensemblepouremerainville.fr\/index.php?rest_route=\/wp\/v2\/posts\/2041","targetHints":{"allow":["GET"]}}],"collection":[{"href":"https:\/\/ensemblepouremerainville.fr\/index.php?rest_route=\/wp\/v2\/posts"}],"about":[{"href":"https:\/\/ensemblepouremerainville.fr\/index.php?rest_route=\/wp\/v2\/types\/post"}],"author":[{"embeddable":true,"href":"https:\/\/ensemblepouremerainville.fr\/index.php?rest_route=\/wp\/v2\/users\/2"}],"replies":[{"embeddable":true,"href":"https:\/\/ensemblepouremerainville.fr\/index.php?rest_route=%2Fwp%2Fv2%2Fcomments&post=2041"}],"version-history":[{"count":2,"href":"https:\/\/ensemblepouremerainville.fr\/index.php?rest_route=\/wp\/v2\/posts\/2041\/revisions"}],"predecessor-version":[{"id":2043,"href":"https:\/\/ensemblepouremerainville.fr\/index.php?rest_route=\/wp\/v2\/posts\/2041\/revisions\/2043"}],"wp:attachment":[{"href":"https:\/\/ensemblepouremerainville.fr\/index.php?rest_route=%2Fwp%2Fv2%2Fmedia&parent=2041"}],"wp:term":[{"taxonomy":"category","embeddable":true,"href":"https:\/\/ensemblepouremerainville.fr\/index.php?rest_route=%2Fwp%2Fv2%2Fcategories&post=2041"},{"taxonomy":"post_tag","embeddable":true,"href":"https:\/\/ensemblepouremerainville.fr\/index.php?rest_route=%2Fwp%2Fv2%2Ftags&post=2041"}],"curies":[{"name":"wp","href":"https:\/\/api.w.org\/{rel}","templated":true}]}}