{"id":2052,"date":"2019-01-05T13:20:13","date_gmt":"2019-01-05T13:20:13","guid":{"rendered":"http:\/\/ensemblepouremerainville.fr\/?p=2052"},"modified":"2019-01-05T12:27:01","modified_gmt":"2019-01-05T12:27:01","slug":"gilets-jaunes-vs-liberalisme","status":"publish","type":"post","link":"https:\/\/ensemblepouremerainville.fr\/?p=2052","title":{"rendered":"Gilets jaunes vs lib\u00e9ralisme"},"content":{"rendered":"<p style=\"font-weight: 400;\">A l\u2019heure o\u00f9 nous \u00e9crivons ces lignes, le mouvement des gilets jaunes semble comme un volcan qui a \u00e9clat\u00e9 puis se serait calm\u00e9, un peu. Sous la cendre encore chaude la braise est encore br\u00fblante et il suffirait d\u2019une petite cassure pour que l\u2019\u00e9ruption reprenne plus forte que la premi\u00e8re et emporte tout sur son passage.<\/p>\n<p style=\"font-weight: 400;\">Ce mouvement est multiple et chacun y trouvera sa revendication mais il est n\u00e9 d\u2019un ras le bol d\u2019une \u00e9ni\u00e8me augmentation des taxes soi-disant \u00e9colos.<\/p>\n<p style=\"font-weight: 400;\">Ces taxes sont n\u00e9cessaires mais elles doivent \u00eatre justes\u00a0: il faut principalement taxer les gros pollueurs et, ensuite, elles doivent servir \u00e0 la transition \u00e9nerg\u00e9tique sous forme d\u2019aides vers tous les m\u00e9nages et notamment les plus d\u00e9munis qui sont les premi\u00e8res victimes du r\u00e9chauffement climatique.<\/p>\n<p style=\"font-weight: 400;\">Le plus surprenant dans ce mouvement c\u2019est que les revendications sont majoritairement anti-capitalistes et anti-lib\u00e9rales et pourtant nombreux sont les politiques qui, menant chez eux une politique profond\u00e9ment lib\u00e9rale, cherche \u00e0 faire de la r\u00e9cup\u00e9ration. Il n\u2019y a qu\u2019\u00e0 voir tous ces maires qui se pr\u00e9cipitent pour accueillir un cahier de dol\u00e9ances ou organiser les \u00ab\u00a0discussions\u00a0\u00bb. Les m\u00eames qui augmentent le prix des cantines scolaires pour les plus d\u00e9munis alors que la justice sociale et le pouvoir d\u2019achat sont au c\u0153ur des revendications.<\/p>\n<p style=\"font-weight: 400;\">Il est temps d\u2019en finir avec ces politiques lib\u00e9rales qui, dans nos petites villes, ne font que d\u00e9truire tout lien social et toute solidarit\u00e9.<\/p>\n","protected":false},"excerpt":{"rendered":"<p>A l\u2019heure o\u00f9 nous \u00e9crivons ces lignes, le mouvement des gilets jaunes semble comme un volcan qui a \u00e9clat\u00e9 puis se serait calm\u00e9, un peu. Sous la cendre encore chaude la braise est encore br\u00fblante et il suffirait d\u2019une petite cassure pour que l\u2019\u00e9ruption reprenne plus forte que la premi\u00e8re et emporte tout sur son&#8230; <\/p>\n<div class=\"read-more\"><a href=\"https:\/\/ensemblepouremerainville.fr\/?p=2052\">Lire la suite<\/a><\/div>\n","protected":false},"author":2,"featured_media":0,"comment_status":"open","ping_status":"open","sticky":false,"template":"","format":"standard","meta":{"footnotes":""},"categories":[254],"tags":[],"class_list":["post-2052","post","type-post","status-publish","format-standard","hentry","category-globale"],"_links":{"self":[{"href":"https:\/\/ensemblepouremerainville.fr\/index.php?rest_route=\/wp\/v2\/posts\/2052","targetHints":{"allow":["GET"]}}],"collection":[{"href":"https:\/\/ensemblepouremerainville.fr\/index.php?rest_route=\/wp\/v2\/posts"}],"about":[{"href":"https:\/\/ensemblepouremerainville.fr\/index.php?rest_route=\/wp\/v2\/types\/post"}],"author":[{"embeddable":true,"href":"https:\/\/ensemblepouremerainville.fr\/index.php?rest_route=\/wp\/v2\/users\/2"}],"replies":[{"embeddable":true,"href":"https:\/\/ensemblepouremerainville.fr\/index.php?rest_route=%2Fwp%2Fv2%2Fcomments&post=2052"}],"version-history":[{"count":1,"href":"https:\/\/ensemblepouremerainville.fr\/index.php?rest_route=\/wp\/v2\/posts\/2052\/revisions"}],"predecessor-version":[{"id":2053,"href":"https:\/\/ensemblepouremerainville.fr\/index.php?rest_route=\/wp\/v2\/posts\/2052\/revisions\/2053"}],"wp:attachment":[{"href":"https:\/\/ensemblepouremerainville.fr\/index.php?rest_route=%2Fwp%2Fv2%2Fmedia&parent=2052"}],"wp:term":[{"taxonomy":"category","embeddable":true,"href":"https:\/\/ensemblepouremerainville.fr\/index.php?rest_route=%2Fwp%2Fv2%2Fcategories&post=2052"},{"taxonomy":"post_tag","embeddable":true,"href":"https:\/\/ensemblepouremerainville.fr\/index.php?rest_route=%2Fwp%2Fv2%2Ftags&post=2052"}],"curies":[{"name":"wp","href":"https:\/\/api.w.org\/{rel}","templated":true}]}}