{"id":2057,"date":"2019-01-14T18:44:55","date_gmt":"2019-01-14T18:44:55","guid":{"rendered":"http:\/\/ensemblepouremerainville.fr\/?p=2057"},"modified":"2019-01-14T18:45:30","modified_gmt":"2019-01-14T18:45:30","slug":"un-marche-une-navette-circulez","status":"publish","type":"post","link":"https:\/\/ensemblepouremerainville.fr\/?p=2057","title":{"rendered":"Un march\u00e9, une navette ? circulez&#8230;"},"content":{"rendered":"<p>Si vous aviez pens\u00e9 \u00e0 l&rsquo;installation d&rsquo;un march\u00e9 \u00e0 Emerainville, \u00e0 la possibilit\u00e9 d&rsquo;une navette entre Malnoue et le Bourg \u00e0 certaines heures&#8230;<\/p>\n<p>Circulez ! y&rsquo;a rien \u00e0 voir !<\/p>\n<p>Pas la peine de r\u00e9fl\u00e9chir, d&rsquo;avoir m\u00eame un avis sur la question, le maire sait et il a d\u00e9j\u00e0 tranch\u00e9.<\/p>\n<p>Lors du dernier conseil municipal il a inform\u00e9 les pr\u00e9sent\u00b7es qu&rsquo;il avait d\u00e9j\u00e0 test\u00e9 un march\u00e9 et une navette et que cela avait \u00e9t\u00e9 un \u00e9chec !!??<\/p>\n<p>Si monsieur Kelyor le dit&#8230; c&rsquo;\u00e9tait sans doute dans une autre vie.<\/p>\n<p><strong>Nous mettrons en place un march\u00e9 de produits bios et en circuit court d\u00e8s notre installation \u00e0 la mairie, c&rsquo;est un engagement.<\/strong><\/p>\n<p>Nous \u00e9tudierons l&rsquo;int\u00e9r\u00eat d&rsquo;une navette et sa faisabilit\u00e9 avec nos partenaires institutionnels, \u00e7a aussi c&rsquo;est un engagement.<\/p>\n","protected":false},"excerpt":{"rendered":"<p>Si vous aviez pens\u00e9 \u00e0 l&rsquo;installation d&rsquo;un march\u00e9 \u00e0 Emerainville, \u00e0 la possibilit\u00e9 d&rsquo;une navette entre Malnoue et le Bourg \u00e0 certaines heures&#8230; Circulez ! y&rsquo;a rien \u00e0 voir ! Pas la peine de r\u00e9fl\u00e9chir, d&rsquo;avoir m\u00eame un avis sur la question, le maire sait et il a d\u00e9j\u00e0 tranch\u00e9. Lors du dernier conseil municipal&#8230; <\/p>\n<div class=\"read-more\"><a href=\"https:\/\/ensemblepouremerainville.fr\/?p=2057\">Lire la suite<\/a><\/div>\n","protected":false},"author":2,"featured_media":0,"comment_status":"open","ping_status":"open","sticky":false,"template":"","format":"standard","meta":{"footnotes":""},"categories":[252],"tags":[263,264,260,261,262],"class_list":["post-2057","post","type-post","status-publish","format-standard","hentry","category-vrai-faux","tag-bio","tag-circuit-court","tag-marche","tag-navette","tag-transport"],"_links":{"self":[{"href":"https:\/\/ensemblepouremerainville.fr\/index.php?rest_route=\/wp\/v2\/posts\/2057","targetHints":{"allow":["GET"]}}],"collection":[{"href":"https:\/\/ensemblepouremerainville.fr\/index.php?rest_route=\/wp\/v2\/posts"}],"about":[{"href":"https:\/\/ensemblepouremerainville.fr\/index.php?rest_route=\/wp\/v2\/types\/post"}],"author":[{"embeddable":true,"href":"https:\/\/ensemblepouremerainville.fr\/index.php?rest_route=\/wp\/v2\/users\/2"}],"replies":[{"embeddable":true,"href":"https:\/\/ensemblepouremerainville.fr\/index.php?rest_route=%2Fwp%2Fv2%2Fcomments&post=2057"}],"version-history":[{"count":2,"href":"https:\/\/ensemblepouremerainville.fr\/index.php?rest_route=\/wp\/v2\/posts\/2057\/revisions"}],"predecessor-version":[{"id":2059,"href":"https:\/\/ensemblepouremerainville.fr\/index.php?rest_route=\/wp\/v2\/posts\/2057\/revisions\/2059"}],"wp:attachment":[{"href":"https:\/\/ensemblepouremerainville.fr\/index.php?rest_route=%2Fwp%2Fv2%2Fmedia&parent=2057"}],"wp:term":[{"taxonomy":"category","embeddable":true,"href":"https:\/\/ensemblepouremerainville.fr\/index.php?rest_route=%2Fwp%2Fv2%2Fcategories&post=2057"},{"taxonomy":"post_tag","embeddable":true,"href":"https:\/\/ensemblepouremerainville.fr\/index.php?rest_route=%2Fwp%2Fv2%2Ftags&post=2057"}],"curies":[{"name":"wp","href":"https:\/\/api.w.org\/{rel}","templated":true}]}}