{"id":211,"date":"2016-02-02T08:27:40","date_gmt":"2016-02-02T08:27:40","guid":{"rendered":"http:\/\/ensemblepouremerainville.fr\/?p=211"},"modified":"2016-11-26T16:33:18","modified_gmt":"2016-11-26T16:33:18","slug":"ils-soutiennent-et-participent-aux-six-heures-pour-nos-libertes-a-grenoble-le-7-fevrier","status":"publish","type":"post","link":"https:\/\/ensemblepouremerainville.fr\/?p=211","title":{"rendered":"Six heures pour nos libert\u00e9s &#8211; Rendez Vous le 7 f\u00e9vrier \u00e0 Grenoble"},"content":{"rendered":"<h4><img data-recalc-dims=\"1\" loading=\"lazy\" decoding=\"async\" class=\"alignleft size-medium wp-image-213\" src=\"https:\/\/i0.wp.com\/ensemblepouremerainville.fr\/wp-content\/uploads\/2016\/02\/7-fe-vrier.jpg?resize=212%2C300&#038;ssl=1\" alt=\"7-fe-vrier\" width=\"212\" height=\"300\" srcset=\"https:\/\/i0.wp.com\/ensemblepouremerainville.fr\/wp-content\/uploads\/2016\/02\/7-fe-vrier.jpg?resize=212%2C300&amp;ssl=1 212w, https:\/\/i0.wp.com\/ensemblepouremerainville.fr\/wp-content\/uploads\/2016\/02\/7-fe-vrier.jpg?resize=600%2C848&amp;ssl=1 600w, https:\/\/i0.wp.com\/ensemblepouremerainville.fr\/wp-content\/uploads\/2016\/02\/7-fe-vrier.jpg?resize=39%2C55&amp;ssl=1 39w, https:\/\/i0.wp.com\/ensemblepouremerainville.fr\/wp-content\/uploads\/2016\/02\/7-fe-vrier.jpg?w=661&amp;ssl=1 661w\" sizes=\"auto, (max-width: 212px) 100vw, 212px\" \/><\/h4>\n<p><span style=\"color: #999999;\">27 JANV. 2016 PAR FRAN\u00c7OIS BONNET BLOG : LE BLOG DE FRAN\u00c7OIS BONNET<br \/>\n<\/span><br \/>\n<strong><span style=\"font-size: 12pt;\">Des dizaines d&rsquo;associations, collectifs, syndicats et personnalit\u00e9s soutiennent notre initiative d&rsquo;organiser \u00abSix heures pour nos libert\u00e9s\u00bb, le dimanche 7 f\u00e9vrier \u00e0 Grenoble. Contre l&rsquo;\u00e9tat d&rsquo;urgence, contre l&rsquo;extension de la d\u00e9ch\u00e9ance de nationalit\u00e9, contre la mise en place d&rsquo;un r\u00e9gime d&rsquo;exception, elles et ils se mobilisent.<\/span><\/strong><\/p>\n<p>&nbsp;<\/p>\n<p><span style=\"font-size: 10pt; font-family: helvetica, arial, sans-serif;\">Voici les listes de ces soutiens et des personnalit\u00e9s qui interviendront dimanche 7 f\u00e9vrier. En quelques jours seulement, l&rsquo;annonce de l&rsquo;organisation d&rsquo;un grand \u00e9v\u00e9nement national \u00e0 Grenoble, \u00abSix heures pour nos libert\u00e9s\u00bb, le dimanche 7 f\u00e9vrier, a rassembl\u00e9 de tr\u00e8s nombreux soutiens. Associations, syndicats, collectifs, de Grenoble, de l&rsquo;Is\u00e8re mais aussi au niveau national ont d\u00e9cid\u00e9 de s&rsquo;associer \u00e0 cette initiative, ainsi que de nombreuses personnalit\u00e9s. Nous les en remercions vivement. Tous ceux qui veulent participer au succ\u00e8s de ces \u00abSix heures\u00bb peuvent nous contacter en \u00e9crivant \u00e0 grenoble@mediapart.fr.<\/span><br \/>\n<span style=\"font-size: 10pt; font-family: helvetica, arial, sans-serif;\"> A l&rsquo;invitation de la Ville de Grenoble, cette rencontre nationale se tiendra au Palais des Sports de Grenoble de 16h \u00e0 22h. L\u2019entr\u00e9e est libre, dans la limite des places disponibles. Cet \u00e9v\u00e9nement sera \u00e9galement diffus\u00e9 en vid\u00e9o et en direct sur Mediapart, ainsi que sur Youtube et Dailymotion. Ce 7 f\u00e9vrier, l&rsquo;int\u00e9gralit\u00e9 du site Mediapart sera exceptionnellement en acc\u00e8s libre. Merci de faire circuler ces informations aupr\u00e8s de vos contacts.<\/span><br \/>\n<span style=\"font-size: 10pt; font-family: helvetica, arial, sans-serif;\"> Silence, attentisme ou indiff\u00e9rence ne sont plus de mise. Devant la d\u00e9rive de nos gouvernants et le recul de nos libert\u00e9s, le temps n\u2019est plus aux divisions ou aux querelles. De tr\u00e8s nombreux acteurs ont ainsi choisi de s&rsquo;associer \u00e0 cette journ\u00e9e.<\/span><br \/>\n<span style=\"font-size: 10pt; font-family: helvetica, arial, sans-serif;\"> Acteurs locaux en Is\u00e8re et en Rh\u00f4ne-Alpes d&rsquo;abord, en voici une premi\u00e8re liste:<\/span><br \/>\n<span style=\"font-size: 10pt; font-family: helvetica, arial, sans-serif;\"> R\u00e9seau \u00e9ducation sans fronti\u00e8res RESF-38<\/span><br \/>\n<span style=\"font-size: 10pt; font-family: helvetica, arial, sans-serif;\"> Le collectif du d\u00e9fil\u00e9 des Tuiles (Villeneuve)<\/span><br \/>\n<span style=\"font-size: 10pt; font-family: helvetica, arial, sans-serif;\"> Le collectif Villeneuve debout<\/span><br \/>\n<span style=\"font-size: 10pt; font-family: helvetica, arial, sans-serif;\"> l&rsquo;Atelier Populaire d&rsquo;Urbanisme de Villeneuve<\/span><br \/>\n<span style=\"font-size: 10pt; font-family: helvetica, arial, sans-serif;\"> Le collectif \u00abJamais D\u00e9chu(e)\u00bb, de Lyon.<\/span><br \/>\n<span style=\"font-size: 10pt; font-family: helvetica, arial, sans-serif;\"> Le centre culturel des musulmans d&rsquo;Annemasse.<\/span><br \/>\n<span style=\"font-size: 10pt; font-family: helvetica, arial, sans-serif;\"> Le th\u00e9\u00e2tre Le Prunier Sauvage (quartier populaire Mistral)<\/span><br \/>\n<span style=\"font-size: 10pt; font-family: helvetica, arial, sans-serif;\"> Le collectif Citoyens r\u00e9sistants d&rsquo;hier et d&rsquo;aujourd&rsquo;hui (CRHA)<\/span><br \/>\n<span style=\"font-size: 10pt; font-family: helvetica, arial, sans-serif;\"> La CGT Is\u00e8re<\/span><br \/>\n<span style=\"font-size: 10pt; font-family: helvetica, arial, sans-serif;\"> Sud-PTT Is\u00e8re<\/span><br \/>\n<span style=\"font-size: 10pt; font-family: helvetica, arial, sans-serif;\"> Section de Grenoble-M\u00e9tropole de la ligue des droits de l&rsquo;Homme<\/span><br \/>\n<span style=\"font-size: 10pt; font-family: helvetica, arial, sans-serif;\"> Association France Palestine Solidarit\u00e9 \u2013 Is\u00e8re Grenoble<\/span><br \/>\n<span style=\"font-size: 10pt; font-family: helvetica, arial, sans-serif;\"> Le CRI, club de r\u00e9flexion sur l\u2019int\u00e9gration<\/span><br \/>\n<span style=\"font-size: 10pt; font-family: helvetica, arial, sans-serif;\"> D\u00c9CLIC, dialogue et concertation islamo-chr\u00e9tiens<\/span><br \/>\n<span style=\"font-size: 10pt; font-family: helvetica, arial, sans-serif;\"> PAG38 (Pour une Alternative \u00e0 Gauche Is\u00e8re)<\/span><br \/>\n<span style=\"font-size: 10pt; font-family: helvetica, arial, sans-serif;\"> Le P\u00f4le de Renaissance Communiste en France<\/span><br \/>\n<span style=\"font-size: 10pt; font-family: helvetica, arial, sans-serif;\"> La Conf\u00e9d\u00e9ration paysanne 38<\/span><br \/>\n<span style=\"font-size: 10pt; font-family: helvetica, arial, sans-serif;\"> Particit\u00e9.fr, journal ind\u00e9pendant de l&rsquo;agglom\u00e9ration grenobloise<\/span><br \/>\n<span style=\"font-size: 10pt; font-family: helvetica, arial, sans-serif;\"> Associations et collectif nationaux<\/span><br \/>\n<span style=\"font-size: 10pt; font-family: helvetica, arial, sans-serif;\"> La Ligue des droits de l&rsquo;homme<\/span><br \/>\n<span style=\"font-size: 10pt; font-family: helvetica, arial, sans-serif;\"> La Cimade<\/span><br \/>\n<span style=\"font-size: 10pt; font-family: helvetica, arial, sans-serif;\"> Le syndicat de la magistrature<\/span><br \/>\n<span style=\"font-size: 10pt; font-family: helvetica, arial, sans-serif;\"> Le syndicat des avocats de France<\/span><br \/>\n<span style=\"font-size: 10pt; font-family: helvetica, arial, sans-serif;\"> L&rsquo;association ATTAC<\/span><br \/>\n<span style=\"font-size: 10pt; font-family: helvetica, arial, sans-serif;\"> La Convention pour la VIe R\u00e9publique<\/span><br \/>\n<span style=\"font-size: 10pt; font-family: helvetica, arial, sans-serif;\"> l&rsquo;Institut du Tout Monde, fond\u00e9 par Edouard Glissant<\/span><br \/>\n<span style=\"font-size: 10pt; font-family: helvetica, arial, sans-serif;\"> Le collectif \u00abLes Pas sans nous\u00bb<\/span><br \/>\n<span style=\"font-size: 10pt; font-family: helvetica, arial, sans-serif;\"> Le Mouvement commun<\/span><br \/>\n<span style=\"font-size: 10pt; font-family: helvetica, arial, sans-serif;\"> Les collectifs d&rsquo;urgence citoyenne<\/span><br \/>\n<span style=\"font-size: 10pt; font-family: helvetica, arial, sans-serif;\"> Alternatiba<\/span><br \/>\n<span style=\"font-size: 10pt; font-family: helvetica, arial, sans-serif;\"> La Conf\u00e9d\u00e9ration paysanne<\/span><br \/>\n<span style=\"font-size: 10pt; font-family: helvetica, arial, sans-serif;\"> Les intervenants du dimanche 7 f\u00e9vrier<\/span><br \/>\n<span style=\"font-size: 10pt; font-family: helvetica, arial, sans-serif;\"> Voici une premi\u00e8re liste des personnalit\u00e9s ayant donn\u00e9 leur accord pour participer \u00e0 l&rsquo;\u00e9v\u00e9nement. L&rsquo;organisation des d\u00e9bats et des interventions sera pr\u00e9cis\u00e9e dans les jours qui viennent. L&rsquo;\u00e9v\u00e9nement sera anim\u00e9 par Edwy Plenel et la r\u00e9daction de Mediapart.<\/span><br \/>\n<span style=\"font-size: 10pt; font-family: helvetica, arial, sans-serif;\"> Sihame Assbague (activiste, animatrice du site contre-attaques.org)<\/span><br \/>\n<span style=\"font-size: 10pt; font-family: helvetica, arial, sans-serif;\"> Raymond Avrillier (maire-adjoint honoraire de Grenoble)<\/span><br \/>\n<span style=\"font-size: 10pt; font-family: helvetica, arial, sans-serif;\"> Boualam Azahoum (collectif \u00abJamais D\u00e9chu(e)\u00bb)<\/span><br \/>\n<span style=\"font-size: 10pt; font-family: helvetica, arial, sans-serif;\"> Laurence Blisson, secr\u00e9taire g\u00e9n\u00e9rale du syndicat de la magistrature<\/span><br \/>\n<span style=\"font-size: 10pt; font-family: helvetica, arial, sans-serif;\"> Caroline Bollati (Cimade)<\/span><br \/>\n<span style=\"font-size: 10pt; font-family: helvetica, arial, sans-serif;\"> Florian Borg, pr\u00e9sident du syndicat des avocats de France (SAF)<\/span><br \/>\n<span style=\"font-size: 10pt; font-family: helvetica, arial, sans-serif;\"> Fran\u00e7oise Dumont, pr\u00e9sidente de la Ligue des droits de l&rsquo;homme (LDH)<\/span><br \/>\n<span style=\"font-size: 10pt; font-family: helvetica, arial, sans-serif;\"> Alain Dru, vice-pr\u00e9sident de la Commission nationale consultative des droits de l&rsquo;homme CNCDH<\/span><br \/>\n<span style=\"font-size: 10pt; font-family: helvetica, arial, sans-serif;\"> Olivier Ihl, professeur de science politique (IEP de Grenoble)<\/span><br \/>\n<span style=\"font-size: 10pt; font-family: helvetica, arial, sans-serif;\"> Bernard Lahire, sociologue, professeur de sociologie \u00e0 l&rsquo;\u00c9cole normale sup\u00e9rieure de Lyon<\/span><br \/>\n<span style=\"font-size: 10pt; font-family: helvetica, arial, sans-serif;\"> Alain Manac&rsquo;h (Villeneuve debout)<\/span><br \/>\n<span style=\"font-size: 10pt; font-family: helvetica, arial, sans-serif;\"> Mohamed Mechmache (Pas sans nous)<\/span><br \/>\n<span style=\"font-size: 10pt; font-family: helvetica, arial, sans-serif;\"> Marwan Mohammed, sociologue<\/span><br \/>\n<span style=\"font-size: 10pt; font-family: helvetica, arial, sans-serif;\"> Marwan Muhammad, ex-porte parole CCIF<\/span><br \/>\n<span style=\"font-size: 10pt; font-family: helvetica, arial, sans-serif;\"> Eric Piolle, maire de Grenoble<\/span><br \/>\n<span style=\"font-size: 10pt; font-family: helvetica, arial, sans-serif;\"> Brahim Rajab, directeur du th\u00e9\u00e2tre Le Prunier Sauvage<\/span><br \/>\n<span style=\"font-size: 10pt; font-family: helvetica, arial, sans-serif;\"> Armand Samba-Sambeligue, avocat (Grenoble)<\/span><br \/>\n<span style=\"font-size: 10pt; font-family: helvetica, arial, sans-serif;\"> Benjamin Stora, historien, pr\u00e9sident du conseil d&rsquo;orientation du Mus\u00e9e de l&rsquo;histoire de l&rsquo;immigration<\/span><br \/>\n<span style=\"font-size: 10pt; font-family: helvetica, arial, sans-serif;\"> S\u00e9verine Teissier (conseils d\u2019urgence citoyenne)<\/span><br \/>\n<span style=\"font-size: 10pt; font-family: helvetica, arial, sans-serif;\"> Laurent Terrier, CGT Is\u00e8re<\/span><br \/>\n<span style=\"font-size: 10pt; font-family: helvetica, arial, sans-serif;\"> Sophie Wahnich, historienne<\/span><br \/>\n<span style=\"font-size: 10pt; font-family: helvetica, arial, sans-serif;\"> Hamid Zeddoug, recteur du centre culturel des musulmans d&rsquo;Annemasse<\/span><br \/>\n<span style=\"font-size: 10pt; font-family: helvetica, arial, sans-serif;\"> Enfin, Mediapart a invit\u00e9 les six d\u00e9put\u00e9s (sur 577) qui ont vot\u00e9 contre la prolongation de l&rsquo;\u00e9tat d&rsquo;urgence, le 19 novembre dernier. Quatre d&rsquo;entre eux ont accept\u00e9:<\/span><br \/>\n<span style=\"font-size: 10pt; font-family: helvetica, arial, sans-serif;\"> Pouria Amirshahi (d\u00e9put\u00e9 PS)<\/span><br \/>\n<span style=\"font-size: 10pt; font-family: helvetica, arial, sans-serif;\"> Sergio Coronado (d\u00e9put\u00e9 EELV)<\/span><br \/>\n<span style=\"font-size: 10pt; font-family: helvetica, arial, sans-serif;\"> No\u00ebl Mam\u00e8re (d\u00e9put\u00e9 \u00e9colo)<\/span><br \/>\n<span style=\"font-size: 10pt; font-family: helvetica, arial, sans-serif;\"> Barbara Romagnan (d\u00e9put\u00e9e PS)<\/span><br \/>\n<span style=\"font-size: 10pt; font-family: helvetica, arial, sans-serif;\"> Isabelle Attard et G\u00e9rard Sebaoun ne peuvent \u00eatre pr\u00e9sents mais soutiennent l&rsquo;initiative<\/span><br \/>\n<span style=\"font-size: 10pt; font-family: helvetica, arial, sans-serif;\"> Venez nombreux! \u00abSix heures pour nos libert\u00e9s\u00bb. Dimanche 7 f\u00e9vrier, de 16\u00a0h \u00e0 22\u00a0h, Palais des Sports de Grenoble, hall Est. Tram C (Valmy ou H\u00f4tel de ville)<\/span><br \/>\n<span style=\"font-size: 10pt; font-family: helvetica, arial, sans-serif;\"> Covoiturage, un appel. Par ailleurs, un correspondant nous a adress\u00e9 le message suivant: \u00abTr\u00e8s bonne id\u00e9e de d\u00e9centraliser cette initiative. Merci de lancer la possibilit\u00e9 de covoiturage de toutes les villes (de Lyon, en ce qui me concerne, j&rsquo;ai 3\/4 places).\u00bbAppel relay\u00e9 donc: vous pouvez dans le fil des commentaires organiser ce covoiturage. Merci<\/span><\/p>\n","protected":false},"excerpt":{"rendered":"<p>27 JANV. 2016 PAR FRAN\u00c7OIS BONNET BLOG : LE BLOG DE FRAN\u00c7OIS BONNET Des dizaines d&rsquo;associations, collectifs, syndicats et personnalit\u00e9s soutiennent notre initiative d&rsquo;organiser \u00abSix heures pour nos libert\u00e9s\u00bb, le dimanche 7 f\u00e9vrier \u00e0 Grenoble. Contre l&rsquo;\u00e9tat d&rsquo;urgence, contre l&rsquo;extension de la d\u00e9ch\u00e9ance de nationalit\u00e9, contre la mise en place d&rsquo;un r\u00e9gime d&rsquo;exception, elles et&#8230; <\/p>\n<div class=\"read-more\"><a href=\"https:\/\/ensemblepouremerainville.fr\/?p=211\">Lire la suite<\/a><\/div>\n","protected":false},"author":1,"featured_media":213,"comment_status":"open","ping_status":"open","sticky":false,"template":"","format":"standard","meta":{"_bbp_topic_count":0,"_bbp_reply_count":0,"_bbp_total_topic_count":0,"_bbp_total_reply_count":0,"_bbp_voice_count":0,"_bbp_anonymous_reply_count":0,"_bbp_topic_count_hidden":0,"_bbp_reply_count_hidden":0,"_bbp_forum_subforum_count":0,"footnotes":""},"categories":[35],"tags":[],"class_list":["post-211","post","type-post","status-publish","format-standard","has-post-thumbnail","hentry","category-actualite"],"_links":{"self":[{"href":"https:\/\/ensemblepouremerainville.fr\/index.php?rest_route=\/wp\/v2\/posts\/211","targetHints":{"allow":["GET"]}}],"collection":[{"href":"https:\/\/ensemblepouremerainville.fr\/index.php?rest_route=\/wp\/v2\/posts"}],"about":[{"href":"https:\/\/ensemblepouremerainville.fr\/index.php?rest_route=\/wp\/v2\/types\/post"}],"author":[{"embeddable":true,"href":"https:\/\/ensemblepouremerainville.fr\/index.php?rest_route=\/wp\/v2\/users\/1"}],"replies":[{"embeddable":true,"href":"https:\/\/ensemblepouremerainville.fr\/index.php?rest_route=%2Fwp%2Fv2%2Fcomments&post=211"}],"version-history":[{"count":3,"href":"https:\/\/ensemblepouremerainville.fr\/index.php?rest_route=\/wp\/v2\/posts\/211\/revisions"}],"predecessor-version":[{"id":241,"href":"https:\/\/ensemblepouremerainville.fr\/index.php?rest_route=\/wp\/v2\/posts\/211\/revisions\/241"}],"wp:featuredmedia":[{"embeddable":true,"href":"https:\/\/ensemblepouremerainville.fr\/index.php?rest_route=\/wp\/v2\/media\/213"}],"wp:attachment":[{"href":"https:\/\/ensemblepouremerainville.fr\/index.php?rest_route=%2Fwp%2Fv2%2Fmedia&parent=211"}],"wp:term":[{"taxonomy":"category","embeddable":true,"href":"https:\/\/ensemblepouremerainville.fr\/index.php?rest_route=%2Fwp%2Fv2%2Fcategories&post=211"},{"taxonomy":"post_tag","embeddable":true,"href":"https:\/\/ensemblepouremerainville.fr\/index.php?rest_route=%2Fwp%2Fv2%2Ftags&post=211"}],"curies":[{"name":"wp","href":"https:\/\/api.w.org\/{rel}","templated":true}]}}