{"id":2311,"date":"2019-04-30T16:53:34","date_gmt":"2019-04-30T16:53:34","guid":{"rendered":"http:\/\/ensemblepouremerainville.fr\/?p=2311"},"modified":"2019-04-30T16:56:09","modified_gmt":"2019-04-30T16:56:09","slug":"2311","status":"publish","type":"post","link":"https:\/\/ensemblepouremerainville.fr\/?p=2311","title":{"rendered":"Le conseiller municipal \u00e9cologiste se porte candidat pour les municipales 2020 contre le maire sortant Alain Kelyor (DVD), qui brigue un cinqui\u00e8me mandat."},"content":{"rendered":"<div id=\"hpaywall-offer\">\u00ab On ne va pas laisser la place \u00e0 Kelyor, qui a d\u00e9j\u00e0 annonc\u00e9 qu\u2019<a href=\"http:\/\/www.leparisien.fr\/seine-et-marne-77\/emerainville-alain-kelyor-sera-candidat-a-sa-succession-en-2020-15-01-2019-7989111.php\" target=\"_blank\" rel=\"noopener noreferrer\">il convoitait un cinqui\u00e8me mandat<\/a>\u00a0\u00bb, annonce Jacques Huleux. Le conseiller d\u2019opposition (EELV) au maire Alain Kelyor (DVD) lance sa campagne pour les municipales 2020.<\/div>\n<p><!--more--><\/p>\n<p style=\"text-align: center;\"><a href=\"http:\/\/www.leparisien.fr\/emerainville-77184\/emerainville-jacques-huleux-eelv-se-lance-pour-les-municipales-17-03-2019-8033694.php\" target=\"_blank\" rel=\"noopener noreferrer\">Voir l&rsquo;article du Parisien<\/a><\/p>\n<p><img data-recalc-dims=\"1\" loading=\"lazy\" decoding=\"async\" class=\"alignnone size-full wp-image-2151 aligncenter\" src=\"https:\/\/i0.wp.com\/ensemblepouremerainville.fr\/wp-content\/uploads\/2019\/03\/2019-03-13_111855.jpg?resize=111%2C36&#038;ssl=1\" alt=\"\" width=\"111\" height=\"36\" \/><\/p>\n","protected":false},"excerpt":{"rendered":"<p>\u00ab On ne va pas laisser la place \u00e0 Kelyor, qui a d\u00e9j\u00e0 annonc\u00e9 qu\u2019il convoitait un cinqui\u00e8me mandat\u00a0\u00bb, annonce Jacques Huleux. Le conseiller d\u2019opposition (EELV) au maire Alain Kelyor (DVD) lance sa campagne pour les municipales 2020&#8230;. <\/p>\n<div class=\"read-more\"><a href=\"https:\/\/ensemblepouremerainville.fr\/?p=2311\">Lire la suite<\/a><\/div>\n","protected":false},"author":2,"featured_media":2312,"comment_status":"open","ping_status":"closed","sticky":false,"template":"","format":"standard","meta":{"footnotes":""},"categories":[35,295],"tags":[],"class_list":["post-2311","post","type-post","status-publish","format-standard","has-post-thumbnail","hentry","category-actualite","category-presse"],"_links":{"self":[{"href":"https:\/\/ensemblepouremerainville.fr\/index.php?rest_route=\/wp\/v2\/posts\/2311","targetHints":{"allow":["GET"]}}],"collection":[{"href":"https:\/\/ensemblepouremerainville.fr\/index.php?rest_route=\/wp\/v2\/posts"}],"about":[{"href":"https:\/\/ensemblepouremerainville.fr\/index.php?rest_route=\/wp\/v2\/types\/post"}],"author":[{"embeddable":true,"href":"https:\/\/ensemblepouremerainville.fr\/index.php?rest_route=\/wp\/v2\/users\/2"}],"replies":[{"embeddable":true,"href":"https:\/\/ensemblepouremerainville.fr\/index.php?rest_route=%2Fwp%2Fv2%2Fcomments&post=2311"}],"version-history":[{"count":2,"href":"https:\/\/ensemblepouremerainville.fr\/index.php?rest_route=\/wp\/v2\/posts\/2311\/revisions"}],"predecessor-version":[{"id":2314,"href":"https:\/\/ensemblepouremerainville.fr\/index.php?rest_route=\/wp\/v2\/posts\/2311\/revisions\/2314"}],"wp:featuredmedia":[{"embeddable":true,"href":"https:\/\/ensemblepouremerainville.fr\/index.php?rest_route=\/wp\/v2\/media\/2312"}],"wp:attachment":[{"href":"https:\/\/ensemblepouremerainville.fr\/index.php?rest_route=%2Fwp%2Fv2%2Fmedia&parent=2311"}],"wp:term":[{"taxonomy":"category","embeddable":true,"href":"https:\/\/ensemblepouremerainville.fr\/index.php?rest_route=%2Fwp%2Fv2%2Fcategories&post=2311"},{"taxonomy":"post_tag","embeddable":true,"href":"https:\/\/ensemblepouremerainville.fr\/index.php?rest_route=%2Fwp%2Fv2%2Ftags&post=2311"}],"curies":[{"name":"wp","href":"https:\/\/api.w.org\/{rel}","templated":true}]}}