{"id":2349,"date":"2019-06-02T21:01:40","date_gmt":"2019-06-02T21:01:40","guid":{"rendered":"http:\/\/ensemblepouremerainville.fr\/?p=2349"},"modified":"2019-06-02T21:01:40","modified_gmt":"2019-06-02T21:01:40","slug":"condamne-pour-diffamation","status":"publish","type":"post","link":"https:\/\/ensemblepouremerainville.fr\/?p=2349","title":{"rendered":"Condamn\u00e9 pour diffamation !"},"content":{"rendered":"<p>Pierre Parizia, maire adjoint en charge des finances et pr\u00e9sident de l&rsquo;ULEM \u00e0 \u00e9t\u00e9 condamn\u00e9 pour diffamation envers Jacques Huleux. <a href=\"https:\/\/ensemblepouremerainville.fr\/index.php\/2019\/03\/17\/lulem-et-ses-torchons-jaunes-devant-les-juges\/\" target=\"_blank\" rel=\"noopener noreferrer\">L&rsquo;audience avait lieue le 8 mars<\/a>, le d\u00e9lib\u00e9r\u00e9 report\u00e9 du 3 mai au 31 mai, vendredi dernier le verdict est tomb\u00e9.<\/p>\n<p>Cette condamnation de l&rsquo;ULEM intervient apr\u00e8s des ann\u00e9es d&rsquo;insultes et de diffamation de toutes les personnes qui ont os\u00e9 s&rsquo;opposer aux d\u00e9cisions du maire d&rsquo;Emerainville et de son \u00e9quipe.<\/p>\n<p>Les tracts jaunes, \u00ab\u00a0les torchons jaunes\u00a0\u00bb, ont \u00e9t\u00e9 pendant des ann\u00e9es le bras arm\u00e9e de la majorit\u00e9 municipale et n&rsquo;ont eu de cesse de calomnier syst\u00e9matiquement et nomm\u00e9ment. <a href=\"https:\/\/ensemblepouremerainville.fr\/index.php\/2019\/01\/27\/lulem-linsulte-et-la-calomnie-seul-mode-dexpression-depuis-plus-de-trente-ans\/\" target=\"_blank\" rel=\"noopener noreferrer\">Voir notre article sur le sujet.<\/a><\/p>\n<p>Peu de personnes ont eu le courage et la d\u00e9termination pour engager des poursuites \u00e0 l&rsquo;encontre de l&rsquo;ULEM. A travers cette condamnation, ce sont toutes les personnes qui ont \u00e9t\u00e9 mises en cause un jour ou l&rsquo;autre qui peuvent se sentir soulag\u00e9es : justice leur a \u00e9t\u00e9 rendue.<\/p>\n<p>Monsieur Kelyor ne pourra plus fanfaronner et expliquer que les tracts de l&rsquo;ULEM \u00e9taient \u00ab\u00a0de l&rsquo;humour, un peu comme le Canard Encha\u00een\u00e9\u00a0\u00bb&#8230; l&rsquo;ULEM a \u00e9t\u00e9 condamn\u00e9 pour diffamation !<\/p>\n<p style=\"text-align: center;\"><a href=\"http:\/\/www.leparisien.fr\/seine-et-marne-77\/emerainville-l-adjoint-au-maire-condamne-pour-diffamation-envers-un-opposant-02-06-2019-8084670.php\" target=\"_blank\" rel=\"noopener noreferrer\">Voir l&rsquo;article du Parisien<\/a><\/p>\n<p><img data-recalc-dims=\"1\" loading=\"lazy\" decoding=\"async\" class=\"alignnone size-full wp-image-2151 aligncenter\" src=\"https:\/\/i0.wp.com\/ensemblepouremerainville.fr\/wp-content\/uploads\/2019\/03\/2019-03-13_111855.jpg?resize=111%2C36&#038;ssl=1\" alt=\"\" width=\"111\" height=\"36\" \/><\/p>\n","protected":false},"excerpt":{"rendered":"<p>Pierre Parizia, maire adjoint en charge des finances et pr\u00e9sident de l&rsquo;ULEM \u00e0 \u00e9t\u00e9 condamn\u00e9 pour diffamation envers Jacques Huleux. L&rsquo;audience avait lieue le 8 mars, le d\u00e9lib\u00e9r\u00e9 report\u00e9 du 3 mai au 31 mai, vendredi dernier le verdict est tomb\u00e9. Cette condamnation de l&rsquo;ULEM intervient apr\u00e8s des ann\u00e9es d&rsquo;insultes et de diffamation de toutes&#8230; <\/p>\n<div class=\"read-more\"><a href=\"https:\/\/ensemblepouremerainville.fr\/?p=2349\">Lire la suite<\/a><\/div>\n","protected":false},"author":2,"featured_media":2350,"comment_status":"open","ping_status":"open","sticky":false,"template":"","format":"standard","meta":{"footnotes":""},"categories":[58],"tags":[],"class_list":["post-2349","post","type-post","status-publish","format-standard","has-post-thumbnail","hentry","category-emerainville"],"_links":{"self":[{"href":"https:\/\/ensemblepouremerainville.fr\/index.php?rest_route=\/wp\/v2\/posts\/2349","targetHints":{"allow":["GET"]}}],"collection":[{"href":"https:\/\/ensemblepouremerainville.fr\/index.php?rest_route=\/wp\/v2\/posts"}],"about":[{"href":"https:\/\/ensemblepouremerainville.fr\/index.php?rest_route=\/wp\/v2\/types\/post"}],"author":[{"embeddable":true,"href":"https:\/\/ensemblepouremerainville.fr\/index.php?rest_route=\/wp\/v2\/users\/2"}],"replies":[{"embeddable":true,"href":"https:\/\/ensemblepouremerainville.fr\/index.php?rest_route=%2Fwp%2Fv2%2Fcomments&post=2349"}],"version-history":[{"count":3,"href":"https:\/\/ensemblepouremerainville.fr\/index.php?rest_route=\/wp\/v2\/posts\/2349\/revisions"}],"predecessor-version":[{"id":2353,"href":"https:\/\/ensemblepouremerainville.fr\/index.php?rest_route=\/wp\/v2\/posts\/2349\/revisions\/2353"}],"wp:featuredmedia":[{"embeddable":true,"href":"https:\/\/ensemblepouremerainville.fr\/index.php?rest_route=\/wp\/v2\/media\/2350"}],"wp:attachment":[{"href":"https:\/\/ensemblepouremerainville.fr\/index.php?rest_route=%2Fwp%2Fv2%2Fmedia&parent=2349"}],"wp:term":[{"taxonomy":"category","embeddable":true,"href":"https:\/\/ensemblepouremerainville.fr\/index.php?rest_route=%2Fwp%2Fv2%2Fcategories&post=2349"},{"taxonomy":"post_tag","embeddable":true,"href":"https:\/\/ensemblepouremerainville.fr\/index.php?rest_route=%2Fwp%2Fv2%2Ftags&post=2349"}],"curies":[{"name":"wp","href":"https:\/\/api.w.org\/{rel}","templated":true}]}}