{"id":2355,"date":"2019-06-12T17:02:07","date_gmt":"2019-06-12T17:02:07","guid":{"rendered":"http:\/\/ensemblepouremerainville.fr\/?p=2355"},"modified":"2019-06-12T17:02:07","modified_gmt":"2019-06-12T17:02:07","slug":"a-qui-est-destine-cet-opni-objet-de-propagande-non-identifie","status":"publish","type":"post","link":"https:\/\/ensemblepouremerainville.fr\/?p=2355","title":{"rendered":"A qui est destin\u00e9 cet OPNI (Objet de Propagande Non Identifi\u00e9) ?"},"content":{"rendered":"<p>Durant la semaine pass\u00e9e nous avons re\u00e7u un OPNI dans nos bo\u00eetes aux lettres \u00e0 Emerainville. Un document intitul\u00e9 \u00a0\u00bb Promesses tenues !\u00a0\u00bb et qui pose bien plus de questions qu&rsquo;il n&rsquo;apporte de r\u00e9ponses au quotidien des Emerainvilloises et Emerainvillois.<\/p>\n<h2>Qui a bien pu r\u00e9diger ce document ?<\/h2>\n<p>Objet de Propagande Non Identifi\u00e9 car nous ne savons pas qui est \u00e0 l&rsquo;origine de ce document. Est-ce l&rsquo;ULEM (l&rsquo;association de la majorit\u00e9 municipale) qui vient d&rsquo;\u00eatre condamn\u00e9 pour diffamation ? Est-ce \u00ab\u00a0Emerainville au coeur\u00a0\u00bb (le groupe majoritaire au conseil municipal) dont le Pr\u00e9sident ne signe m\u00eame plus les tribunes dans le \u00ab\u00a0Lien emerainvillois\u00a0\u00bb ? Est-ce une communication de la ville d&rsquo;Emerainville ? Personne ne peut r\u00e9pondre \u00e0 la question : aucun logo, aucun signe distinctif&#8230; Il y a bien un mot d&rsquo;Alain Kelyor, maire d&rsquo;Emerainville et directeur de publication. A part \u00e7a, aucune pr\u00e9cision ; qui est ce \u00ab\u00a0nous\u00a0\u00bb qui aurait tenu ses promesses ?<\/p>\n<h2>A qui est destin\u00e9 ce document ?<\/h2>\n<p>Nous nous posons \u00e9galement la question de savoir \u00e0 qui est destin\u00e9 ce document. Ou plut\u00f4t pour qui les r\u00e9dacteurs prennent les Emerainvilloises et les Emerainvilloise, nous avons trouv\u00e9 quelques pistes, au choix :<\/p>\n<ul style=\"list-style-type: square;\">\n<li>des enfants, tellement l&rsquo;ensemble du document est \u00e9crit en tr\u00e8s gros caract\u00e8res avec des chiffres \u00e9crits en caract\u00e8res gigantesques<\/li>\n<li>un rassemblement d&rsquo;experts en comptabilit\u00e9 avec cet amoncellement de chiffres sans coh\u00e9rence et surtout sans aucune humanit\u00e9, sans lien avec le quotidien des Emerainvillois<\/li>\n<li>aux r\u00e9dacteurs du document qui, dans une sorte de m\u00e9thode Cou\u00e9, semblent vouloir se rassurer sur leur pr\u00e9sence \u00e0 Emerainville et cherchent \u00e0 trouver un sens, a posteriori, \u00e0 leurs actions.<\/li>\n<li>autre&#8230;<\/li>\n<\/ul>\n<p><img data-recalc-dims=\"1\" loading=\"lazy\" decoding=\"async\" class=\"alignnone size-medium wp-image-2360 aligncenter\" src=\"https:\/\/i0.wp.com\/ensemblepouremerainville.fr\/wp-content\/uploads\/2019\/06\/chiffres.jpg?resize=300%2C231&#038;ssl=1\" alt=\"\" width=\"300\" height=\"231\" srcset=\"https:\/\/i0.wp.com\/ensemblepouremerainville.fr\/wp-content\/uploads\/2019\/06\/chiffres.jpg?resize=300%2C231&amp;ssl=1 300w, https:\/\/i0.wp.com\/ensemblepouremerainville.fr\/wp-content\/uploads\/2019\/06\/chiffres.jpg?resize=71%2C55&amp;ssl=1 71w, https:\/\/i0.wp.com\/ensemblepouremerainville.fr\/wp-content\/uploads\/2019\/06\/chiffres.jpg?w=560&amp;ssl=1 560w\" sizes=\"auto, (max-width: 300px) 100vw, 300px\" \/><\/p>\n<h2>Document pay\u00e9 par nos imp\u00f4ts ?<\/h2>\n<p>Ce riche fascicule de 16 pages sur papier glac\u00e9, apr\u00e8s une autre parution r\u00e9cente sur le budget d&rsquo;Emerainville toute aussi riche, est-il pay\u00e9 par nos imp\u00f4ts? Alain Kelyor est en campagne pour un cinqui\u00e8me mandat, oui un cinqui\u00e8me, et nous finan\u00e7ons sa communication ?<\/p>\n<h2>Un inventaire \u00e0 la Pr\u00e9vert, ne manquent que les ratons laveurs&#8230;<\/h2>\n<p>Le titre du document est trompeur, \u00ab\u00a0Promesses tenues\u00a0\u00bb, il est trompeur car il ne s&rsquo;agit que d&rsquo;une sorte de rapport d&rsquo;activit\u00e9 de la commune et aucunement de r\u00e9alisations de promesses de campagne :<\/p>\n<ul>\n<li>dans \u00ab\u00a0r\u00e9ussite \u00e9ducative\u00a0\u00bb, \u00e0 quelles promesses r\u00e9pondent les 888 \u00e9coliers inscrits, les 718 enfants fr\u00e9quentant les restaurants scolaires ?<\/li>\n<li>dans \u00ab\u00a0solidarit\u00e9 communale\u00a0\u00bb, \u00e0 quelles promesses r\u00e9pondent les 9000 repas distribu\u00e9s par les b\u00e9n\u00e9voles ?<\/li>\n<li>dans \u00ab\u00a0environnement\u00a0\u00bb, \u00e0 quelles promesses r\u00e9pondent les 130 places de parking ? Et il faut avoir une pi\u00e8tre id\u00e9e de l&rsquo;environnement pour le confondre avec l&rsquo;urbanisme et mettre dans la cat\u00e9gorie \u00ab\u00a0environnement\u00a0\u00bb la cr\u00e9ation de places de parking et la mise en place d&rsquo;une zone bleue.<\/li>\n<li>avec des exemples \u00e0 la pelle pour chaque page&#8230;<\/li>\n<\/ul>\n<p><img data-recalc-dims=\"1\" loading=\"lazy\" decoding=\"async\" class=\"alignnone size-medium wp-image-2358 aligncenter\" src=\"https:\/\/i0.wp.com\/ensemblepouremerainville.fr\/wp-content\/uploads\/2019\/06\/envir.jpg?resize=300%2C121&#038;ssl=1\" alt=\"\" width=\"300\" height=\"121\" srcset=\"https:\/\/i0.wp.com\/ensemblepouremerainville.fr\/wp-content\/uploads\/2019\/06\/envir.jpg?resize=300%2C121&amp;ssl=1 300w, https:\/\/i0.wp.com\/ensemblepouremerainville.fr\/wp-content\/uploads\/2019\/06\/envir.jpg?resize=600%2C241&amp;ssl=1 600w, https:\/\/i0.wp.com\/ensemblepouremerainville.fr\/wp-content\/uploads\/2019\/06\/envir.jpg?resize=137%2C55&amp;ssl=1 137w, https:\/\/i0.wp.com\/ensemblepouremerainville.fr\/wp-content\/uploads\/2019\/06\/envir.jpg?resize=800%2C323&amp;ssl=1 800w, https:\/\/i0.wp.com\/ensemblepouremerainville.fr\/wp-content\/uploads\/2019\/06\/envir.jpg?w=804&amp;ssl=1 804w\" sizes=\"auto, (max-width: 300px) 100vw, 300px\" \/><\/p>\n<p>On voit bien qu&rsquo;il ne s&rsquo;agit que d&rsquo;un exercice d&rsquo;autosatisfaction \u00e9loign\u00e9 de la r\u00e9alit\u00e9 du quotidien des Emerainvilloises et des Emerainvillois. Des chiffres pos\u00e9s sans \u00e2me, sans conviction, comme pour se rassurer et tenter de r\u00e9clamer un cinqui\u00e8me mandat. Mais pour en faire quoi ?<\/p>\n<p>Ce document semble un testament de fin de r\u00e8gne, une sorte de passage de t\u00e9moin \u00e0 une nouvelle \u00e9quipe, avec des tentatives de r\u00e9cup\u00e9ration d&rsquo;actions qui ne sont pas du fait de la municipalit\u00e9 voire de morceaux de programmes qui avaient \u00e9t\u00e9 moqu\u00e9s lors de la derni\u00e8re campagne municipale comme la navette \u00e9lectrique.<\/p>\n<p>On voit bien qu&rsquo;ils n&rsquo;y croient plus beaucoup, ni dans leurs actions ni dans la r\u00e9alit\u00e9 d&rsquo;un cinqui\u00e8me mandat, m\u00eame la photo choisi pour la couverture est symptomatique : une photo prise au cr\u00e9puscule qui ressemble plus \u00e0 une veill\u00e9e fun\u00e8bre qu&rsquo;\u00e0 des promesses d&rsquo;avenir.<\/p>\n<p><img data-recalc-dims=\"1\" loading=\"lazy\" decoding=\"async\" class=\"alignnone size-medium wp-image-2357 aligncenter\" src=\"https:\/\/i0.wp.com\/ensemblepouremerainville.fr\/wp-content\/uploads\/2019\/06\/OPNI-1.jpg?resize=216%2C300&#038;ssl=1\" alt=\"\" width=\"216\" height=\"300\" srcset=\"https:\/\/i0.wp.com\/ensemblepouremerainville.fr\/wp-content\/uploads\/2019\/06\/OPNI-1.jpg?resize=216%2C300&amp;ssl=1 216w, https:\/\/i0.wp.com\/ensemblepouremerainville.fr\/wp-content\/uploads\/2019\/06\/OPNI-1.jpg?resize=600%2C834&amp;ssl=1 600w, https:\/\/i0.wp.com\/ensemblepouremerainville.fr\/wp-content\/uploads\/2019\/06\/OPNI-1.jpg?resize=40%2C55&amp;ssl=1 40w, https:\/\/i0.wp.com\/ensemblepouremerainville.fr\/wp-content\/uploads\/2019\/06\/OPNI-1.jpg?w=625&amp;ssl=1 625w\" sizes=\"auto, (max-width: 216px) 100vw, 216px\" \/><\/p>\n<p>&nbsp;<\/p>\n<p>&nbsp;<\/p>\n<p>&nbsp;<\/p>\n<p>&nbsp;<\/p>\n","protected":false},"excerpt":{"rendered":"<p>Durant la semaine pass\u00e9e nous avons re\u00e7u un OPNI dans nos bo\u00eetes aux lettres \u00e0 Emerainville. Un document intitul\u00e9 \u00a0\u00bb Promesses tenues !\u00a0\u00bb et qui pose bien plus de questions qu&rsquo;il n&rsquo;apporte de r\u00e9ponses au quotidien des Emerainvilloises et Emerainvillois. Qui a bien pu r\u00e9diger ce document ? Objet de Propagande Non Identifi\u00e9 car nous&#8230; <\/p>\n<div class=\"read-more\"><a href=\"https:\/\/ensemblepouremerainville.fr\/?p=2355\">Lire la suite<\/a><\/div>\n","protected":false},"author":2,"featured_media":2357,"comment_status":"open","ping_status":"closed","sticky":false,"template":"","format":"standard","meta":{"footnotes":""},"categories":[58],"tags":[297],"class_list":["post-2355","post","type-post","status-publish","format-standard","has-post-thumbnail","hentry","category-emerainville","tag-emerainville-kelyor-maire"],"_links":{"self":[{"href":"https:\/\/ensemblepouremerainville.fr\/index.php?rest_route=\/wp\/v2\/posts\/2355","targetHints":{"allow":["GET"]}}],"collection":[{"href":"https:\/\/ensemblepouremerainville.fr\/index.php?rest_route=\/wp\/v2\/posts"}],"about":[{"href":"https:\/\/ensemblepouremerainville.fr\/index.php?rest_route=\/wp\/v2\/types\/post"}],"author":[{"embeddable":true,"href":"https:\/\/ensemblepouremerainville.fr\/index.php?rest_route=\/wp\/v2\/users\/2"}],"replies":[{"embeddable":true,"href":"https:\/\/ensemblepouremerainville.fr\/index.php?rest_route=%2Fwp%2Fv2%2Fcomments&post=2355"}],"version-history":[{"count":5,"href":"https:\/\/ensemblepouremerainville.fr\/index.php?rest_route=\/wp\/v2\/posts\/2355\/revisions"}],"predecessor-version":[{"id":2365,"href":"https:\/\/ensemblepouremerainville.fr\/index.php?rest_route=\/wp\/v2\/posts\/2355\/revisions\/2365"}],"wp:featuredmedia":[{"embeddable":true,"href":"https:\/\/ensemblepouremerainville.fr\/index.php?rest_route=\/wp\/v2\/media\/2357"}],"wp:attachment":[{"href":"https:\/\/ensemblepouremerainville.fr\/index.php?rest_route=%2Fwp%2Fv2%2Fmedia&parent=2355"}],"wp:term":[{"taxonomy":"category","embeddable":true,"href":"https:\/\/ensemblepouremerainville.fr\/index.php?rest_route=%2Fwp%2Fv2%2Fcategories&post=2355"},{"taxonomy":"post_tag","embeddable":true,"href":"https:\/\/ensemblepouremerainville.fr\/index.php?rest_route=%2Fwp%2Fv2%2Ftags&post=2355"}],"curies":[{"name":"wp","href":"https:\/\/api.w.org\/{rel}","templated":true}]}}