{"id":2368,"date":"2019-06-14T18:19:09","date_gmt":"2019-06-14T18:19:09","guid":{"rendered":"http:\/\/ensemblepouremerainville.fr\/?p=2368"},"modified":"2019-06-14T18:19:09","modified_gmt":"2019-06-14T18:19:09","slug":"emerainville-nest-pas-encore-grenoble","status":"publish","type":"post","link":"https:\/\/ensemblepouremerainville.fr\/?p=2368","title":{"rendered":"Emerainville n&rsquo;est pas (encore) Grenoble"},"content":{"rendered":"<p>Etonnant comme les publications municipales, et autres OPNI (<a href=\"https:\/\/ensemblepouremerainville.fr\/index.php\/2019\/06\/12\/a-qui-est-destine-cet-opni-objet-de-propagande-non-identifie\/\" target=\"_blank\" rel=\"noopener noreferrer\">cf. article pr\u00e9c\u00e9dent<\/a>), servent moins \u00e0 parler de l&rsquo;actualit\u00e9 des Emerainvilloises et des Emerainvillois qu&rsquo;\u00e0 parler de politique politicienne.<\/p>\n<p>Dernier exemple : \u00ab\u00a0Le Lien \u00e9merainvillois n 123\u00a0\u00bb, dans la tribune d&rsquo;Emerainville au coeur non sign\u00e9 donc attribu\u00e9 \u00e0 M. Kelyor, on peut y lire toute une diatribe sur le maire de Grenoble (EELV) qui a os\u00e9 sign\u00e9 un arr\u00eat\u00e9 anti expulsion sur sa commune. S&rsquo;en suit une logorrh\u00e9e sur la conformit\u00e9 des arr\u00eat\u00e9s avec la loi et une d\u00e9fense de l&rsquo;\u00e9conomie lib\u00e9rale et des gentils investisseurs dans l&rsquo;immobilier.<\/p>\n<p>Rien sur les drames que peuvent rencontrer certaines familles qui du jour au lendemain peuvent se retrouver \u00e0 la rue. En revanche la douleur que peuvent ressentir les investisseurs qui vont d\u00e9laisser ce secteur pour placer leur argent ailleurs est palpable, cela sent le v\u00e9cu.<\/p>\n<p>L&rsquo;article se termine par une question : \u00ab\u00a0<em>Que fera M. Huleux (EELV) s&rsquo;il devenait le maire d&rsquo;Emerainville ?<\/em>\u00a0\u00bb<\/p>\n<p>Emerainville n&rsquo;est pas Grenoble et les difficult\u00e9s de logement dans la 16\u00e8me ville de France ne sont pas les m\u00eames que dans une petite ville comme la n\u00f4tre. Quand M. Huleux sera maire d&rsquo;Emerainville, il traitera humainement les probl\u00e8mes d&rsquo;expulsions sans en faire un foin id\u00e9ologique. Il y a bien quelques logements appartenant \u00e0 la ville qui se seront lib\u00e9r\u00e9s apr\u00e8s les \u00e9lections.<\/p>\n","protected":false},"excerpt":{"rendered":"<p>Etonnant comme les publications municipales, et autres OPNI (cf. article pr\u00e9c\u00e9dent), servent moins \u00e0 parler de l&rsquo;actualit\u00e9 des Emerainvilloises et des Emerainvillois qu&rsquo;\u00e0 parler de politique politicienne. Dernier exemple : \u00ab\u00a0Le Lien \u00e9merainvillois n 123\u00a0\u00bb, dans la tribune d&rsquo;Emerainville au coeur non sign\u00e9 donc attribu\u00e9 \u00e0 M. Kelyor, on peut y lire toute une diatribe&#8230; <\/p>\n<div class=\"read-more\"><a href=\"https:\/\/ensemblepouremerainville.fr\/?p=2368\">Lire la suite<\/a><\/div>\n","protected":false},"author":2,"featured_media":0,"comment_status":"open","ping_status":"open","sticky":false,"template":"","format":"standard","meta":{"footnotes":""},"categories":[252],"tags":[],"class_list":["post-2368","post","type-post","status-publish","format-standard","hentry","category-vrai-faux"],"_links":{"self":[{"href":"https:\/\/ensemblepouremerainville.fr\/index.php?rest_route=\/wp\/v2\/posts\/2368","targetHints":{"allow":["GET"]}}],"collection":[{"href":"https:\/\/ensemblepouremerainville.fr\/index.php?rest_route=\/wp\/v2\/posts"}],"about":[{"href":"https:\/\/ensemblepouremerainville.fr\/index.php?rest_route=\/wp\/v2\/types\/post"}],"author":[{"embeddable":true,"href":"https:\/\/ensemblepouremerainville.fr\/index.php?rest_route=\/wp\/v2\/users\/2"}],"replies":[{"embeddable":true,"href":"https:\/\/ensemblepouremerainville.fr\/index.php?rest_route=%2Fwp%2Fv2%2Fcomments&post=2368"}],"version-history":[{"count":3,"href":"https:\/\/ensemblepouremerainville.fr\/index.php?rest_route=\/wp\/v2\/posts\/2368\/revisions"}],"predecessor-version":[{"id":2372,"href":"https:\/\/ensemblepouremerainville.fr\/index.php?rest_route=\/wp\/v2\/posts\/2368\/revisions\/2372"}],"wp:attachment":[{"href":"https:\/\/ensemblepouremerainville.fr\/index.php?rest_route=%2Fwp%2Fv2%2Fmedia&parent=2368"}],"wp:term":[{"taxonomy":"category","embeddable":true,"href":"https:\/\/ensemblepouremerainville.fr\/index.php?rest_route=%2Fwp%2Fv2%2Fcategories&post=2368"},{"taxonomy":"post_tag","embeddable":true,"href":"https:\/\/ensemblepouremerainville.fr\/index.php?rest_route=%2Fwp%2Fv2%2Ftags&post=2368"}],"curies":[{"name":"wp","href":"https:\/\/api.w.org\/{rel}","templated":true}]}}