{"id":2385,"date":"2019-07-05T16:33:14","date_gmt":"2019-07-05T16:33:14","guid":{"rendered":"http:\/\/ensemblepouremerainville.fr\/?p=2385"},"modified":"2019-07-12T18:10:24","modified_gmt":"2019-07-12T18:10:24","slug":"mensonges-et-cour-de-recre-emerainville-au-coeur","status":"publish","type":"post","link":"https:\/\/ensemblepouremerainville.fr\/?p=2385","title":{"rendered":"Mensonges et cour de r\u00e9cr\u00e9 : Emerainville au Coeur"},"content":{"rendered":"<p>Le groupe de la majorit\u00e9 municipale \u00ab\u00a0Emerainville Au Coeur\u00a0\u00bb, a souhait\u00e9 r\u00e9agir \u00e0 notre tract o\u00f9 nous posions la question de savoir si le maire \u00e9tait pr\u00e9sent pour d\u00e9fendre les int\u00e9r\u00eats de sa commune.<\/p>\n<p>Une r\u00e9ponse digne des cours de r\u00e9cr\u00e9ation avec une copie de notre visuel et des r\u00e9ponses souvent \u00e0 c\u00f4t\u00e9 de la plaque : \u00ab\u00a0<em>Alain Kelyor devait (&#8230;) faire en sorte que les diff\u00e9rentes interventions administratives de l&rsquo;opposition puissent ralentir le moins possible les n\u00e9gociations en cours.<\/em>\u00a0\u00bb Avouant ainsi qu&rsquo;il sabotait les initiatives des riverains et qu&rsquo;il y avait des n\u00e9gociations en cours. Quelles n\u00e9gociations et pour quels r\u00e9sultats ?<\/p>\n<p>Le tout agr\u00e9ment\u00e9 de mensonges grossiers pour tenter une nouvelle fois de nous d\u00e9cr\u00e9dibiliser, un exemple :<\/p>\n<ul>\n<li>Dans son tract Emerainville au Coeur nous explique que le\u00a0 maire n&rsquo;a pas servi d&rsquo;interm\u00e9diaire dans le dossier de la montagne de d\u00e9chets<\/li>\n<\/ul>\n<p><img data-recalc-dims=\"1\" loading=\"lazy\" decoding=\"async\" class=\"alignnone size-full wp-image-2388\" src=\"https:\/\/i0.wp.com\/ensemblepouremerainville.fr\/wp-content\/uploads\/2019\/07\/2019-07-05_180314.jpg?resize=590%2C284&#038;ssl=1\" alt=\"\" width=\"590\" height=\"284\" srcset=\"https:\/\/i0.wp.com\/ensemblepouremerainville.fr\/wp-content\/uploads\/2019\/07\/2019-07-05_180314.jpg?w=824&amp;ssl=1 824w, https:\/\/i0.wp.com\/ensemblepouremerainville.fr\/wp-content\/uploads\/2019\/07\/2019-07-05_180314.jpg?resize=300%2C144&amp;ssl=1 300w, https:\/\/i0.wp.com\/ensemblepouremerainville.fr\/wp-content\/uploads\/2019\/07\/2019-07-05_180314.jpg?resize=600%2C288&amp;ssl=1 600w, https:\/\/i0.wp.com\/ensemblepouremerainville.fr\/wp-content\/uploads\/2019\/07\/2019-07-05_180314.jpg?resize=114%2C55&amp;ssl=1 114w\" sizes=\"auto, (max-width: 590px) 100vw, 590px\" \/><\/p>\n<ul>\n<li>Alors que Mr Kelyor d\u00e9clarait le contraire au Parisien le 15 avril 2015<\/li>\n<\/ul>\n<p><img data-recalc-dims=\"1\" loading=\"lazy\" decoding=\"async\" class=\"alignnone size-full wp-image-2390\" src=\"https:\/\/i0.wp.com\/ensemblepouremerainville.fr\/wp-content\/uploads\/2019\/07\/2019-07-05_181630.jpg?resize=590%2C521&#038;ssl=1\" alt=\"\" width=\"590\" height=\"521\" srcset=\"https:\/\/i0.wp.com\/ensemblepouremerainville.fr\/wp-content\/uploads\/2019\/07\/2019-07-05_181630.jpg?w=697&amp;ssl=1 697w, https:\/\/i0.wp.com\/ensemblepouremerainville.fr\/wp-content\/uploads\/2019\/07\/2019-07-05_181630.jpg?resize=300%2C265&amp;ssl=1 300w, https:\/\/i0.wp.com\/ensemblepouremerainville.fr\/wp-content\/uploads\/2019\/07\/2019-07-05_181630.jpg?resize=600%2C530&amp;ssl=1 600w, https:\/\/i0.wp.com\/ensemblepouremerainville.fr\/wp-content\/uploads\/2019\/07\/2019-07-05_181630.jpg?resize=62%2C55&amp;ssl=1 62w\" sizes=\"auto, (max-width: 590px) 100vw, 590px\" \/><\/p>\n<p>Qui croire ?<\/p>\n","protected":false},"excerpt":{"rendered":"<p>Le groupe de la majorit\u00e9 municipale \u00ab\u00a0Emerainville Au Coeur\u00a0\u00bb, a souhait\u00e9 r\u00e9agir \u00e0 notre tract o\u00f9 nous posions la question de savoir si le maire \u00e9tait pr\u00e9sent pour d\u00e9fendre les int\u00e9r\u00eats de sa commune. Une r\u00e9ponse digne des cours de r\u00e9cr\u00e9ation avec une copie de notre visuel et des r\u00e9ponses souvent \u00e0 c\u00f4t\u00e9 de la&#8230; <\/p>\n<div class=\"read-more\"><a href=\"https:\/\/ensemblepouremerainville.fr\/?p=2385\">Lire la suite<\/a><\/div>\n","protected":false},"author":2,"featured_media":2389,"comment_status":"open","ping_status":"open","sticky":false,"template":"","format":"standard","meta":{"footnotes":""},"categories":[252],"tags":[],"class_list":["post-2385","post","type-post","status-publish","format-standard","has-post-thumbnail","hentry","category-vrai-faux"],"_links":{"self":[{"href":"https:\/\/ensemblepouremerainville.fr\/index.php?rest_route=\/wp\/v2\/posts\/2385","targetHints":{"allow":["GET"]}}],"collection":[{"href":"https:\/\/ensemblepouremerainville.fr\/index.php?rest_route=\/wp\/v2\/posts"}],"about":[{"href":"https:\/\/ensemblepouremerainville.fr\/index.php?rest_route=\/wp\/v2\/types\/post"}],"author":[{"embeddable":true,"href":"https:\/\/ensemblepouremerainville.fr\/index.php?rest_route=\/wp\/v2\/users\/2"}],"replies":[{"embeddable":true,"href":"https:\/\/ensemblepouremerainville.fr\/index.php?rest_route=%2Fwp%2Fv2%2Fcomments&post=2385"}],"version-history":[{"count":4,"href":"https:\/\/ensemblepouremerainville.fr\/index.php?rest_route=\/wp\/v2\/posts\/2385\/revisions"}],"predecessor-version":[{"id":2394,"href":"https:\/\/ensemblepouremerainville.fr\/index.php?rest_route=\/wp\/v2\/posts\/2385\/revisions\/2394"}],"wp:featuredmedia":[{"embeddable":true,"href":"https:\/\/ensemblepouremerainville.fr\/index.php?rest_route=\/wp\/v2\/media\/2389"}],"wp:attachment":[{"href":"https:\/\/ensemblepouremerainville.fr\/index.php?rest_route=%2Fwp%2Fv2%2Fmedia&parent=2385"}],"wp:term":[{"taxonomy":"category","embeddable":true,"href":"https:\/\/ensemblepouremerainville.fr\/index.php?rest_route=%2Fwp%2Fv2%2Fcategories&post=2385"},{"taxonomy":"post_tag","embeddable":true,"href":"https:\/\/ensemblepouremerainville.fr\/index.php?rest_route=%2Fwp%2Fv2%2Ftags&post=2385"}],"curies":[{"name":"wp","href":"https:\/\/api.w.org\/{rel}","templated":true}]}}