{"id":2436,"date":"2019-10-29T17:15:54","date_gmt":"2019-10-29T17:15:54","guid":{"rendered":"http:\/\/ensemblepouremerainville.fr\/?p=2436"},"modified":"2019-10-29T17:15:54","modified_gmt":"2019-10-29T17:15:54","slug":"emerainville-soiree-de-tension-avec-la-police-aux-montagnes-bleues","status":"publish","type":"post","link":"https:\/\/ensemblepouremerainville.fr\/?p=2436","title":{"rendered":"Emerainville : soir\u00e9e de tension avec la police aux Montagnes-Bleues"},"content":{"rendered":"<p><img data-recalc-dims=\"1\" loading=\"lazy\" decoding=\"async\" class=\"alignnone size-medium wp-image-2437 aligncenter\" src=\"https:\/\/i0.wp.com\/ensemblepouremerainville.fr\/wp-content\/uploads\/2019\/10\/2019-10-29_181448.jpg?resize=300%2C198&#038;ssl=1\" alt=\"\" width=\"300\" height=\"198\" srcset=\"https:\/\/i0.wp.com\/ensemblepouremerainville.fr\/wp-content\/uploads\/2019\/10\/2019-10-29_181448.jpg?resize=300%2C198&amp;ssl=1 300w, https:\/\/i0.wp.com\/ensemblepouremerainville.fr\/wp-content\/uploads\/2019\/10\/2019-10-29_181448.jpg?resize=600%2C396&amp;ssl=1 600w, https:\/\/i0.wp.com\/ensemblepouremerainville.fr\/wp-content\/uploads\/2019\/10\/2019-10-29_181448.jpg?resize=83%2C55&amp;ssl=1 83w, https:\/\/i0.wp.com\/ensemblepouremerainville.fr\/wp-content\/uploads\/2019\/10\/2019-10-29_181448.jpg?resize=75%2C50&amp;ssl=1 75w, https:\/\/i0.wp.com\/ensemblepouremerainville.fr\/wp-content\/uploads\/2019\/10\/2019-10-29_181448.jpg?w=845&amp;ssl=1 845w\" sizes=\"auto, (max-width: 300px) 100vw, 300px\" \/><\/p>\n<p>Lundi soir, les policiers ont subi des tirs de mortier. Ils ont r\u00e9pliqu\u00e9 avec leurs lanceurs de balles de d\u00e9fense et du gaz lacrymog\u00e8ne&#8230;<\/p>\n<p style=\"text-align: center;\"><a href=\"http:\/\/www.leparisien.fr\/seine-et-marne-77\/emerainville-soiree-de-tension-avec-la-police-aux-montagnes-bleues-22-10-2019-8177952.php\" target=\"_blank\" rel=\"noopener noreferrer\">Lire l&rsquo;article sur le site du Parisien<\/a><\/p>\n<p><img data-recalc-dims=\"1\" loading=\"lazy\" decoding=\"async\" class=\"alignnone size-full wp-image-2151 aligncenter\" src=\"https:\/\/i0.wp.com\/ensemblepouremerainville.fr\/wp-content\/uploads\/2019\/03\/2019-03-13_111855.jpg?resize=111%2C36&#038;ssl=1\" alt=\"\" width=\"111\" height=\"36\" \/><\/p>\n","protected":false},"excerpt":{"rendered":"<p>Lundi soir, les policiers ont subi des tirs de mortier. Ils ont r\u00e9pliqu\u00e9 avec leurs lanceurs de balles de d\u00e9fense et du gaz lacrymog\u00e8ne&#8230; Lire l&rsquo;article sur le site du Parisien<\/p>\n","protected":false},"author":2,"featured_media":2437,"comment_status":"open","ping_status":"open","sticky":false,"template":"","format":"standard","meta":{"footnotes":""},"categories":[295],"tags":[],"class_list":["post-2436","post","type-post","status-publish","format-standard","has-post-thumbnail","hentry","category-presse"],"_links":{"self":[{"href":"https:\/\/ensemblepouremerainville.fr\/index.php?rest_route=\/wp\/v2\/posts\/2436","targetHints":{"allow":["GET"]}}],"collection":[{"href":"https:\/\/ensemblepouremerainville.fr\/index.php?rest_route=\/wp\/v2\/posts"}],"about":[{"href":"https:\/\/ensemblepouremerainville.fr\/index.php?rest_route=\/wp\/v2\/types\/post"}],"author":[{"embeddable":true,"href":"https:\/\/ensemblepouremerainville.fr\/index.php?rest_route=\/wp\/v2\/users\/2"}],"replies":[{"embeddable":true,"href":"https:\/\/ensemblepouremerainville.fr\/index.php?rest_route=%2Fwp%2Fv2%2Fcomments&post=2436"}],"version-history":[{"count":1,"href":"https:\/\/ensemblepouremerainville.fr\/index.php?rest_route=\/wp\/v2\/posts\/2436\/revisions"}],"predecessor-version":[{"id":2438,"href":"https:\/\/ensemblepouremerainville.fr\/index.php?rest_route=\/wp\/v2\/posts\/2436\/revisions\/2438"}],"wp:featuredmedia":[{"embeddable":true,"href":"https:\/\/ensemblepouremerainville.fr\/index.php?rest_route=\/wp\/v2\/media\/2437"}],"wp:attachment":[{"href":"https:\/\/ensemblepouremerainville.fr\/index.php?rest_route=%2Fwp%2Fv2%2Fmedia&parent=2436"}],"wp:term":[{"taxonomy":"category","embeddable":true,"href":"https:\/\/ensemblepouremerainville.fr\/index.php?rest_route=%2Fwp%2Fv2%2Fcategories&post=2436"},{"taxonomy":"post_tag","embeddable":true,"href":"https:\/\/ensemblepouremerainville.fr\/index.php?rest_route=%2Fwp%2Fv2%2Ftags&post=2436"}],"curies":[{"name":"wp","href":"https:\/\/api.w.org\/{rel}","templated":true}]}}