{"id":2575,"date":"2020-02-19T21:11:30","date_gmt":"2020-02-19T21:11:30","guid":{"rendered":"http:\/\/ensemblepouremerainville.fr\/?p=2575"},"modified":"2020-02-19T21:11:30","modified_gmt":"2020-02-19T21:11:30","slug":"la-justice-manque-de-moyens-a-cause-des-politiques-liberales-qui-en-profite-les-liberaux","status":"publish","type":"post","link":"https:\/\/ensemblepouremerainville.fr\/?p=2575","title":{"rendered":"La justice manque de moyens \u00e0 cause des politiques lib\u00e9rales. Qui en profite ? Les lib\u00e9raux !"},"content":{"rendered":"<p><img data-recalc-dims=\"1\" loading=\"lazy\" decoding=\"async\" class=\"alignnone size-full wp-image-2576\" src=\"https:\/\/i0.wp.com\/ensemblepouremerainville.fr\/wp-content\/uploads\/2020\/02\/2020-02-19_214641.jpg?resize=590%2C486&#038;ssl=1\" alt=\"\" width=\"590\" height=\"486\" srcset=\"https:\/\/i0.wp.com\/ensemblepouremerainville.fr\/wp-content\/uploads\/2020\/02\/2020-02-19_214641.jpg?w=872&amp;ssl=1 872w, https:\/\/i0.wp.com\/ensemblepouremerainville.fr\/wp-content\/uploads\/2020\/02\/2020-02-19_214641.jpg?resize=300%2C247&amp;ssl=1 300w, https:\/\/i0.wp.com\/ensemblepouremerainville.fr\/wp-content\/uploads\/2020\/02\/2020-02-19_214641.jpg?resize=600%2C495&amp;ssl=1 600w, https:\/\/i0.wp.com\/ensemblepouremerainville.fr\/wp-content\/uploads\/2020\/02\/2020-02-19_214641.jpg?resize=67%2C55&amp;ssl=1 67w\" sizes=\"auto, (max-width: 590px) 100vw, 590px\" \/><\/p>\n<p>Les tribunaux sont d\u00e9bord\u00e9s, la justice fran\u00e7aise n&rsquo;a plus les moyens de traiter sereinement les dossiers. Vous voulez \u00e9vitez une condamnation ? Faites tra\u00eener les choses, allez en appel, il y a de fortes chances que vous d\u00e9nichiez un vice de forme ou un vice de proc\u00e9dure&#8230;<\/p>\n<p>Vous pourrez ensuite fanfaronner en parlant \u00ab\u00a0d&rsquo;annulation de condamnation\u00a0\u00bb&#8230;<\/p>\n<p>Le Pr\u00e9sident de l&rsquo;ULEM (Union des Lib\u00e9raux d&rsquo;Emerainville Malnoue) a \u00e9t\u00e9 condamn\u00e9 en premi\u00e8re instance pour avoir insinu\u00e9 que Monsieur Huleux \u00e9tait un mauvais gestionnaire et avait mis des associations en faillite. Ce qui \u00e9tait faux et a \u00e9t\u00e9 point\u00e9 du doigt par le juge.<\/p>\n<p>&nbsp;<\/p>\n<p><img data-recalc-dims=\"1\" loading=\"lazy\" decoding=\"async\" class=\"alignnone size-full wp-image-2151 aligncenter\" src=\"https:\/\/i0.wp.com\/ensemblepouremerainville.fr\/wp-content\/uploads\/2019\/03\/2019-03-13_111855.jpg?resize=111%2C36&#038;ssl=1\" alt=\"\" width=\"111\" height=\"36\" \/><\/p>\n<p style=\"text-align: center;\"><a href=\"http:\/\/www.leparisien.fr\/seine-et-marne-77\/municipales-a-emerainville-pas-de-reparation-pour-jacques-huleux-l-opposant-insulte-18-02-2020-8262285.php\" target=\"_blank\" rel=\"noopener noreferrer\">Voir ici l&rsquo;article du Parisien<\/a><\/p>\n","protected":false},"excerpt":{"rendered":"<p>Les tribunaux sont d\u00e9bord\u00e9s, la justice fran\u00e7aise n&rsquo;a plus les moyens de traiter sereinement les dossiers. Vous voulez \u00e9vitez une condamnation ? Faites tra\u00eener les choses, allez en appel, il y a de fortes chances que vous d\u00e9nichiez un vice de forme ou un vice de proc\u00e9dure&#8230; Vous pourrez ensuite fanfaronner en parlant \u00ab\u00a0d&rsquo;annulation de&#8230; <\/p>\n<div class=\"read-more\"><a href=\"https:\/\/ensemblepouremerainville.fr\/?p=2575\">Lire la suite<\/a><\/div>\n","protected":false},"author":2,"featured_media":2576,"comment_status":"open","ping_status":"open","sticky":false,"template":"","format":"standard","meta":{"footnotes":""},"categories":[295],"tags":[],"class_list":["post-2575","post","type-post","status-publish","format-standard","has-post-thumbnail","hentry","category-presse"],"_links":{"self":[{"href":"https:\/\/ensemblepouremerainville.fr\/index.php?rest_route=\/wp\/v2\/posts\/2575","targetHints":{"allow":["GET"]}}],"collection":[{"href":"https:\/\/ensemblepouremerainville.fr\/index.php?rest_route=\/wp\/v2\/posts"}],"about":[{"href":"https:\/\/ensemblepouremerainville.fr\/index.php?rest_route=\/wp\/v2\/types\/post"}],"author":[{"embeddable":true,"href":"https:\/\/ensemblepouremerainville.fr\/index.php?rest_route=\/wp\/v2\/users\/2"}],"replies":[{"embeddable":true,"href":"https:\/\/ensemblepouremerainville.fr\/index.php?rest_route=%2Fwp%2Fv2%2Fcomments&post=2575"}],"version-history":[{"count":2,"href":"https:\/\/ensemblepouremerainville.fr\/index.php?rest_route=\/wp\/v2\/posts\/2575\/revisions"}],"predecessor-version":[{"id":2578,"href":"https:\/\/ensemblepouremerainville.fr\/index.php?rest_route=\/wp\/v2\/posts\/2575\/revisions\/2578"}],"wp:featuredmedia":[{"embeddable":true,"href":"https:\/\/ensemblepouremerainville.fr\/index.php?rest_route=\/wp\/v2\/media\/2576"}],"wp:attachment":[{"href":"https:\/\/ensemblepouremerainville.fr\/index.php?rest_route=%2Fwp%2Fv2%2Fmedia&parent=2575"}],"wp:term":[{"taxonomy":"category","embeddable":true,"href":"https:\/\/ensemblepouremerainville.fr\/index.php?rest_route=%2Fwp%2Fv2%2Fcategories&post=2575"},{"taxonomy":"post_tag","embeddable":true,"href":"https:\/\/ensemblepouremerainville.fr\/index.php?rest_route=%2Fwp%2Fv2%2Ftags&post=2575"}],"curies":[{"name":"wp","href":"https:\/\/api.w.org\/{rel}","templated":true}]}}