{"id":262,"date":"2016-03-07T18:26:16","date_gmt":"2016-03-07T18:26:16","guid":{"rendered":"http:\/\/ensemblepouremerainville.fr\/?p=262"},"modified":"2016-11-26T16:30:10","modified_gmt":"2016-11-26T16:30:10","slug":"emerainville-une-municipalite-tres-a-droite","status":"publish","type":"post","link":"https:\/\/ensemblepouremerainville.fr\/?p=262","title":{"rendered":"Emerainville : Une municipalit\u00e9 tr\u00e8s \u00e0 droite"},"content":{"rendered":"<p><img data-recalc-dims=\"1\" loading=\"lazy\" decoding=\"async\" class=\"alignleft wp-image-264 size-full\" src=\"https:\/\/i0.wp.com\/ensemblepouremerainville.fr\/wp-content\/uploads\/2016\/03\/Capture-d%E2%80%99%C3%A9cran-2016-03-07-%C3%A0-18.45.16.png?resize=590%2C833&#038;ssl=1\" alt=\"BD n\u00b0 3\" width=\"590\" height=\"833\" srcset=\"https:\/\/i0.wp.com\/ensemblepouremerainville.fr\/wp-content\/uploads\/2016\/03\/Capture-d%E2%80%99%C3%A9cran-2016-03-07-%C3%A0-18.45.16.png?w=707&amp;ssl=1 707w, https:\/\/i0.wp.com\/ensemblepouremerainville.fr\/wp-content\/uploads\/2016\/03\/Capture-d%E2%80%99%C3%A9cran-2016-03-07-%C3%A0-18.45.16.png?resize=213%2C300&amp;ssl=1 213w, https:\/\/i0.wp.com\/ensemblepouremerainville.fr\/wp-content\/uploads\/2016\/03\/Capture-d%E2%80%99%C3%A9cran-2016-03-07-%C3%A0-18.45.16.png?resize=600%2C847&amp;ssl=1 600w, https:\/\/i0.wp.com\/ensemblepouremerainville.fr\/wp-content\/uploads\/2016\/03\/Capture-d%E2%80%99%C3%A9cran-2016-03-07-%C3%A0-18.45.16.png?resize=39%2C55&amp;ssl=1 39w\" sizes=\"auto, (max-width: 590px) 100vw, 590px\" \/><\/p>\n<p><span style=\"font-family: helvetica, arial, sans-serif; font-size: 10pt;\">On dit souvent qu\u2019en mati\u00e8re de gestion locale, la couleur politique importe peu. Du moment que la ville est bien g\u00e9r\u00e9e et que les services \u00e0 la population sont rendus de fa\u00e7on satisfaisante, peu importe. Ainsi, il n\u2019est pas rare qu\u2019une ville qui vote majoritairement \u00e0 droite aux \u00e9lections nationales r\u00e9\u00e9lise son maire de gauche, ou inversement. Il y aurait une certaine \u00ab neutralit\u00e9 \u00bb de la fonction de maire, en particulier dans les petites communes, o\u00f9 la marge de manoeuvre est plus r\u00e9duite.<\/span><\/p>\n<p><span style=\"font-family: helvetica, arial, sans-serif; font-size: 10pt;\">Emerainville n\u2019ob\u00e9it pas \u00e0 cette logique.<strong> La politique men\u00e9e \u00e0 Emerainville est tout sauf \u00ab neutre \u00bb.<br \/>\nElle s\u2019inscrit au contraire directement dans le paradigme traditionnel de la droite<\/strong>, avec ses trois piliers id\u00e9ologiques: la baisse des imp\u00f4ts, le d\u00e9mant\u00e8lement des services publics et la s\u00e9curit\u00e9<sup>1<\/sup>.<br \/>\nPas un discours, pas une publication municipale, pas une mesure qui n\u2019ait ses racines dans cette position dogmatique de la majorit\u00e9 en place. Le probl\u00e8me est que cette id\u00e9ologie conditionne l\u2019ensemble des choix budg\u00e9taires de la municipalit\u00e9 et que ce sont les Emerainvillois qui payent \u2013 dans tous les sens du terme \u2013 les cons\u00e9quences de ces choix.<\/span><\/p>\n<p><span style=\"font-family: helvetica, arial, sans-serif; font-size: 10pt;\">Car il faut bien avoir \u00e0 l\u2019esprit que <strong>la baisse des imp\u00f4ts pr\u00f4n\u00e9e par la droite ne b\u00e9n\u00e9ficie pas aux modestes, elle leur nuit<\/strong> : toujours compens\u00e9e par une hausse des pr\u00e9l\u00e8vements fixes, c\u2019est \u00e0- dire qui touchent de fa\u00e7on \u00e9quivalente les riches et les pauvres (les hausses de la TVA ou de la CSG n\u2019ont jamais \u00e9t\u00e9 aussi fortes que sous Balladur, Jupp\u00e9 ou Raffarin), elle s\u2019accompagne d\u2019une d\u00e9gradation de nos services publics, au profit du secteur marchand, o\u00f9 riche et pauvre payent de fa\u00e7on identique. Ainsi, depuis des d\u00e9cennies de politique lib\u00e9rale, nous ne pouvons que constater la diminution de la prise en charge de nos d\u00e9penses de sant\u00e9 et le transfert vers les assurances priv\u00e9es, la d\u00e9gradation de l\u2019enseignement public et le boom des soci\u00e9t\u00e9s de soutien scolaire payant, en un mot <strong>nous observons la disparition progressive de notre syst\u00e8me bas\u00e9 depuis l\u2019apr\u00e8s-guerre sur la solidarit\u00e9.<\/strong><\/span><\/p>\n<p><span style=\"font-family: helvetica, arial, sans-serif; font-size: 10pt;\">La politique men\u00e9e \u00e0 Emerainville s\u2019inscrit directement dans cette \u00e9volution : <strong>la critique constante de l\u2019imp\u00f4t s\u2019accompagne d\u2019une hausse des pr\u00e9l\u00e8vements injustes et d\u2019une d\u00e9gradation des services au public.<\/strong> L\u2019\u00e9pisode de l\u2019imp\u00f4t d\u00e9guis\u00e9-macaron en constitue une triste illustration. Plus grave encore est la d\u00e9cision de rendre les TAP payants, avec, comme dans les villes les plus \u00e0 droite de France, aucune prise en compte du quotient familial dans l\u2019\u00e9tablissement du tarif.<\/span><\/p>\n<p><span style=\"font-family: helvetica, arial, sans-serif; font-size: 10pt;\">A c\u00f4t\u00e9 de cela, <strong>la majorit\u00e9 municipale investit lourdement dans le secteur de la s\u00e9curit\u00e9,<\/strong> appliquant l\u00e0 le 3e pilier id\u00e9ologique traditionnel de la droite : vote comme un seul homme des nouvelles installations de cam\u00e9ras de surveillance, effectifs pl\u00e9thoriques de la police municipale comparativement aux villes fran\u00e7aises de m\u00eame taille, le tout accompagn\u00e9 de campagnes sur l\u2019ins\u00e9curit\u00e9 et d\u2019un refus de r\u00e9habiliter le clos d\u2019Emery, \u2026 une crainte de tuer le fonds de commerce ?<\/span><\/p>\n<p><span style=\"font-family: helvetica, arial, sans-serif; font-size: 10pt;\"><strong>Une autre politique est possible, une politique mettant la justice sociale au centre.<\/strong><br \/>\nDe nombreux postes budg\u00e9taires pourraient \u00eatre r\u00e9ajust\u00e9s pour donner la priorit\u00e9 aux secteurs cruciaux comme l\u2019enfance. Quant \u00e0 celui de la s\u00e9curit\u00e9, il faut un audit pour v\u00e9rifier l\u2019utilit\u00e9 sociale de ces d\u00e9penses consid\u00e9rables. Il ne faudrait pas rester sur l\u2019impression que notre vingtaine d\u2019agents est davantage affect\u00e9e \u00e0 la verbalisation de nos voitures qu\u2019au maintien de notre s\u00e9curit\u00e9, comme les \u00e9chauffour\u00e9es lors de la derni\u00e8re nuit de Halloween o\u00f9 un seul policier municipal \u00e9tait de garde (au poste de la surveillance vid\u00e9o !) peuvent le laisser penser.<\/span><\/p>\n<p>&nbsp;<\/p>\n<p>&nbsp;<\/p>\n<hr \/>\n<p>&nbsp;<\/p>\n<p><span style=\"font-family: helvetica, arial, sans-serif; font-size: 10pt;\"><sup>1<\/sup> <em>On peut noter que ces 3 axes fondent \u00e9galement la position du gouvernement actuel. Ce glissement \u00e0 droite de l\u2019\u00e9chiquier politique national sera d\u00e9velopp\u00e9 dans le prochain num\u00e9ro.\u00a0<\/em><\/span><\/p>\n","protected":false},"excerpt":{"rendered":"<p>On dit souvent qu\u2019en mati\u00e8re de gestion locale, la couleur politique importe peu. Du moment que la ville est bien g\u00e9r\u00e9e et que les services \u00e0 la population sont rendus de fa\u00e7on satisfaisante, peu importe. Ainsi, il n\u2019est pas rare qu\u2019une ville qui vote majoritairement \u00e0 droite aux \u00e9lections nationales r\u00e9\u00e9lise son maire de gauche,&#8230; <\/p>\n<div class=\"read-more\"><a href=\"https:\/\/ensemblepouremerainville.fr\/?p=262\">Lire la suite<\/a><\/div>\n","protected":false},"author":1,"featured_media":264,"comment_status":"open","ping_status":"open","sticky":false,"template":"","format":"standard","meta":{"_bbp_topic_count":0,"_bbp_reply_count":0,"_bbp_total_topic_count":0,"_bbp_total_reply_count":0,"_bbp_voice_count":0,"_bbp_anonymous_reply_count":0,"_bbp_topic_count_hidden":0,"_bbp_reply_count_hidden":0,"_bbp_forum_subforum_count":0,"footnotes":""},"categories":[23],"tags":[],"class_list":["post-262","post","type-post","status-publish","format-standard","has-post-thumbnail","hentry","category-parutions"],"_links":{"self":[{"href":"https:\/\/ensemblepouremerainville.fr\/index.php?rest_route=\/wp\/v2\/posts\/262","targetHints":{"allow":["GET"]}}],"collection":[{"href":"https:\/\/ensemblepouremerainville.fr\/index.php?rest_route=\/wp\/v2\/posts"}],"about":[{"href":"https:\/\/ensemblepouremerainville.fr\/index.php?rest_route=\/wp\/v2\/types\/post"}],"author":[{"embeddable":true,"href":"https:\/\/ensemblepouremerainville.fr\/index.php?rest_route=\/wp\/v2\/users\/1"}],"replies":[{"embeddable":true,"href":"https:\/\/ensemblepouremerainville.fr\/index.php?rest_route=%2Fwp%2Fv2%2Fcomments&post=262"}],"version-history":[{"count":5,"href":"https:\/\/ensemblepouremerainville.fr\/index.php?rest_route=\/wp\/v2\/posts\/262\/revisions"}],"predecessor-version":[{"id":269,"href":"https:\/\/ensemblepouremerainville.fr\/index.php?rest_route=\/wp\/v2\/posts\/262\/revisions\/269"}],"wp:featuredmedia":[{"embeddable":true,"href":"https:\/\/ensemblepouremerainville.fr\/index.php?rest_route=\/wp\/v2\/media\/264"}],"wp:attachment":[{"href":"https:\/\/ensemblepouremerainville.fr\/index.php?rest_route=%2Fwp%2Fv2%2Fmedia&parent=262"}],"wp:term":[{"taxonomy":"category","embeddable":true,"href":"https:\/\/ensemblepouremerainville.fr\/index.php?rest_route=%2Fwp%2Fv2%2Fcategories&post=262"},{"taxonomy":"post_tag","embeddable":true,"href":"https:\/\/ensemblepouremerainville.fr\/index.php?rest_route=%2Fwp%2Fv2%2Ftags&post=262"}],"curies":[{"name":"wp","href":"https:\/\/api.w.org\/{rel}","templated":true}]}}