{"id":2662,"date":"2020-03-09T19:38:31","date_gmt":"2020-03-09T19:38:31","guid":{"rendered":"http:\/\/ensemblepouremerainville.fr\/?p=2662"},"modified":"2020-03-09T19:38:31","modified_gmt":"2020-03-09T19:38:31","slug":"les-points-sur-les-i-nous-ne-fusionnerons-avec-aucune-liste","status":"publish","type":"post","link":"https:\/\/ensemblepouremerainville.fr\/?p=2662","title":{"rendered":"Les points sur les i : nous ne fusionnerons avec aucune liste"},"content":{"rendered":"<p>Beaucoup de bruit circulent, nos concurrents sont \u00e0 l&rsquo;origine de ces bruits, par b\u00eatise ou malhonn\u00eatet\u00e9. Il nous parait important d&rsquo;apporter quelques pr\u00e9cisions et de mettre des points sur les i.<\/p>\n<p>Monsieur Quinion et sa liste entretiennent une certaine confusion en \u00e9crivant \u00ab\u00a0Ensemble plus loin\u00a0\u00bb en gros sur leurs affiches et sur leurs tracts alors que le nom de leur liste est Cap&rsquo;Em !<\/p>\n<h4>La seule liste \u00ab\u00a0Ensemble pour Emerainville\u00a0\u00bb est celle men\u00e9e par Jacques HULEUX.<\/h4>\n<h3>La seule liste soutenue par les \u00e9cologistes et l&rsquo;ensemble de la gauche est celle men\u00e9e par Jacques HULEUX.<\/h3>\n<p>Notre engagement, nos valeurs sont au service de la ville et de ses habitants. Nous sommes une liste qui d\u00e9fend l&rsquo;\u00e9cologie et une certaine id\u00e9e de la justice sociale, nos candidates et candidats habitent tous les quartiers d&rsquo;Emerainville.<\/p>\n<p>Nous n&rsquo;avons absolument rien en commun avec la liste de Monsieur Kelyor qui est un lib\u00e9ral pur et dur. Nous n&rsquo;avons rien en commun non plus avec la liste de Monsieur Quinion qui avance \u00e0 visage masqu\u00e9 et qui est compos\u00e9e de gens dont on ne connait pas vraiment les valeurs. Les uns ont trahi ceux avec qui ils ont travaill\u00e9 pendant de nombreuses ann\u00e9es, les autres ont trahi les valeurs de la gauche car il ne faut pas \u00eatre dupe : s&rsquo;ils sont \u00e9lus \u00e0 la communaut\u00e9 d&rsquo;agglom\u00e9ration, ils si\u00e9geront avec la droite.<\/p>\n<p>Pour toutes ces raisons,<\/p>\n<h2 style=\"text-align: center;\"><span style=\"color: #ff0000;\">Nous irons au bout de nos id\u00e9es et de notre engagement et nous ne fusionnerons avec aucune liste.<\/span><\/h2>\n<h1 style=\"text-align: center;\"><span style=\"color: #76b800;\">Avec vous, le changement est possible \u00e0 Emerainville : d\u00e8s le 15 mars votez et faites voter pour <\/span><\/h1>\n<h1 style=\"text-align: center;\"><span style=\"color: #76b800;\">Jacques HULEUX et la liste \u00ab\u00a0Ensemble pour Emerainville\u00a0\u00bb.<\/span><\/h1>\n<p>&nbsp;<\/p>\n<p><img data-recalc-dims=\"1\" loading=\"lazy\" decoding=\"async\" class=\"alignnone size-large wp-image-2674 aligncenter\" src=\"https:\/\/i0.wp.com\/ensemblepouremerainville.fr\/wp-content\/uploads\/2020\/03\/Bulletin.jpg?resize=590%2C418&#038;ssl=1\" alt=\"\" width=\"590\" height=\"418\" srcset=\"https:\/\/i0.wp.com\/ensemblepouremerainville.fr\/wp-content\/uploads\/2020\/03\/Bulletin.jpg?resize=1024%2C726&amp;ssl=1 1024w, https:\/\/i0.wp.com\/ensemblepouremerainville.fr\/wp-content\/uploads\/2020\/03\/Bulletin.jpg?resize=300%2C213&amp;ssl=1 300w, https:\/\/i0.wp.com\/ensemblepouremerainville.fr\/wp-content\/uploads\/2020\/03\/Bulletin.jpg?resize=600%2C425&amp;ssl=1 600w, https:\/\/i0.wp.com\/ensemblepouremerainville.fr\/wp-content\/uploads\/2020\/03\/Bulletin.jpg?resize=78%2C55&amp;ssl=1 78w, https:\/\/i0.wp.com\/ensemblepouremerainville.fr\/wp-content\/uploads\/2020\/03\/Bulletin.jpg?w=1285&amp;ssl=1 1285w, https:\/\/i0.wp.com\/ensemblepouremerainville.fr\/wp-content\/uploads\/2020\/03\/Bulletin.jpg?w=1180&amp;ssl=1 1180w\" sizes=\"auto, (max-width: 590px) 100vw, 590px\" \/><\/p>\n","protected":false},"excerpt":{"rendered":"<p>Beaucoup de bruit circulent, nos concurrents sont \u00e0 l&rsquo;origine de ces bruits, par b\u00eatise ou malhonn\u00eatet\u00e9. Il nous parait important d&rsquo;apporter quelques pr\u00e9cisions et de mettre des points sur les i. Monsieur Quinion et sa liste entretiennent une certaine confusion en \u00e9crivant \u00ab\u00a0Ensemble plus loin\u00a0\u00bb en gros sur leurs affiches et sur leurs tracts alors&#8230; <\/p>\n<div class=\"read-more\"><a href=\"https:\/\/ensemblepouremerainville.fr\/?p=2662\">Lire la suite<\/a><\/div>\n","protected":false},"author":2,"featured_media":2674,"comment_status":"open","ping_status":"open","sticky":false,"template":"","format":"standard","meta":{"footnotes":""},"categories":[58],"tags":[],"class_list":["post-2662","post","type-post","status-publish","format-standard","has-post-thumbnail","hentry","category-emerainville"],"_links":{"self":[{"href":"https:\/\/ensemblepouremerainville.fr\/index.php?rest_route=\/wp\/v2\/posts\/2662","targetHints":{"allow":["GET"]}}],"collection":[{"href":"https:\/\/ensemblepouremerainville.fr\/index.php?rest_route=\/wp\/v2\/posts"}],"about":[{"href":"https:\/\/ensemblepouremerainville.fr\/index.php?rest_route=\/wp\/v2\/types\/post"}],"author":[{"embeddable":true,"href":"https:\/\/ensemblepouremerainville.fr\/index.php?rest_route=\/wp\/v2\/users\/2"}],"replies":[{"embeddable":true,"href":"https:\/\/ensemblepouremerainville.fr\/index.php?rest_route=%2Fwp%2Fv2%2Fcomments&post=2662"}],"version-history":[{"count":5,"href":"https:\/\/ensemblepouremerainville.fr\/index.php?rest_route=\/wp\/v2\/posts\/2662\/revisions"}],"predecessor-version":[{"id":2676,"href":"https:\/\/ensemblepouremerainville.fr\/index.php?rest_route=\/wp\/v2\/posts\/2662\/revisions\/2676"}],"wp:featuredmedia":[{"embeddable":true,"href":"https:\/\/ensemblepouremerainville.fr\/index.php?rest_route=\/wp\/v2\/media\/2674"}],"wp:attachment":[{"href":"https:\/\/ensemblepouremerainville.fr\/index.php?rest_route=%2Fwp%2Fv2%2Fmedia&parent=2662"}],"wp:term":[{"taxonomy":"category","embeddable":true,"href":"https:\/\/ensemblepouremerainville.fr\/index.php?rest_route=%2Fwp%2Fv2%2Fcategories&post=2662"},{"taxonomy":"post_tag","embeddable":true,"href":"https:\/\/ensemblepouremerainville.fr\/index.php?rest_route=%2Fwp%2Fv2%2Ftags&post=2662"}],"curies":[{"name":"wp","href":"https:\/\/api.w.org\/{rel}","templated":true}]}}