{"id":2664,"date":"2020-03-09T14:59:14","date_gmt":"2020-03-09T14:59:14","guid":{"rendered":"http:\/\/ensemblepouremerainville.fr\/?p=2664"},"modified":"2020-03-09T14:59:14","modified_gmt":"2020-03-09T14:59:14","slug":"un-maire-au-service-de-qui","status":"publish","type":"post","link":"https:\/\/ensemblepouremerainville.fr\/?p=2664","title":{"rendered":"Un maire au service de qui ?"},"content":{"rendered":"<h3><img data-recalc-dims=\"1\" loading=\"lazy\" decoding=\"async\" class=\"alignnone wp-image-2669 aligncenter\" src=\"https:\/\/i0.wp.com\/ensemblepouremerainville.fr\/wp-content\/uploads\/2020\/03\/EAC-mur2.jpg?resize=470%2C310&#038;ssl=1\" alt=\"\" width=\"470\" height=\"310\" srcset=\"https:\/\/i0.wp.com\/ensemblepouremerainville.fr\/wp-content\/uploads\/2020\/03\/EAC-mur2.jpg?w=857&amp;ssl=1 857w, https:\/\/i0.wp.com\/ensemblepouremerainville.fr\/wp-content\/uploads\/2020\/03\/EAC-mur2.jpg?resize=300%2C198&amp;ssl=1 300w, https:\/\/i0.wp.com\/ensemblepouremerainville.fr\/wp-content\/uploads\/2020\/03\/EAC-mur2.jpg?resize=600%2C396&amp;ssl=1 600w, https:\/\/i0.wp.com\/ensemblepouremerainville.fr\/wp-content\/uploads\/2020\/03\/EAC-mur2.jpg?resize=83%2C55&amp;ssl=1 83w, https:\/\/i0.wp.com\/ensemblepouremerainville.fr\/wp-content\/uploads\/2020\/03\/EAC-mur2.jpg?resize=75%2C50&amp;ssl=1 75w\" sizes=\"auto, (max-width: 470px) 100vw, 470px\" \/><\/h3>\n<h3><span style=\"text-decoration: underline;\">Le r\u00f4le d&rsquo;un maire n&rsquo;est-il pas d&rsquo;\u00eatre au service de sa commune et de ses administr\u00e9s ?<\/span><\/h3>\n<p>Nous pouvons douter de la volont\u00e9 du maire sortant de repr\u00e9senter l&rsquo;ensemble des emerainvillois quand on lit une de ses derni\u00e8res proses distribu\u00e9e \u00e0 l&rsquo;occasion des \u00e9lections municipales.<\/p>\n<p><strong>Oser \u00e9crire que le mur antibruit longeant la francilienne est de la m\u00eame efficacit\u00e9 \u00e0 Emerainville qu&rsquo;\u00e0 Pontault-Combault c&rsquo;est se moquer des habitants.<\/strong><\/p>\n<p>Pourquoi dans ce dossier, Monsieur Kelyor ne prend-il pas le parti de d\u00e9fendre les riverains qui subissent nuits et jours les nuisances de la franciliennes ?<\/p>\n<p>C&rsquo;est lui qui pr\u00e9f\u00e8re la propagande \u00e9lectorale \u00e0 la d\u00e9fense des int\u00e9r\u00eats de ses administr\u00e9s.<\/p>\n<p>Dire que les \u00e9colos n&rsquo;ont jamais rien apport\u00e9 de concret c&rsquo;est, encore une fois, se moquer des habitantes et et des habitants d&rsquo;Emerainville. Nous avons mis en ligne le dossier concernant ce chantier et, contrairement \u00e0 monsieur Kelyor, c&rsquo;est le seul int\u00e9r\u00eat des riverains qui nous anime.<\/p>\n<p><a href=\"https:\/\/ensemblepouremerainville.fr\/index.php\/2017\/11\/17\/un-projet-inutile-a-emerainville\/\" target=\"_blank\" rel=\"noopener noreferrer\">Voir ici le dossier<\/a> concernant l&rsquo;\u00e9largissement de la francilienne.<\/p>\n<p>Le fabriquant des \u00ab\u00a0gabions\u00a0\u00bb (les blocs de cailloux pos\u00e9s sur les merlons) pr\u00e9vient lui-m\u00eame que ces blocs ne peuvent pas, ne doivent pas, \u00eatre utilis\u00e9s comme des murs antibruit et que c&rsquo;est un autre mod\u00e8le qui doit \u00eatre utilis\u00e9. Le projet initiale pr\u00e9voyait un mur antibruit et un r\u00e9-haussement du merlon ; pourquoi monsieur Kelyor ne s&rsquo;est-il pas battu pour obtenir simplement ce qui avait \u00e9t\u00e9 d\u00e9cid\u00e9 par les repr\u00e9sentants de l&rsquo;Etat?<\/p>\n<h2>Il est temps de changer de pratiques et d&rsquo;\u00e9lire des gens qui habitent la commune et n&rsquo;ont pas d&rsquo;autre int\u00e9r\u00eat que celui de bien vivre notre ville.<\/h2>\n<h3><img data-recalc-dims=\"1\" loading=\"lazy\" decoding=\"async\" class=\"alignnone size-full wp-image-430\" src=\"https:\/\/i0.wp.com\/ensemblepouremerainville.fr\/wp-content\/uploads\/2016\/10\/planBDALLEGE.jpg?resize=590%2C269&#038;ssl=1\" alt=\"\" width=\"590\" height=\"269\" srcset=\"https:\/\/i0.wp.com\/ensemblepouremerainville.fr\/wp-content\/uploads\/2016\/10\/planBDALLEGE.jpg?w=7691&amp;ssl=1 7691w, https:\/\/i0.wp.com\/ensemblepouremerainville.fr\/wp-content\/uploads\/2016\/10\/planBDALLEGE.jpg?resize=300%2C137&amp;ssl=1 300w, https:\/\/i0.wp.com\/ensemblepouremerainville.fr\/wp-content\/uploads\/2016\/10\/planBDALLEGE.jpg?resize=1024%2C467&amp;ssl=1 1024w, https:\/\/i0.wp.com\/ensemblepouremerainville.fr\/wp-content\/uploads\/2016\/10\/planBDALLEGE.jpg?resize=600%2C273&amp;ssl=1 600w, https:\/\/i0.wp.com\/ensemblepouremerainville.fr\/wp-content\/uploads\/2016\/10\/planBDALLEGE.jpg?resize=121%2C55&amp;ssl=1 121w, https:\/\/i0.wp.com\/ensemblepouremerainville.fr\/wp-content\/uploads\/2016\/10\/planBDALLEGE.jpg?resize=1320%2C601&amp;ssl=1 1320w, https:\/\/i0.wp.com\/ensemblepouremerainville.fr\/wp-content\/uploads\/2016\/10\/planBDALLEGE.jpg?w=1180&amp;ssl=1 1180w, https:\/\/i0.wp.com\/ensemblepouremerainville.fr\/wp-content\/uploads\/2016\/10\/planBDALLEGE.jpg?w=1770&amp;ssl=1 1770w\" sizes=\"auto, (max-width: 590px) 100vw, 590px\" \/><\/h3>\n","protected":false},"excerpt":{"rendered":"<p>Le r\u00f4le d&rsquo;un maire n&rsquo;est-il pas d&rsquo;\u00eatre au service de sa commune et de ses administr\u00e9s ? Nous pouvons douter de la volont\u00e9 du maire sortant de repr\u00e9senter l&rsquo;ensemble des emerainvillois quand on lit une de ses derni\u00e8res proses distribu\u00e9e \u00e0 l&rsquo;occasion des \u00e9lections municipales. Oser \u00e9crire que le mur antibruit longeant la francilienne est&#8230; <\/p>\n<div class=\"read-more\"><a href=\"https:\/\/ensemblepouremerainville.fr\/?p=2664\">Lire la suite<\/a><\/div>\n","protected":false},"author":2,"featured_media":2666,"comment_status":"open","ping_status":"open","sticky":false,"template":"","format":"standard","meta":{"footnotes":""},"categories":[58,252],"tags":[],"class_list":["post-2664","post","type-post","status-publish","format-standard","has-post-thumbnail","hentry","category-emerainville","category-vrai-faux"],"_links":{"self":[{"href":"https:\/\/ensemblepouremerainville.fr\/index.php?rest_route=\/wp\/v2\/posts\/2664","targetHints":{"allow":["GET"]}}],"collection":[{"href":"https:\/\/ensemblepouremerainville.fr\/index.php?rest_route=\/wp\/v2\/posts"}],"about":[{"href":"https:\/\/ensemblepouremerainville.fr\/index.php?rest_route=\/wp\/v2\/types\/post"}],"author":[{"embeddable":true,"href":"https:\/\/ensemblepouremerainville.fr\/index.php?rest_route=\/wp\/v2\/users\/2"}],"replies":[{"embeddable":true,"href":"https:\/\/ensemblepouremerainville.fr\/index.php?rest_route=%2Fwp%2Fv2%2Fcomments&post=2664"}],"version-history":[{"count":4,"href":"https:\/\/ensemblepouremerainville.fr\/index.php?rest_route=\/wp\/v2\/posts\/2664\/revisions"}],"predecessor-version":[{"id":2671,"href":"https:\/\/ensemblepouremerainville.fr\/index.php?rest_route=\/wp\/v2\/posts\/2664\/revisions\/2671"}],"wp:featuredmedia":[{"embeddable":true,"href":"https:\/\/ensemblepouremerainville.fr\/index.php?rest_route=\/wp\/v2\/media\/2666"}],"wp:attachment":[{"href":"https:\/\/ensemblepouremerainville.fr\/index.php?rest_route=%2Fwp%2Fv2%2Fmedia&parent=2664"}],"wp:term":[{"taxonomy":"category","embeddable":true,"href":"https:\/\/ensemblepouremerainville.fr\/index.php?rest_route=%2Fwp%2Fv2%2Fcategories&post=2664"},{"taxonomy":"post_tag","embeddable":true,"href":"https:\/\/ensemblepouremerainville.fr\/index.php?rest_route=%2Fwp%2Fv2%2Ftags&post=2664"}],"curies":[{"name":"wp","href":"https:\/\/api.w.org\/{rel}","templated":true}]}}