{"id":2682,"date":"2020-03-13T19:24:40","date_gmt":"2020-03-13T19:24:40","guid":{"rendered":"http:\/\/ensemblepouremerainville.fr\/?p=2682"},"modified":"2020-03-13T19:24:40","modified_gmt":"2020-03-13T19:24:40","slug":"une-liste-a-limage-de-la-ville","status":"publish","type":"post","link":"https:\/\/ensemblepouremerainville.fr\/?p=2682","title":{"rendered":"Une liste \u00e0 l&rsquo;image de la ville"},"content":{"rendered":"<p>La liste \u00ab\u00a0Ensemble pour Emerainville\u00a0\u00bb est une liste \u00e0 l&rsquo;image de la ville, \u00e0 l&rsquo;image des \u00e9merainvilloises et des \u00e9merainvillois.<\/p>\n<p>Depuis le d\u00e9but de la campagne, nous avons fait preuve de transparence. Nous vous avons pr\u00e9senter nos axes de travail, nous avons mis en avant le sens que nous donnons \u00e0 notre engagement au service de la ville et de ses habitants.<\/p>\n<p>Dans cet esprit de transparence nous vous avons \u00e9galement pr\u00e9sent\u00e9 l&rsquo;ensemble de notre liste avec les m\u00e9tiers, les connaissances, les comp\u00e9tences, les \u00e2ges et le quartier d&rsquo;habitation.<\/p>\n<p>Vous pouvez ainsi faire un vrai choix : le choix de la comp\u00e9tence, de la jeunesse, de l&rsquo;exp\u00e9rience&#8230;<\/p>\n<p><a href=\"https:\/\/ensemblepouremerainville.fr\/wp-content\/uploads\/2020\/03\/Trombinoscope.pdf\" target=\"_blank\" rel=\"noopener noreferrer\">Cette liste, la voici de nouveau<\/a> :<\/p>\n<p><a href=\"https:\/\/ensemblepouremerainville.fr\/wp-content\/uploads\/2020\/03\/Trombinoscope.pdf\" target=\"_blank\" rel=\"noopener noreferrer\"><img data-recalc-dims=\"1\" loading=\"lazy\" decoding=\"async\" class=\"alignnone size-full wp-image-2681\" src=\"https:\/\/i0.wp.com\/ensemblepouremerainville.fr\/wp-content\/uploads\/2020\/03\/trombi.jpg?resize=590%2C835&#038;ssl=1\" alt=\"\" width=\"590\" height=\"835\" srcset=\"https:\/\/i0.wp.com\/ensemblepouremerainville.fr\/wp-content\/uploads\/2020\/03\/trombi.jpg?w=644&amp;ssl=1 644w, https:\/\/i0.wp.com\/ensemblepouremerainville.fr\/wp-content\/uploads\/2020\/03\/trombi.jpg?resize=212%2C300&amp;ssl=1 212w, https:\/\/i0.wp.com\/ensemblepouremerainville.fr\/wp-content\/uploads\/2020\/03\/trombi.jpg?resize=600%2C849&amp;ssl=1 600w, https:\/\/i0.wp.com\/ensemblepouremerainville.fr\/wp-content\/uploads\/2020\/03\/trombi.jpg?resize=39%2C55&amp;ssl=1 39w\" sizes=\"auto, (max-width: 590px) 100vw, 590px\" \/><\/a><\/p>\n","protected":false},"excerpt":{"rendered":"<p>La liste \u00ab\u00a0Ensemble pour Emerainville\u00a0\u00bb est une liste \u00e0 l&rsquo;image de la ville, \u00e0 l&rsquo;image des \u00e9merainvilloises et des \u00e9merainvillois. Depuis le d\u00e9but de la campagne, nous avons fait preuve de transparence. Nous vous avons pr\u00e9senter nos axes de travail, nous avons mis en avant le sens que nous donnons \u00e0 notre engagement au service&#8230; <\/p>\n<div class=\"read-more\"><a href=\"https:\/\/ensemblepouremerainville.fr\/?p=2682\">Lire la suite<\/a><\/div>\n","protected":false},"author":2,"featured_media":2680,"comment_status":"open","ping_status":"open","sticky":false,"template":"","format":"standard","meta":{"footnotes":""},"categories":[58],"tags":[],"class_list":["post-2682","post","type-post","status-publish","format-standard","has-post-thumbnail","hentry","category-emerainville"],"_links":{"self":[{"href":"https:\/\/ensemblepouremerainville.fr\/index.php?rest_route=\/wp\/v2\/posts\/2682","targetHints":{"allow":["GET"]}}],"collection":[{"href":"https:\/\/ensemblepouremerainville.fr\/index.php?rest_route=\/wp\/v2\/posts"}],"about":[{"href":"https:\/\/ensemblepouremerainville.fr\/index.php?rest_route=\/wp\/v2\/types\/post"}],"author":[{"embeddable":true,"href":"https:\/\/ensemblepouremerainville.fr\/index.php?rest_route=\/wp\/v2\/users\/2"}],"replies":[{"embeddable":true,"href":"https:\/\/ensemblepouremerainville.fr\/index.php?rest_route=%2Fwp%2Fv2%2Fcomments&post=2682"}],"version-history":[{"count":1,"href":"https:\/\/ensemblepouremerainville.fr\/index.php?rest_route=\/wp\/v2\/posts\/2682\/revisions"}],"predecessor-version":[{"id":2683,"href":"https:\/\/ensemblepouremerainville.fr\/index.php?rest_route=\/wp\/v2\/posts\/2682\/revisions\/2683"}],"wp:featuredmedia":[{"embeddable":true,"href":"https:\/\/ensemblepouremerainville.fr\/index.php?rest_route=\/wp\/v2\/media\/2680"}],"wp:attachment":[{"href":"https:\/\/ensemblepouremerainville.fr\/index.php?rest_route=%2Fwp%2Fv2%2Fmedia&parent=2682"}],"wp:term":[{"taxonomy":"category","embeddable":true,"href":"https:\/\/ensemblepouremerainville.fr\/index.php?rest_route=%2Fwp%2Fv2%2Fcategories&post=2682"},{"taxonomy":"post_tag","embeddable":true,"href":"https:\/\/ensemblepouremerainville.fr\/index.php?rest_route=%2Fwp%2Fv2%2Ftags&post=2682"}],"curies":[{"name":"wp","href":"https:\/\/api.w.org\/{rel}","templated":true}]}}