{"id":2689,"date":"2020-03-20T16:03:44","date_gmt":"2020-03-20T16:03:44","guid":{"rendered":"http:\/\/ensemblepouremerainville.fr\/?p=2689"},"modified":"2020-03-20T16:03:44","modified_gmt":"2020-03-20T16:03:44","slug":"merci-et-protegeons-nous","status":"publish","type":"post","link":"https:\/\/ensemblepouremerainville.fr\/?p=2689","title":{"rendered":"Merci et&#8230; prot\u00e9geons-nous !"},"content":{"rendered":"<p>Le premier tour des \u00e9lections municipales s&rsquo;est tenu dans des conditions assez exceptionnelles.<\/p>\n<p>Nous tenons tout d&rsquo;abord remercier toutes celles et ceux qui ont particip\u00e9 de pr\u00e8s ou de loin \u00e0 ce scrutin et principalement les personnels de la mairie qui ont r\u00e9pondu pr\u00e9sent et ont permis que tout se passe dans des conditions de s\u00e9curit\u00e9 maximum.<\/p>\n<p>Merci \u00e0 toutes celles et ceux qui ont vot\u00e9 pour notre liste nous pla\u00e7ant en 3eme position avec pr\u00e8s de 24%, assez proche de la 2eme liste.<\/p>\n<p>Malheureusement ce scrutin s&rsquo;est tenu dans les conditions que nous connaissons et nous ne pouvons rien y faire, sauf \u00e0 attendre les d\u00e9cisions concernant la date du second tour et une \u00e9ventuelle annulation du scrutin (ce qui est encore possible).<\/p>\n<p>Nous d\u00e9plorons les conditions du scrutin car celui-ci a \u00e9t\u00e9 favorable aux listes de droites et les analyses d\u00e9montrent que ce sont les \u00e9lecteurs les plus proches de nos id\u00e9es qui ne se sont pas d\u00e9plac\u00e9s.<\/p>\n<p><img data-recalc-dims=\"1\" loading=\"lazy\" decoding=\"async\" class=\"alignnone wp-image-2691\" src=\"https:\/\/i0.wp.com\/ensemblepouremerainville.fr\/wp-content\/uploads\/2020\/03\/IMG-20200319-WA0002.jpg?resize=494%2C247&#038;ssl=1\" alt=\"\" width=\"494\" height=\"247\" srcset=\"https:\/\/i0.wp.com\/ensemblepouremerainville.fr\/wp-content\/uploads\/2020\/03\/IMG-20200319-WA0002.jpg?w=1024&amp;ssl=1 1024w, https:\/\/i0.wp.com\/ensemblepouremerainville.fr\/wp-content\/uploads\/2020\/03\/IMG-20200319-WA0002.jpg?resize=300%2C150&amp;ssl=1 300w, https:\/\/i0.wp.com\/ensemblepouremerainville.fr\/wp-content\/uploads\/2020\/03\/IMG-20200319-WA0002.jpg?resize=600%2C300&amp;ssl=1 600w, https:\/\/i0.wp.com\/ensemblepouremerainville.fr\/wp-content\/uploads\/2020\/03\/IMG-20200319-WA0002.jpg?resize=110%2C55&amp;ssl=1 110w\" sizes=\"auto, (max-width: 494px) 100vw, 494px\" \/><\/p>\n<p>Ces \u00e9tudes nous confortent dans l&rsquo;id\u00e9e que, une fois la s\u00e9curit\u00e9 retrouv\u00e9e pour tous, le second tour pourra se d\u00e9rouler correctement et que nos \u00e9lecteurs et nos \u00e9lectrices seront au rendez-vous pour balayer les listes qui pr\u00f4nent des politiques lib\u00e9rales, ces politiques qui sont \u00e0 l&rsquo;origine de la mondialisation qui ravage nos soci\u00e9t\u00e9s, la nature et notre sant\u00e9.<\/p>\n<p>&nbsp;<\/p>\n<h3><strong>Mais aujourd&rsquo;hui la priorit\u00e9 c&rsquo;est la sant\u00e9 et la s\u00e9curit\u00e9 pour tous. Faisons \u00ab\u00a0contre mauvaise fortune bon coeur\u00a0\u00bb et respectons collectivement les consignes de distanciation. Pour prot\u00e9ger nos familles, nos amis, nos voisins proches ou \u00e9loign\u00e9s et faire en sorte que tout cela ne soit bient\u00f4t plus qu&rsquo;un tr\u00e8s mauvais souvenir et que nous puissions de nouveau profiter de notre environnement et d&rsquo;une vie plus saine.<\/strong><\/h3>\n","protected":false},"excerpt":{"rendered":"<p>Le premier tour des \u00e9lections municipales s&rsquo;est tenu dans des conditions assez exceptionnelles. Nous tenons tout d&rsquo;abord remercier toutes celles et ceux qui ont particip\u00e9 de pr\u00e8s ou de loin \u00e0 ce scrutin et principalement les personnels de la mairie qui ont r\u00e9pondu pr\u00e9sent et ont permis que tout se passe dans des conditions de&#8230; <\/p>\n<div class=\"read-more\"><a href=\"https:\/\/ensemblepouremerainville.fr\/?p=2689\">Lire la suite<\/a><\/div>\n","protected":false},"author":2,"featured_media":2688,"comment_status":"open","ping_status":"open","sticky":false,"template":"","format":"standard","meta":{"footnotes":""},"categories":[58],"tags":[],"class_list":["post-2689","post","type-post","status-publish","format-standard","has-post-thumbnail","hentry","category-emerainville"],"_links":{"self":[{"href":"https:\/\/ensemblepouremerainville.fr\/index.php?rest_route=\/wp\/v2\/posts\/2689","targetHints":{"allow":["GET"]}}],"collection":[{"href":"https:\/\/ensemblepouremerainville.fr\/index.php?rest_route=\/wp\/v2\/posts"}],"about":[{"href":"https:\/\/ensemblepouremerainville.fr\/index.php?rest_route=\/wp\/v2\/types\/post"}],"author":[{"embeddable":true,"href":"https:\/\/ensemblepouremerainville.fr\/index.php?rest_route=\/wp\/v2\/users\/2"}],"replies":[{"embeddable":true,"href":"https:\/\/ensemblepouremerainville.fr\/index.php?rest_route=%2Fwp%2Fv2%2Fcomments&post=2689"}],"version-history":[{"count":2,"href":"https:\/\/ensemblepouremerainville.fr\/index.php?rest_route=\/wp\/v2\/posts\/2689\/revisions"}],"predecessor-version":[{"id":2694,"href":"https:\/\/ensemblepouremerainville.fr\/index.php?rest_route=\/wp\/v2\/posts\/2689\/revisions\/2694"}],"wp:featuredmedia":[{"embeddable":true,"href":"https:\/\/ensemblepouremerainville.fr\/index.php?rest_route=\/wp\/v2\/media\/2688"}],"wp:attachment":[{"href":"https:\/\/ensemblepouremerainville.fr\/index.php?rest_route=%2Fwp%2Fv2%2Fmedia&parent=2689"}],"wp:term":[{"taxonomy":"category","embeddable":true,"href":"https:\/\/ensemblepouremerainville.fr\/index.php?rest_route=%2Fwp%2Fv2%2Fcategories&post=2689"},{"taxonomy":"post_tag","embeddable":true,"href":"https:\/\/ensemblepouremerainville.fr\/index.php?rest_route=%2Fwp%2Fv2%2Ftags&post=2689"}],"curies":[{"name":"wp","href":"https:\/\/api.w.org\/{rel}","templated":true}]}}