{"id":2695,"date":"2020-03-21T10:38:56","date_gmt":"2020-03-21T10:38:56","guid":{"rendered":"http:\/\/ensemblepouremerainville.fr\/?p=2695"},"modified":"2020-03-27T15:44:42","modified_gmt":"2020-03-27T15:44:42","slug":"a-quoi-ressemblent-les-liberaux-a-emerainville","status":"publish","type":"post","link":"https:\/\/ensemblepouremerainville.fr\/?p=2695","title":{"rendered":"A quoi ressemblent les lib\u00e9raux \u00e0 Emerainville ?"},"content":{"rendered":"<p><img data-recalc-dims=\"1\" loading=\"lazy\" decoding=\"async\" class=\"size-large wp-image-2696 aligncenter\" src=\"https:\/\/i0.wp.com\/ensemblepouremerainville.fr\/wp-content\/uploads\/2020\/03\/Parisien-20200321.jpg?resize=590%2C466&#038;ssl=1\" alt=\"\" width=\"590\" height=\"466\" srcset=\"https:\/\/i0.wp.com\/ensemblepouremerainville.fr\/wp-content\/uploads\/2020\/03\/Parisien-20200321.jpg?resize=1024%2C809&amp;ssl=1 1024w, https:\/\/i0.wp.com\/ensemblepouremerainville.fr\/wp-content\/uploads\/2020\/03\/Parisien-20200321.jpg?resize=300%2C237&amp;ssl=1 300w, https:\/\/i0.wp.com\/ensemblepouremerainville.fr\/wp-content\/uploads\/2020\/03\/Parisien-20200321.jpg?resize=600%2C474&amp;ssl=1 600w, https:\/\/i0.wp.com\/ensemblepouremerainville.fr\/wp-content\/uploads\/2020\/03\/Parisien-20200321.jpg?resize=70%2C55&amp;ssl=1 70w, https:\/\/i0.wp.com\/ensemblepouremerainville.fr\/wp-content\/uploads\/2020\/03\/Parisien-20200321.jpg?w=1106&amp;ssl=1 1106w\" sizes=\"auto, (max-width: 590px) 100vw, 590px\" \/><\/p>\n<p>Quel spectacle ! Quelle image de notre ville lorsque l&rsquo;on voit les agissements des deux listes lib\u00e9rales que nous affrontons \u00e0 Emerainville !<\/p>\n<p>Les uns envoient des jeunes arracher l&rsquo;ensemble des affiches concurrentes (y compris les n\u00f4tres) et les autres qui crachent au visage d&rsquo;un adversaire politique sous le regard imperturbable de la t\u00eate de liste.<\/p>\n<h4>Voil\u00e0 le niveau de la campagne \u00e0 Emerainville.<\/h4>\n<p>Nous avons choisi de faire une campagne de sens, de projets pour Emerainville avec des candidates et des candidats respectueux des habitants et des adversaires ; \u00e0 cause de la crise qui frappe le monde les Emerainvilloises et les Emerainvillois ne se sont pas d\u00e9plac\u00e9s en nombre au premier tour pla\u00e7ant les deux listes lib\u00e9rales en t\u00eate.<\/p>\n<h2 style=\"text-align: center;\">Habitants d&rsquo;Emerainville : r\u00e9veillez-vous !<\/h2>\n<p>Informez-vous ! Allez voir sur les sites des uns et des autres pour comprendre quelles sont les listes en pr\u00e9sence et, au del\u00e0 des belles promesses, se qui se cache derri\u00e8re chaque candidat.<\/p>\n<h3>Pensez-vous que ces gens qui ne respectent pas leurs adversaires politiques sont les mieux plac\u00e9s pour animer et g\u00e9rer notre ville ?<\/h3>\n<p>&nbsp;<\/p>\n<p><img data-recalc-dims=\"1\" loading=\"lazy\" decoding=\"async\" class=\"alignnone size-full wp-image-2151 aligncenter\" src=\"https:\/\/i0.wp.com\/ensemblepouremerainville.fr\/wp-content\/uploads\/2019\/03\/2019-03-13_111855.jpg?resize=111%2C36&#038;ssl=1\" alt=\"\" width=\"111\" height=\"36\" \/><\/p>\n<p style=\"text-align: center;\"><a href=\"http:\/\/www.leparisien.fr\/seine-et-marne-77\/coronavirus-a-emerainville-un-colistier-de-christophe-quinion-crache-sur-un-colistier-d-alain-kelyor-20-03-2020-8284851.php\" target=\"_blank\" rel=\"noopener noreferrer\">Lire l&rsquo;article du Parisien<\/a><\/p>\n<p style=\"text-align: center;\">\n","protected":false},"excerpt":{"rendered":"<p>Quel spectacle ! Quelle image de notre ville lorsque l&rsquo;on voit les agissements des deux listes lib\u00e9rales que nous affrontons \u00e0 Emerainville ! Les uns envoient des jeunes arracher l&rsquo;ensemble des affiches concurrentes (y compris les n\u00f4tres) et les autres qui crachent au visage d&rsquo;un adversaire politique sous le regard imperturbable de la t\u00eate de&#8230; <\/p>\n<div class=\"read-more\"><a href=\"https:\/\/ensemblepouremerainville.fr\/?p=2695\">Lire la suite<\/a><\/div>\n","protected":false},"author":2,"featured_media":2696,"comment_status":"open","ping_status":"open","sticky":false,"template":"","format":"standard","meta":{"footnotes":""},"categories":[58,295,252],"tags":[],"class_list":["post-2695","post","type-post","status-publish","format-standard","has-post-thumbnail","hentry","category-emerainville","category-presse","category-vrai-faux"],"_links":{"self":[{"href":"https:\/\/ensemblepouremerainville.fr\/index.php?rest_route=\/wp\/v2\/posts\/2695","targetHints":{"allow":["GET"]}}],"collection":[{"href":"https:\/\/ensemblepouremerainville.fr\/index.php?rest_route=\/wp\/v2\/posts"}],"about":[{"href":"https:\/\/ensemblepouremerainville.fr\/index.php?rest_route=\/wp\/v2\/types\/post"}],"author":[{"embeddable":true,"href":"https:\/\/ensemblepouremerainville.fr\/index.php?rest_route=\/wp\/v2\/users\/2"}],"replies":[{"embeddable":true,"href":"https:\/\/ensemblepouremerainville.fr\/index.php?rest_route=%2Fwp%2Fv2%2Fcomments&post=2695"}],"version-history":[{"count":2,"href":"https:\/\/ensemblepouremerainville.fr\/index.php?rest_route=\/wp\/v2\/posts\/2695\/revisions"}],"predecessor-version":[{"id":2698,"href":"https:\/\/ensemblepouremerainville.fr\/index.php?rest_route=\/wp\/v2\/posts\/2695\/revisions\/2698"}],"wp:featuredmedia":[{"embeddable":true,"href":"https:\/\/ensemblepouremerainville.fr\/index.php?rest_route=\/wp\/v2\/media\/2696"}],"wp:attachment":[{"href":"https:\/\/ensemblepouremerainville.fr\/index.php?rest_route=%2Fwp%2Fv2%2Fmedia&parent=2695"}],"wp:term":[{"taxonomy":"category","embeddable":true,"href":"https:\/\/ensemblepouremerainville.fr\/index.php?rest_route=%2Fwp%2Fv2%2Fcategories&post=2695"},{"taxonomy":"post_tag","embeddable":true,"href":"https:\/\/ensemblepouremerainville.fr\/index.php?rest_route=%2Fwp%2Fv2%2Ftags&post=2695"}],"curies":[{"name":"wp","href":"https:\/\/api.w.org\/{rel}","templated":true}]}}