{"id":2922,"date":"2020-06-23T14:24:01","date_gmt":"2020-06-23T14:24:01","guid":{"rendered":"http:\/\/ensemblepouremerainville.fr\/?p=2922"},"modified":"2020-06-23T14:24:01","modified_gmt":"2020-06-23T14:24:01","slug":"vous-avez-vote-capem-voila-pour-quoi-et-pour-qui-vous-avez-vote","status":"publish","type":"post","link":"https:\/\/ensemblepouremerainville.fr\/?p=2922","title":{"rendered":"Vous avez vot\u00e9 CAP&rsquo;EM ? Voil\u00e0 pour quoi et pour qui vous avez vot\u00e9 !"},"content":{"rendered":"<p>Vu sur le compte FB de Cap&#8217;em. Une page FB qui ressemble plus \u00e0 une parodie de l&rsquo;ULEM qu&rsquo;\u00e0 une page de candidats responsables.<\/p>\n<p>Il est \u00e9crit, sans rire, que Cap&#8217;em \u00ab\u00a0parle du quotient familiale abracadabra le quotient familiale appara\u00eet dans une autre liste\u00a0\u00bb<\/p>\n<p>&nbsp;<\/p>\n<p>Mais de qui se moquent-ils ? Des \u00e9lecteurs sans doute.<\/p>\n<p>&nbsp;<\/p>\n<p>Ils parlent du quotient familial. \u00c7\u00e0, oui, ils parlent. Pour parler il n&rsquo;y a pas de probl\u00e8me.<\/p>\n<p>Ils parlent, ils parlent et puis ils oublies. L&rsquo;\u00e9quipe de Cap&#8217;em n&rsquo;a pas de m\u00e9moire.<\/p>\n<p>&nbsp;<\/p>\n<p>Ils nous reprochent de faire des quotients familiaux notre cheval de bataille en mati\u00e8re de r\u00e9duction des in\u00e9galit\u00e9s.<\/p>\n<p>Ils promettent, beaucoup. Ils ont \u00e9t\u00e9 \u00e0 bonne \u00e9cole dans la majorit\u00e9 pendant tant d&rsquo;ann\u00e9es, mais ils n&rsquo;ont toujours pas de m\u00e9moire.<\/p>\n<p>&nbsp;<\/p>\n<p>Parce que nous, nous avons de la m\u00e9moire et nous savons que le lundi 3 octobre 2016 les leaders de CAp&#8217;em qui \u00e9tait dans la majorit\u00e9 ont vot\u00e9 d&rsquo;une seule voix la suppression des quotients familiaux dans les cantines scolaires. A l&rsquo;\u00e9poque il n&rsquo;ont pas dit un mot sur le sujet et aujourd&rsquo;hui ils d\u00e9couvrent les quotients familiaux.<\/p>\n<h3>Jacques Huleux a vot\u00e9 CONTRE. Mr Quinion et ses ami\u00b7e\u00b7s ont vot\u00e9 POUR.<\/h3>\n<p><img data-recalc-dims=\"1\" loading=\"lazy\" decoding=\"async\" class=\"alignnone size-full wp-image-2921\" src=\"https:\/\/i0.wp.com\/ensemblepouremerainville.fr\/wp-content\/uploads\/2020\/06\/2020-06-23_151552.jpg?resize=590%2C411&#038;ssl=1\" alt=\"\" width=\"590\" height=\"411\" srcset=\"https:\/\/i0.wp.com\/ensemblepouremerainville.fr\/wp-content\/uploads\/2020\/06\/2020-06-23_151552.jpg?w=1060&amp;ssl=1 1060w, https:\/\/i0.wp.com\/ensemblepouremerainville.fr\/wp-content\/uploads\/2020\/06\/2020-06-23_151552.jpg?resize=300%2C209&amp;ssl=1 300w, https:\/\/i0.wp.com\/ensemblepouremerainville.fr\/wp-content\/uploads\/2020\/06\/2020-06-23_151552.jpg?resize=1024%2C713&amp;ssl=1 1024w, https:\/\/i0.wp.com\/ensemblepouremerainville.fr\/wp-content\/uploads\/2020\/06\/2020-06-23_151552.jpg?resize=600%2C418&amp;ssl=1 600w\" sizes=\"auto, (max-width: 590px) 100vw, 590px\" \/><\/p>\n<p>&nbsp;<\/p>\n","protected":false},"excerpt":{"rendered":"<p>Vu sur le compte FB de Cap&#8217;em. Une page FB qui ressemble plus \u00e0 une parodie de l&rsquo;ULEM qu&rsquo;\u00e0 une page de candidats responsables. Il est \u00e9crit, sans rire, que Cap&#8217;em \u00ab\u00a0parle du quotient familiale abracadabra le quotient familiale appara\u00eet dans une autre liste\u00a0\u00bb &nbsp; Mais de qui se moquent-ils ? Des \u00e9lecteurs sans doute&#8230;. <\/p>\n<div class=\"read-more\"><a href=\"https:\/\/ensemblepouremerainville.fr\/?p=2922\">Lire la suite<\/a><\/div>\n","protected":false},"author":2,"featured_media":2919,"comment_status":"open","ping_status":"open","sticky":false,"template":"","format":"standard","meta":{"footnotes":""},"categories":[58],"tags":[],"class_list":["post-2922","post","type-post","status-publish","format-standard","has-post-thumbnail","hentry","category-emerainville"],"_links":{"self":[{"href":"https:\/\/ensemblepouremerainville.fr\/index.php?rest_route=\/wp\/v2\/posts\/2922","targetHints":{"allow":["GET"]}}],"collection":[{"href":"https:\/\/ensemblepouremerainville.fr\/index.php?rest_route=\/wp\/v2\/posts"}],"about":[{"href":"https:\/\/ensemblepouremerainville.fr\/index.php?rest_route=\/wp\/v2\/types\/post"}],"author":[{"embeddable":true,"href":"https:\/\/ensemblepouremerainville.fr\/index.php?rest_route=\/wp\/v2\/users\/2"}],"replies":[{"embeddable":true,"href":"https:\/\/ensemblepouremerainville.fr\/index.php?rest_route=%2Fwp%2Fv2%2Fcomments&post=2922"}],"version-history":[{"count":1,"href":"https:\/\/ensemblepouremerainville.fr\/index.php?rest_route=\/wp\/v2\/posts\/2922\/revisions"}],"predecessor-version":[{"id":2923,"href":"https:\/\/ensemblepouremerainville.fr\/index.php?rest_route=\/wp\/v2\/posts\/2922\/revisions\/2923"}],"wp:featuredmedia":[{"embeddable":true,"href":"https:\/\/ensemblepouremerainville.fr\/index.php?rest_route=\/wp\/v2\/media\/2919"}],"wp:attachment":[{"href":"https:\/\/ensemblepouremerainville.fr\/index.php?rest_route=%2Fwp%2Fv2%2Fmedia&parent=2922"}],"wp:term":[{"taxonomy":"category","embeddable":true,"href":"https:\/\/ensemblepouremerainville.fr\/index.php?rest_route=%2Fwp%2Fv2%2Fcategories&post=2922"},{"taxonomy":"post_tag","embeddable":true,"href":"https:\/\/ensemblepouremerainville.fr\/index.php?rest_route=%2Fwp%2Fv2%2Ftags&post=2922"}],"curies":[{"name":"wp","href":"https:\/\/api.w.org\/{rel}","templated":true}]}}