{"id":2924,"date":"2020-06-24T15:08:47","date_gmt":"2020-06-24T15:08:47","guid":{"rendered":"http:\/\/ensemblepouremerainville.fr\/?p=2924"},"modified":"2020-06-24T15:08:47","modified_gmt":"2020-06-24T15:08:47","slug":"vague-verte-annoncee-sur-la-france","status":"publish","type":"post","link":"https:\/\/ensemblepouremerainville.fr\/?p=2924","title":{"rendered":"Vague verte annonc\u00e9e sur la France&#8230;"},"content":{"rendered":"<p><img data-recalc-dims=\"1\" loading=\"lazy\" decoding=\"async\" class=\"alignnone size-full wp-image-2925\" src=\"https:\/\/i0.wp.com\/ensemblepouremerainville.fr\/wp-content\/uploads\/2020\/06\/2020-06-24_170419.jpg?resize=590%2C553&#038;ssl=1\" alt=\"\" width=\"590\" height=\"553\" srcset=\"https:\/\/i0.wp.com\/ensemblepouremerainville.fr\/wp-content\/uploads\/2020\/06\/2020-06-24_170419.jpg?w=655&amp;ssl=1 655w, https:\/\/i0.wp.com\/ensemblepouremerainville.fr\/wp-content\/uploads\/2020\/06\/2020-06-24_170419.jpg?resize=300%2C281&amp;ssl=1 300w, https:\/\/i0.wp.com\/ensemblepouremerainville.fr\/wp-content\/uploads\/2020\/06\/2020-06-24_170419.jpg?resize=600%2C562&amp;ssl=1 600w\" sizes=\"auto, (max-width: 590px) 100vw, 590px\" \/><\/p>\n<p>Si c&rsquo;est possible \u00e0 Marseille, \u00e0 Grenoble, \u00e0 Lyon&#8230;<\/p>\n<p>&#8230;pourquoi cela ne le serait pas \u00e0 Emerainville ?<\/p>\n<h3>Avec Jacques Huleux et la liste \u00ab\u00a0Ensemble pour Emerainville\u00a0\u00bb<\/h3>\n","protected":false},"excerpt":{"rendered":"<p>Si c&rsquo;est possible \u00e0 Marseille, \u00e0 Grenoble, \u00e0 Lyon&#8230; &#8230;pourquoi cela ne le serait pas \u00e0 Emerainville ? Avec Jacques Huleux et la liste \u00ab\u00a0Ensemble pour Emerainville\u00a0\u00bb<\/p>\n","protected":false},"author":2,"featured_media":2925,"comment_status":"open","ping_status":"open","sticky":false,"template":"","format":"standard","meta":{"footnotes":""},"categories":[58],"tags":[],"class_list":["post-2924","post","type-post","status-publish","format-standard","has-post-thumbnail","hentry","category-emerainville"],"_links":{"self":[{"href":"https:\/\/ensemblepouremerainville.fr\/index.php?rest_route=\/wp\/v2\/posts\/2924","targetHints":{"allow":["GET"]}}],"collection":[{"href":"https:\/\/ensemblepouremerainville.fr\/index.php?rest_route=\/wp\/v2\/posts"}],"about":[{"href":"https:\/\/ensemblepouremerainville.fr\/index.php?rest_route=\/wp\/v2\/types\/post"}],"author":[{"embeddable":true,"href":"https:\/\/ensemblepouremerainville.fr\/index.php?rest_route=\/wp\/v2\/users\/2"}],"replies":[{"embeddable":true,"href":"https:\/\/ensemblepouremerainville.fr\/index.php?rest_route=%2Fwp%2Fv2%2Fcomments&post=2924"}],"version-history":[{"count":1,"href":"https:\/\/ensemblepouremerainville.fr\/index.php?rest_route=\/wp\/v2\/posts\/2924\/revisions"}],"predecessor-version":[{"id":2926,"href":"https:\/\/ensemblepouremerainville.fr\/index.php?rest_route=\/wp\/v2\/posts\/2924\/revisions\/2926"}],"wp:featuredmedia":[{"embeddable":true,"href":"https:\/\/ensemblepouremerainville.fr\/index.php?rest_route=\/wp\/v2\/media\/2925"}],"wp:attachment":[{"href":"https:\/\/ensemblepouremerainville.fr\/index.php?rest_route=%2Fwp%2Fv2%2Fmedia&parent=2924"}],"wp:term":[{"taxonomy":"category","embeddable":true,"href":"https:\/\/ensemblepouremerainville.fr\/index.php?rest_route=%2Fwp%2Fv2%2Fcategories&post=2924"},{"taxonomy":"post_tag","embeddable":true,"href":"https:\/\/ensemblepouremerainville.fr\/index.php?rest_route=%2Fwp%2Fv2%2Ftags&post=2924"}],"curies":[{"name":"wp","href":"https:\/\/api.w.org\/{rel}","templated":true}]}}