{"id":30559,"date":"2023-09-12T11:11:31","date_gmt":"2023-09-12T09:11:31","guid":{"rendered":"https:\/\/ensemblepouremerainville.fr\/?p=30559"},"modified":"2023-09-12T11:11:31","modified_gmt":"2023-09-12T09:11:31","slug":"augmentation-du-pass-navigo-valerie-pecresse-annonce-qui-va-devoir-mettre-la-main-a-la-poche","status":"publish","type":"post","link":"https:\/\/ensemblepouremerainville.fr\/?p=30559","title":{"rendered":"Augmentation du Pass Navigo\u00a0: Val\u00e9rie P\u00e9cresse annonce qui va devoir mettre la main \u00e0 la poche\u00a0!"},"content":{"rendered":"<p><span style=\"color: #ff0000;\"><strong><span style=\"font-size: 18pt;\">D\u00e9j\u00e0 12\u00a0% de hausse fin 2022 c\u2019\u00e9tait trop\u00a0!<\/span><\/strong><\/span><\/p>\n<p><img data-recalc-dims=\"1\" loading=\"lazy\" decoding=\"async\" class=\"size-full wp-image-30560 alignleft\" src=\"https:\/\/i0.wp.com\/ensemblepouremerainville.fr\/wp-content\/uploads\/2023\/09\/Capture-decran-2023-09-10-a-18.22.37.png?resize=571%2C358&#038;ssl=1\" alt=\"\" width=\"571\" height=\"358\" srcset=\"https:\/\/i0.wp.com\/ensemblepouremerainville.fr\/wp-content\/uploads\/2023\/09\/Capture-decran-2023-09-10-a-18.22.37.png?w=571&amp;ssl=1 571w, https:\/\/i0.wp.com\/ensemblepouremerainville.fr\/wp-content\/uploads\/2023\/09\/Capture-decran-2023-09-10-a-18.22.37.png?resize=300%2C188&amp;ssl=1 300w\" sizes=\"auto, (max-width: 571px) 100vw, 571px\" \/><\/p>\n<p><span style=\"font-size: 14pt; color: #ff0000;\">Un an \u00e0 peine apr\u00e8s l\u2019augmentation du pass Navigo, le s\u00e9same du m\u00e9tro francilien va encore subir une hausse, a annonc\u00e9 Val\u00e9rie P\u00e9cresse.<\/span><\/p>\n<p>&nbsp;<\/p>\n<p>Apr\u00e8s la majoration de pr\u00e8s de 12\u00a0% du prix, la facture va encore s\u2019alourdir, mais la pr\u00e9sidente de la R\u00e9gion \u00cele-de-France n\u2019a pas pr\u00e9cis\u00e9 \u00e0 quelle hauteur. Elle promet toutefois que les usagers ne seront plus les seuls \u00e0 devoir passer<span class=\"Apple-converted-space\">\u00a0 <\/span>\u00e0 la caisse.<\/p>\n<p>Les entreprises devront elles aussi payer leur tribut. Adopt\u00e9e dans le courant de l\u2019\u00e9t\u00e9 lors du conseil d\u2019administration d\u2019\u00cele-de-France Mobilit\u00e9s (IDFM), la mesure devrait \u00eatre vot\u00e9e en d\u00e9cembre prochain.<\/p>\n<p style=\"text-align: center;\"><span style=\"font-size: 14pt;\"><b>Payer de + en + pour utiliser de &#8211; en &#8211; !<\/b><\/span><\/p>\n<p>Or, dans son rapport sur l\u2019organisation des Jeux olympiques et paraolympiques, la Cour des comptes a insist\u00e9 sur l\u2019importance de r\u00e9duire l\u2019utilisation des r\u00e9seaux de transports collectifs et routiers par les usagers du quotidien en vue de la mise en place d\u2019un <b>pilotage de la demande de transport<\/b>.<\/p>\n<p>Tr\u00e8s concr\u00e8tement, il s\u2019agit, en amont des Jeux, d\u2019informer les Franciliens (habitants, employeurs, responsables de grands \u00e9quipements, commerces) des difficult\u00e9s de d\u00e9placement \u00e0 anticiper pendant les comp\u00e9titions afin de d\u00e9courager certains flux\u00a0, r\u00e9sume Val\u00e9rie P\u00e9cresse.<span class=\"Apple-converted-space\">\u00a0<\/span><\/p>\n<p><img data-recalc-dims=\"1\" loading=\"lazy\" decoding=\"async\" class=\"alignright wp-image-30561\" src=\"https:\/\/i0.wp.com\/ensemblepouremerainville.fr\/wp-content\/uploads\/2023\/09\/Capture-decran-2023-09-10-a-17.15.31.png?resize=414%2C276&#038;ssl=1\" alt=\"\" width=\"414\" height=\"276\" srcset=\"https:\/\/i0.wp.com\/ensemblepouremerainville.fr\/wp-content\/uploads\/2023\/09\/Capture-decran-2023-09-10-a-17.15.31.png?w=569&amp;ssl=1 569w, https:\/\/i0.wp.com\/ensemblepouremerainville.fr\/wp-content\/uploads\/2023\/09\/Capture-decran-2023-09-10-a-17.15.31.png?resize=300%2C200&amp;ssl=1 300w\" sizes=\"auto, (max-width: 414px) 100vw, 414px\" \/><\/p>\n<p>&nbsp;<\/p>\n<p>Voil\u00e0 tout le sens de la gestion lib\u00e9rale pratiqu\u00e9e par la majorit\u00e9 r\u00e9gionale.<\/p>\n<p style=\"text-align: center;\"><strong> Les prix se modifient \u00a0suivant l\u2019audace LIB\u00c9RALE. <\/strong><\/p>\n<p>En faisant disparaitre l\u2019ensemble des orientations de transition \u00e9nerg\u00e9tique et climatique.<\/p>\n<p>L\u2019ensemble des usagers qui subissent au quotidien les retards et inconforts voit leurs demandes tomber dans l\u2019oubli le plus total.<\/p>\n<p style=\"text-align: right;\"><span style=\"font-size: 14pt;\">A Emerainville on a aussi des LIBERAUX !!<\/span><\/p>\n<p><img data-recalc-dims=\"1\" loading=\"lazy\" decoding=\"async\" class=\"alignright size-full wp-image-30563\" src=\"https:\/\/i0.wp.com\/ensemblepouremerainville.fr\/wp-content\/uploads\/2023\/09\/Capture-decran-2023-09-10-a-18.11.05.png?resize=590%2C194&#038;ssl=1\" alt=\"\" width=\"590\" height=\"194\" srcset=\"https:\/\/i0.wp.com\/ensemblepouremerainville.fr\/wp-content\/uploads\/2023\/09\/Capture-decran-2023-09-10-a-18.11.05.png?w=599&amp;ssl=1 599w, https:\/\/i0.wp.com\/ensemblepouremerainville.fr\/wp-content\/uploads\/2023\/09\/Capture-decran-2023-09-10-a-18.11.05.png?resize=300%2C99&amp;ssl=1 300w\" sizes=\"auto, (max-width: 590px) 100vw, 590px\" \/><\/p>\n<p><span style=\"font-size: 12pt;\">Jusqu\u2019o\u00f9 tout cela va-t-il nous mener, la col\u00e8re couve et par la suite certains joueront les \u00e9tonn\u00e9s en brandissant des demandes \u00ab\u00a0d\u2019AUTORIT\u00c9\u00a0\u00bb.<\/span><\/p>\n","protected":false},"excerpt":{"rendered":"<p>D\u00e9j\u00e0 12\u00a0% de hausse fin 2022 c\u2019\u00e9tait trop\u00a0! Un an \u00e0 peine apr\u00e8s l\u2019augmentation du pass Navigo, le s\u00e9same du m\u00e9tro francilien va encore subir une hausse, a annonc\u00e9 Val\u00e9rie P\u00e9cresse. &nbsp; Apr\u00e8s la majoration de pr\u00e8s de 12\u00a0% du prix, la facture va encore s\u2019alourdir, mais la pr\u00e9sidente de la R\u00e9gion \u00cele-de-France n\u2019a pas&#8230; <\/p>\n<div class=\"read-more\"><a href=\"https:\/\/ensemblepouremerainville.fr\/?p=30559\">Lire la suite<\/a><\/div>\n","protected":false},"author":1,"featured_media":30560,"comment_status":"open","ping_status":"open","sticky":false,"template":"","format":"standard","meta":{"footnotes":""},"categories":[35,58,34],"tags":[],"class_list":["post-30559","post","type-post","status-publish","format-standard","has-post-thumbnail","hentry","category-actualite","category-emerainville","category-infos"],"_links":{"self":[{"href":"https:\/\/ensemblepouremerainville.fr\/index.php?rest_route=\/wp\/v2\/posts\/30559","targetHints":{"allow":["GET"]}}],"collection":[{"href":"https:\/\/ensemblepouremerainville.fr\/index.php?rest_route=\/wp\/v2\/posts"}],"about":[{"href":"https:\/\/ensemblepouremerainville.fr\/index.php?rest_route=\/wp\/v2\/types\/post"}],"author":[{"embeddable":true,"href":"https:\/\/ensemblepouremerainville.fr\/index.php?rest_route=\/wp\/v2\/users\/1"}],"replies":[{"embeddable":true,"href":"https:\/\/ensemblepouremerainville.fr\/index.php?rest_route=%2Fwp%2Fv2%2Fcomments&post=30559"}],"version-history":[{"count":3,"href":"https:\/\/ensemblepouremerainville.fr\/index.php?rest_route=\/wp\/v2\/posts\/30559\/revisions"}],"predecessor-version":[{"id":30566,"href":"https:\/\/ensemblepouremerainville.fr\/index.php?rest_route=\/wp\/v2\/posts\/30559\/revisions\/30566"}],"wp:featuredmedia":[{"embeddable":true,"href":"https:\/\/ensemblepouremerainville.fr\/index.php?rest_route=\/wp\/v2\/media\/30560"}],"wp:attachment":[{"href":"https:\/\/ensemblepouremerainville.fr\/index.php?rest_route=%2Fwp%2Fv2%2Fmedia&parent=30559"}],"wp:term":[{"taxonomy":"category","embeddable":true,"href":"https:\/\/ensemblepouremerainville.fr\/index.php?rest_route=%2Fwp%2Fv2%2Fcategories&post=30559"},{"taxonomy":"post_tag","embeddable":true,"href":"https:\/\/ensemblepouremerainville.fr\/index.php?rest_route=%2Fwp%2Fv2%2Ftags&post=30559"}],"curies":[{"name":"wp","href":"https:\/\/api.w.org\/{rel}","templated":true}]}}