{"id":30604,"date":"2023-10-10T18:10:32","date_gmt":"2023-10-10T16:10:32","guid":{"rendered":"https:\/\/ensemblepouremerainville.fr\/?p=30604"},"modified":"2023-10-10T18:10:32","modified_gmt":"2023-10-10T16:10:32","slug":"209-postes-supprimes-par-lintelligence-artificielle-ia","status":"publish","type":"post","link":"https:\/\/ensemblepouremerainville.fr\/?p=30604","title":{"rendered":"209 postes supprim\u00e9s par l&rsquo;intelligence artificielle (IA)"},"content":{"rendered":"<p>&nbsp;<\/p>\n<p><span style=\"color: #008000;\"><strong><span style=\"font-size: 18pt;\">Le progr\u00e8s est comme l&rsquo;\u00e9cologie, il ne peut \u00eatre appliqu\u00e9 sans accompagnements sociaux importants.<\/span><\/strong><\/span><\/p>\n<p><span style=\"font-size: 14pt; color: #008000;\">L&rsquo;\u00e9volution des soci\u00e9t\u00e9s humaines doit en passer par l\u00e0.<\/span><\/p>\n<p>&nbsp;<\/p>\n<p><strong>ONCLUSIVE LICENCIE LA MOITI\u00c9 DE SES SALARI\u00c9S FRAN\u00c7AIS POUR LES REMPLACER PAR UNE INTELLIGENCE ARTIFICIELLE<\/strong><\/p>\n<p><img data-recalc-dims=\"1\" loading=\"lazy\" decoding=\"async\" class=\"alignright size-full wp-image-30606\" src=\"https:\/\/i0.wp.com\/ensemblepouremerainville.fr\/wp-content\/uploads\/2023\/10\/Capture-decran-2023-10-10-a-17.57.07.png?resize=239%2C178&#038;ssl=1\" alt=\"\" width=\"239\" height=\"178\" \/><\/p>\n<p>L\u2019annonce a fait l\u2019effet d\u2019une bombe. Le sp\u00e9cialiste des relations presse Onclusive a annonc\u00e9 mi-septembre le licenciement d\u2019une partie des salari\u00e9s de sa branche fran\u00e7aise.<span class=\"Apple-converted-space\">\u00a0<\/span><\/p>\n<p>En cause\u00a0: l\u2019automatisation de certaines t\u00e2ches et le d\u00e9ploiement de l\u2019intelligence artificielle qui devraient, \u00e0 terme, provoquer la suppression de <strong>209 postes<\/strong>.<\/p>\n<p>Le premier plan social li\u00e9 &#8211; en partie &#8211; \u00e0 l\u2019intelligence artificielle en France. Voici ce qui attend les salari\u00e9s d\u2019Onclusive, entreprise leader de la veille, l\u2019analyse et la gestion des relations presse.<\/p>\n<p><span class=\"Apple-converted-space\">\u00a0<\/span>D\u2019abord pr\u00e9venus par le si\u00e8ge Londonien \u00e0 travers un simple mail, les employ\u00e9s du bureau fran\u00e7ais ont eu confirmation le 14 septembre suivant de la vague de licenciements<\/p>\n<p>envisag\u00e9e par la soci\u00e9t\u00e9 lors d\u2019une<span class=\"Apple-converted-space\">\u00a0<\/span>visioconf\u00e9rence anim\u00e9e par son PDG, Rob Stone.<\/p>\n<p>Ce dernier, arriv\u00e9 \u00e0 peine un an plus t\u00f4t \u00e0 la t\u00eate d\u2019Onclusive, a alors d\u00e9taill\u00e9 la nouvelle strat\u00e9gie poursuivie par le groupe de communication,<\/p>\n<p><img data-recalc-dims=\"1\" loading=\"lazy\" decoding=\"async\" class=\"alignright size-full wp-image-30605\" src=\"https:\/\/i0.wp.com\/ensemblepouremerainville.fr\/wp-content\/uploads\/2023\/10\/Capture-decran-2023-10-10-a-17.44.19.png?resize=590%2C385&#038;ssl=1\" alt=\"\" width=\"590\" height=\"385\" srcset=\"https:\/\/i0.wp.com\/ensemblepouremerainville.fr\/wp-content\/uploads\/2023\/10\/Capture-decran-2023-10-10-a-17.44.19.png?w=706&amp;ssl=1 706w, https:\/\/i0.wp.com\/ensemblepouremerainville.fr\/wp-content\/uploads\/2023\/10\/Capture-decran-2023-10-10-a-17.44.19.png?resize=300%2C196&amp;ssl=1 300w\" sizes=\"auto, (max-width: 590px) 100vw, 590px\" \/> centr\u00e9e autour de l\u2019intelligence artificielle (IA).<\/p>\n<p>Afin <i>\u00ab\u00a0d\u2019optimiser le service\u00a0\u00bb<\/i> apport\u00e9 \u00e0 ses clients, Onclusive aura d\u00e9sormais <i>\u00ab\u00a0recours \u00e0 des capacit\u00e9s d\u2019automatisation et de digitalisation sophistiqu\u00e9es pour reproduire des t\u00e2ches manuelles\u00a0\u00bb<\/i>, peut-on ainsi lire dans un communiqu\u00e9. <i>\u00ab\u00a0Cela inclut l&rsquo;apport de l&rsquo;intelligence artificielle, mais aussi la modernisation significative de nombreux syst\u00e8mes et infrastructures obsol\u00e8tes h\u00e9rit\u00e9s de nos soci\u00e9t\u00e9s fondatrices\u00a0\u00bb<\/i>,explique Matthew Piercy. Pr\u00e9sident de Reputational Intelligence France chez Onclusive, dans un second document. L\u2019entreprise est en effet le fruit d\u2019une fusion finalis\u00e9e en 2022 entre trois firmes, dont la branche Reputation Intelligence de Kantar.<\/p>\n<p><b>209 postes supprim\u00e9s<\/b><\/p>\n<p><i>source: Article<\/i><i> <\/i><i>Florine Morestin<\/i><\/p>\n<p>Novethic<\/p>\n<p><a href=\"https:\/\/www.novethic.fr\/actualite\/economie\/isr-rse\/licenciements-chute-en-bourse-chatgpt-fait-ses-premieres-victimes-151505.html\"><b>Licenciements, chute en Bourse\u2026 ChatGPT percute le march\u00e9 du travail<\/b><\/a><\/p>\n<p>L\u2019intelligence artificielle, capable de se confondre avec les \u00eatres humains, bouleverse le march\u00e9 du travail. En quelques mois, ChatGPT a r\u00e9volutionn\u00e9 les pratiques au point de provoquer des licenciements ou chute en Bourse. Au sein m\u00eame des plus grands sp\u00e9cialistes de l&rsquo;intelligence&#8230;<\/p>\n","protected":false},"excerpt":{"rendered":"<p>&nbsp; Le progr\u00e8s est comme l&rsquo;\u00e9cologie, il ne peut \u00eatre appliqu\u00e9 sans accompagnements sociaux importants. L&rsquo;\u00e9volution des soci\u00e9t\u00e9s humaines doit en passer par l\u00e0. &nbsp; ONCLUSIVE LICENCIE LA MOITI\u00c9 DE SES SALARI\u00c9S FRAN\u00c7AIS POUR LES REMPLACER PAR UNE INTELLIGENCE ARTIFICIELLE L\u2019annonce a fait l\u2019effet d\u2019une bombe. Le sp\u00e9cialiste des relations presse Onclusive a annonc\u00e9 mi-septembre&#8230; <\/p>\n<div class=\"read-more\"><a href=\"https:\/\/ensemblepouremerainville.fr\/?p=30604\">Lire la suite<\/a><\/div>\n","protected":false},"author":1,"featured_media":30607,"comment_status":"open","ping_status":"open","sticky":false,"template":"","format":"standard","meta":{"footnotes":""},"categories":[35,19,36],"tags":[],"class_list":["post-30604","post","type-post","status-publish","format-standard","has-post-thumbnail","hentry","category-actualite","category-ecologie-developpement-durable-energie","category-emerainville-demain"],"_links":{"self":[{"href":"https:\/\/ensemblepouremerainville.fr\/index.php?rest_route=\/wp\/v2\/posts\/30604","targetHints":{"allow":["GET"]}}],"collection":[{"href":"https:\/\/ensemblepouremerainville.fr\/index.php?rest_route=\/wp\/v2\/posts"}],"about":[{"href":"https:\/\/ensemblepouremerainville.fr\/index.php?rest_route=\/wp\/v2\/types\/post"}],"author":[{"embeddable":true,"href":"https:\/\/ensemblepouremerainville.fr\/index.php?rest_route=\/wp\/v2\/users\/1"}],"replies":[{"embeddable":true,"href":"https:\/\/ensemblepouremerainville.fr\/index.php?rest_route=%2Fwp%2Fv2%2Fcomments&post=30604"}],"version-history":[{"count":2,"href":"https:\/\/ensemblepouremerainville.fr\/index.php?rest_route=\/wp\/v2\/posts\/30604\/revisions"}],"predecessor-version":[{"id":30609,"href":"https:\/\/ensemblepouremerainville.fr\/index.php?rest_route=\/wp\/v2\/posts\/30604\/revisions\/30609"}],"wp:featuredmedia":[{"embeddable":true,"href":"https:\/\/ensemblepouremerainville.fr\/index.php?rest_route=\/wp\/v2\/media\/30607"}],"wp:attachment":[{"href":"https:\/\/ensemblepouremerainville.fr\/index.php?rest_route=%2Fwp%2Fv2%2Fmedia&parent=30604"}],"wp:term":[{"taxonomy":"category","embeddable":true,"href":"https:\/\/ensemblepouremerainville.fr\/index.php?rest_route=%2Fwp%2Fv2%2Fcategories&post=30604"},{"taxonomy":"post_tag","embeddable":true,"href":"https:\/\/ensemblepouremerainville.fr\/index.php?rest_route=%2Fwp%2Fv2%2Ftags&post=30604"}],"curies":[{"name":"wp","href":"https:\/\/api.w.org\/{rel}","templated":true}]}}