{"id":30610,"date":"2023-10-12T17:22:28","date_gmt":"2023-10-12T15:22:28","guid":{"rendered":"https:\/\/ensemblepouremerainville.fr\/?p=30610"},"modified":"2023-10-12T17:22:28","modified_gmt":"2023-10-12T15:22:28","slug":"oui-nous-sommes-une-commune-dile-de-france","status":"publish","type":"post","link":"https:\/\/ensemblepouremerainville.fr\/?p=30610","title":{"rendered":"OUI NOUS SOMMES UNE COMMUNE D&rsquo;\u00ceLE de FRANCE"},"content":{"rendered":"<p><span style=\"font-size: 14pt;\"><strong>Nous devrions \u00eatre int\u00e9ress\u00e9s par cette subvention de la r\u00e9gion ! \u00a0 <img data-recalc-dims=\"1\" loading=\"lazy\" decoding=\"async\" class=\"alignright wp-image-30611\" src=\"https:\/\/i0.wp.com\/ensemblepouremerainville.fr\/wp-content\/uploads\/2023\/10\/Capture-decran-2023-10-11-a-12.24.50.png?resize=386%2C484&#038;ssl=1\" alt=\"\" width=\"386\" height=\"484\" srcset=\"https:\/\/i0.wp.com\/ensemblepouremerainville.fr\/wp-content\/uploads\/2023\/10\/Capture-decran-2023-10-11-a-12.24.50.png?w=602&amp;ssl=1 602w, https:\/\/i0.wp.com\/ensemblepouremerainville.fr\/wp-content\/uploads\/2023\/10\/Capture-decran-2023-10-11-a-12.24.50.png?resize=240%2C300&amp;ssl=1 240w\" sizes=\"auto, (max-width: 386px) 100vw, 386px\" \/> <\/strong><\/span><\/p>\n<p><span style=\"font-size: 14pt;\">Mais voil\u00e0, notre Maire, toujours plein de bonne initiatives,<\/span><\/p>\n<p><span style=\"font-size: 14pt;\"> il a agi sans aucune concertation en suivant son inspiration climatosceptique.<\/span><\/p>\n<p>&nbsp;<\/p>\n<p><span style=\"font-size: 14pt; color: #339966;\"><strong>Pour cette raison il sera le premier maire climatosceptique \u00e0 entrer au MUSEE GREVIN.<\/strong><\/span><\/p>\n<p>&nbsp;<\/p>\n<p><span style=\"font-size: 14pt;\">Les faits : Il y a quelques mois il a donn\u00e9 ordre de raser toutes les haies<\/span><\/p>\n<p><span style=\"font-size: 14pt;\"> qui se trouvaient devant la mairie <\/span><span style=\"font-size: 14pt;\">et qui bordaient l&rsquo;\u00e9glise Saint-Eloi.<\/span><\/p>\n<p>&nbsp;<\/p>\n<p><span style=\"font-size: 14pt;\">Voila de quelle mani\u00e8re Alain Kelyor r\u00e9alise des points de fra\u00eecheur.\u00a0<\/span><\/p>\n<p>&nbsp;<\/p>\n<p><span style=\"font-size: 14pt;\">La seule commune \u00e0 n&rsquo;avoir aucun panneau photovolta\u00efque,<\/span><\/p>\n<p><span style=\"font-size: 14pt;\">aucun r\u00e9servoir de r\u00e9cup\u00e9ration d&rsquo;eau de pluie.<\/span><\/p>\n<p><span style=\"font-size: 14pt;\">Aucune \u00e9conomie d&rsquo;\u00e9nergie, nous payons tout cash.<\/span><\/p>\n<p><img data-recalc-dims=\"1\" loading=\"lazy\" decoding=\"async\" class=\" wp-image-30612 alignleft\" src=\"https:\/\/i0.wp.com\/ensemblepouremerainville.fr\/wp-content\/uploads\/2023\/10\/Capture-decran-2023-10-11-a-12.25.17.png?resize=314%2C446&#038;ssl=1\" alt=\"\" width=\"314\" height=\"446\" srcset=\"https:\/\/i0.wp.com\/ensemblepouremerainville.fr\/wp-content\/uploads\/2023\/10\/Capture-decran-2023-10-11-a-12.25.17.png?w=602&amp;ssl=1 602w, https:\/\/i0.wp.com\/ensemblepouremerainville.fr\/wp-content\/uploads\/2023\/10\/Capture-decran-2023-10-11-a-12.25.17.png?resize=211%2C300&amp;ssl=1 211w\" sizes=\"auto, (max-width: 314px) 100vw, 314px\" \/><\/p>\n<p><span style=\"font-size: 14pt;\">J&rsquo;ai fait plusieurs fois des interventions depuis plusieurs ann\u00e9es,<\/span><\/p>\n<p><span style=\"font-size: 14pt;\">\u00e0 chacune de mes interventions j&rsquo;ai \u00e9t\u00e9 trait\u00e9 de r\u00eaveur, d&rsquo;utopiste, d&rsquo;opposition irr\u00e9aliste.<\/span><\/p>\n<p><span style=\"font-size: 14pt;\">M\u00eame la majorit\u00e9 de droite de Val\u00e9rie P\u00e9cresse \u00e0 la r\u00e9gion fait des efforts financiers<\/span><\/p>\n<p><span style=\"font-size: 14pt;\"> pour essayer de contrer le d\u00e9r\u00e8glement climatique.<img data-recalc-dims=\"1\" loading=\"lazy\" decoding=\"async\" class=\"wp-image-30622 alignnone\" src=\"https:\/\/i0.wp.com\/ensemblepouremerainville.fr\/wp-content\/uploads\/2023\/10\/DSCN0207-1-scaled.jpeg?resize=565%2C424&#038;ssl=1\" alt=\"\" width=\"565\" height=\"424\" srcset=\"https:\/\/i0.wp.com\/ensemblepouremerainville.fr\/wp-content\/uploads\/2023\/10\/DSCN0207-1-scaled.jpeg?w=2560&amp;ssl=1 2560w, https:\/\/i0.wp.com\/ensemblepouremerainville.fr\/wp-content\/uploads\/2023\/10\/DSCN0207-1-scaled.jpeg?resize=300%2C225&amp;ssl=1 300w, https:\/\/i0.wp.com\/ensemblepouremerainville.fr\/wp-content\/uploads\/2023\/10\/DSCN0207-1-scaled.jpeg?resize=1024%2C768&amp;ssl=1 1024w, https:\/\/i0.wp.com\/ensemblepouremerainville.fr\/wp-content\/uploads\/2023\/10\/DSCN0207-1-scaled.jpeg?resize=1536%2C1152&amp;ssl=1 1536w, https:\/\/i0.wp.com\/ensemblepouremerainville.fr\/wp-content\/uploads\/2023\/10\/DSCN0207-1-scaled.jpeg?resize=2048%2C1536&amp;ssl=1 2048w, https:\/\/i0.wp.com\/ensemblepouremerainville.fr\/wp-content\/uploads\/2023\/10\/DSCN0207-1-scaled.jpeg?resize=1320%2C990&amp;ssl=1 1320w, https:\/\/i0.wp.com\/ensemblepouremerainville.fr\/wp-content\/uploads\/2023\/10\/DSCN0207-1-scaled.jpeg?w=1180&amp;ssl=1 1180w, https:\/\/i0.wp.com\/ensemblepouremerainville.fr\/wp-content\/uploads\/2023\/10\/DSCN0207-1-scaled.jpeg?w=1770&amp;ssl=1 1770w\" sizes=\"auto, (max-width: 565px) 100vw, 565px\" \/><\/span><\/p>\n<p style=\"text-align: center;\"><img data-recalc-dims=\"1\" loading=\"lazy\" decoding=\"async\" class=\"wp-image-30617 aligncenter\" src=\"https:\/\/i0.wp.com\/ensemblepouremerainville.fr\/wp-content\/uploads\/2023\/10\/DSCN0208-scaled.jpeg?resize=474%2C355&#038;ssl=1\" alt=\"\" width=\"474\" height=\"355\" srcset=\"https:\/\/i0.wp.com\/ensemblepouremerainville.fr\/wp-content\/uploads\/2023\/10\/DSCN0208-scaled.jpeg?w=2560&amp;ssl=1 2560w, https:\/\/i0.wp.com\/ensemblepouremerainville.fr\/wp-content\/uploads\/2023\/10\/DSCN0208-scaled.jpeg?resize=300%2C225&amp;ssl=1 300w, https:\/\/i0.wp.com\/ensemblepouremerainville.fr\/wp-content\/uploads\/2023\/10\/DSCN0208-scaled.jpeg?resize=1024%2C768&amp;ssl=1 1024w, https:\/\/i0.wp.com\/ensemblepouremerainville.fr\/wp-content\/uploads\/2023\/10\/DSCN0208-scaled.jpeg?resize=1536%2C1152&amp;ssl=1 1536w, https:\/\/i0.wp.com\/ensemblepouremerainville.fr\/wp-content\/uploads\/2023\/10\/DSCN0208-scaled.jpeg?resize=2048%2C1536&amp;ssl=1 2048w, https:\/\/i0.wp.com\/ensemblepouremerainville.fr\/wp-content\/uploads\/2023\/10\/DSCN0208-scaled.jpeg?resize=1320%2C990&amp;ssl=1 1320w, https:\/\/i0.wp.com\/ensemblepouremerainville.fr\/wp-content\/uploads\/2023\/10\/DSCN0208-scaled.jpeg?w=1180&amp;ssl=1 1180w, https:\/\/i0.wp.com\/ensemblepouremerainville.fr\/wp-content\/uploads\/2023\/10\/DSCN0208-scaled.jpeg?w=1770&amp;ssl=1 1770w\" sizes=\"auto, (max-width: 474px) 100vw, 474px\" \/><strong><span style=\"font-size: 18pt;\">Nous ne m\u00e9ritons pas d&rsquo;\u00eatre trait\u00e9s de cette mani\u00e8re.<\/span><\/strong><\/p>\n<p style=\"text-align: center;\"><strong><span style=\"font-size: 18pt;\">Ecologistes ou pas.<\/span><\/strong><\/p>\n","protected":false},"excerpt":{"rendered":"<p>Nous devrions \u00eatre int\u00e9ress\u00e9s par cette subvention de la r\u00e9gion ! \u00a0 Mais voil\u00e0, notre Maire, toujours plein de bonne initiatives, il a agi sans aucune concertation en suivant son inspiration climatosceptique. &nbsp; Pour cette raison il sera le premier maire climatosceptique \u00e0 entrer au MUSEE GREVIN. &nbsp; Les faits : Il y a quelques&#8230; <\/p>\n<div class=\"read-more\"><a href=\"https:\/\/ensemblepouremerainville.fr\/?p=30610\">Lire la suite<\/a><\/div>\n","protected":false},"author":1,"featured_media":30613,"comment_status":"open","ping_status":"open","sticky":false,"template":"","format":"standard","meta":{"_bbp_topic_count":0,"_bbp_reply_count":0,"_bbp_total_topic_count":0,"_bbp_total_reply_count":0,"_bbp_voice_count":0,"_bbp_anonymous_reply_count":0,"_bbp_topic_count_hidden":0,"_bbp_reply_count_hidden":0,"_bbp_forum_subforum_count":0,"footnotes":""},"categories":[35,256,19],"tags":[],"class_list":["post-30610","post","type-post","status-publish","format-standard","has-post-thumbnail","hentry","category-actualite","category-les-constats","category-ecologie-developpement-durable-energie"],"_links":{"self":[{"href":"https:\/\/ensemblepouremerainville.fr\/index.php?rest_route=\/wp\/v2\/posts\/30610","targetHints":{"allow":["GET"]}}],"collection":[{"href":"https:\/\/ensemblepouremerainville.fr\/index.php?rest_route=\/wp\/v2\/posts"}],"about":[{"href":"https:\/\/ensemblepouremerainville.fr\/index.php?rest_route=\/wp\/v2\/types\/post"}],"author":[{"embeddable":true,"href":"https:\/\/ensemblepouremerainville.fr\/index.php?rest_route=\/wp\/v2\/users\/1"}],"replies":[{"embeddable":true,"href":"https:\/\/ensemblepouremerainville.fr\/index.php?rest_route=%2Fwp%2Fv2%2Fcomments&post=30610"}],"version-history":[{"count":6,"href":"https:\/\/ensemblepouremerainville.fr\/index.php?rest_route=\/wp\/v2\/posts\/30610\/revisions"}],"predecessor-version":[{"id":30628,"href":"https:\/\/ensemblepouremerainville.fr\/index.php?rest_route=\/wp\/v2\/posts\/30610\/revisions\/30628"}],"wp:featuredmedia":[{"embeddable":true,"href":"https:\/\/ensemblepouremerainville.fr\/index.php?rest_route=\/wp\/v2\/media\/30613"}],"wp:attachment":[{"href":"https:\/\/ensemblepouremerainville.fr\/index.php?rest_route=%2Fwp%2Fv2%2Fmedia&parent=30610"}],"wp:term":[{"taxonomy":"category","embeddable":true,"href":"https:\/\/ensemblepouremerainville.fr\/index.php?rest_route=%2Fwp%2Fv2%2Fcategories&post=30610"},{"taxonomy":"post_tag","embeddable":true,"href":"https:\/\/ensemblepouremerainville.fr\/index.php?rest_route=%2Fwp%2Fv2%2Ftags&post=30610"}],"curies":[{"name":"wp","href":"https:\/\/api.w.org\/{rel}","templated":true}]}}