{"id":30693,"date":"2023-11-23T21:20:46","date_gmt":"2023-11-23T20:20:46","guid":{"rendered":"https:\/\/ensemblepouremerainville.fr\/?p=30693"},"modified":"2023-11-23T21:38:00","modified_gmt":"2023-11-23T20:38:00","slug":"face-aux-exces-la-normandie-suspend-ses-aides-a-la-methanisation","status":"publish","type":"post","link":"https:\/\/ensemblepouremerainville.fr\/?p=30693","title":{"rendered":"Face aux exc\u00e8s, la Normandie suspend ses aides \u00e0 la m\u00e9thanisation"},"content":{"rendered":"<p><strong>Coup de semonce pour la fili\u00e8re biogaz.<\/strong><\/p>\n<p><img data-recalc-dims=\"1\" loading=\"lazy\" decoding=\"async\" class=\"wp-image-30697 aligncenter\" src=\"https:\/\/i0.wp.com\/ensemblepouremerainville.fr\/wp-content\/uploads\/2023\/11\/Capture-decran-2023-11-23-a-18.43.29.png?resize=590%2C249&#038;ssl=1\" alt=\"\" width=\"590\" height=\"249\" srcset=\"https:\/\/i0.wp.com\/ensemblepouremerainville.fr\/wp-content\/uploads\/2023\/11\/Capture-decran-2023-11-23-a-18.43.29.png?w=540&amp;ssl=1 540w, https:\/\/i0.wp.com\/ensemblepouremerainville.fr\/wp-content\/uploads\/2023\/11\/Capture-decran-2023-11-23-a-18.43.29.png?resize=300%2C127&amp;ssl=1 300w\" sizes=\"auto, (max-width: 590px) 100vw, 590px\" \/><\/p>\n<p>Depuis la semaine derni\u00e8re, la R\u00e9gion Normandie ne verse plus un centime aux nouveaux projets de m\u00e9thanisation qui lui sont soumis.<\/p>\n<p>De son c\u00f4t\u00e9, les aides europ\u00e9ennes du <strong>FEDER<\/strong> pour ce secteur g\u00e9r\u00e9 par lui sont \u00e9galement suspendues jusqu\u2019\u00e0 nouvel ordre.<\/p>\n<p>La raison invoqu\u00e9e ?<span style=\"font-size: 12pt;\"><strong> L\u2019absence de contr\u00f4les pour r\u00e9guler ce secteur en expansion tr\u00e8s rapide.<\/strong><\/span><\/p>\n<p>La R\u00e9gion Normandie pointe notamment le recours croissant de certains exploitants \u00e0 des cultures vivri\u00e8res en lieu et place des effluents (fumiers, lisiers\u2026)<\/p>\n<p>ou d\u00e9chets que les m\u00e9thaniseurs sont cens\u00e9s transformer.<\/p>\n<p><strong>\u00bb <i>La digestion ana\u00e9robie doit servir l\u2019agriculture et non l\u2019inverse<\/i> \u00bb.<\/strong><\/p>\n<p><b>Une d\u00e9cision sans pr\u00e9c\u00e9dent<\/b><\/p>\n<p>La pol\u00e9mique n\u2019est pas nouvelle. Le d\u00e9tournement de la production agricole \u00e0 des fins \u00e9nerg\u00e9tiques est r\u00e9guli\u00e8rement d\u00e9nonc\u00e9 par les associations \u00e9cologistes et les groupes militants.<\/p>\n<p>Mais c\u2019est la premi\u00e8re fois \u00e0 notre connaissance qu\u2019une communaut\u00e9 adopte des mesures coercitives.<\/p>\n<p>Pour justifier cette d\u00e9cision in\u00e9dite, son pr\u00e9sident invoque une mont\u00e9e du ph\u00e9nom\u00e8ne.<\/p>\n<p>Herv\u00e9 Morin incrimine notamment l\u2019utilisation abusive du ma\u00efs \u2013 plante connue pour son pouvoir super m\u00e9thanog\u00e8ne \u2013 en contradiction avec la r\u00e9glementation fran\u00e7aise.<\/p>\n<p><strong> Pour rappel, un d\u00e9cret datant de 2017 interdit l\u2019utilisation de plus de 15 % des cultures vivri\u00e8res \u00e0 des fins de production de biogaz.<\/strong><\/p>\n<p><img data-recalc-dims=\"1\" loading=\"lazy\" decoding=\"async\" class=\"alignright size-full wp-image-30696\" src=\"https:\/\/i0.wp.com\/ensemblepouremerainville.fr\/wp-content\/uploads\/2023\/11\/Capture-decran-2023-11-23-a-18.41.50.png?resize=571%2C228&#038;ssl=1\" alt=\"\" width=\"571\" height=\"228\" srcset=\"https:\/\/i0.wp.com\/ensemblepouremerainville.fr\/wp-content\/uploads\/2023\/11\/Capture-decran-2023-11-23-a-18.41.50.png?w=571&amp;ssl=1 571w, https:\/\/i0.wp.com\/ensemblepouremerainville.fr\/wp-content\/uploads\/2023\/11\/Capture-decran-2023-11-23-a-18.41.50.png?resize=300%2C120&amp;ssl=1 300w\" sizes=\"auto, (max-width: 571px) 100vw, 571px\" \/><\/p>\n<p style=\"text-align: left;\"><b>\u00a0 \u00a0 \u00a0 \u00a0 \u00a0 \u00a0 \u00a0 \u00a0 \u00a0 \u00a0 \u00a0 \u00a0 \u00a0 \u00a0 \u00a0Pour des contr\u00f4les renforc\u00e9s<\/b><\/p>\n<p>Face \u00e0 cette situation, la R\u00e9gion indique qu\u2019elle ne r\u00e9tablira ses aides qu\u2019apr\u00e8s que les services de l\u2019Etat auront proc\u00e9d\u00e9<\/p>\n<p>\u00e0 des contr\u00f4les de v\u00e9rification sur \u00ab <i>tout ou partie <\/i>\u00bb des 35 unit\u00e9s de m\u00e9thanisation auxquelles la collectivit\u00e9 a apport\u00e9 une aide financi\u00e8re<\/p>\n<p>depuis 2016 (pour un montant de<strong> 50 millions d\u2019euros<\/strong>). \u00a0\u00bb <i>Il appartient \u00e0 l\u2019\u00c9tat de v\u00e9rifier la bonne application des r\u00e8gles. <\/i><\/p>\n<p><i>Aujourd\u2019hui, les contr\u00f4les se limitent aux d\u00e9clarations, ce qui permet aux contrevenants de tout faire <\/i>\u00bb.<\/p>\n<p style=\"text-align: left;\"><a href=\"https:\/\/ensemblepouremerainville.fr\/wp-content\/uploads\/2023\/11\/methaniseur-Senat.pdf\">\u00a0 \u00a0 \u00a0 \u00a0 \u00a0 \u00a0 m\u00e9thaniseur S\u00e9nat<\/a>\u00a0 \u00a0ci-contre le texte complet.<\/p>\n<p><span style=\"font-family: 'comic sans ms', sans-serif; font-size: 12pt;\">Il y a trois ann\u00e9es d\u00e9j\u00e0, nous relevions ce fait, lors de l&rsquo;installation d&rsquo;un m\u00e9thaniseur \u00e0 <\/span><\/p>\n<p><span style=\"font-family: 'comic sans ms', sans-serif; font-size: 12pt;\">Chevry-Cossigny.<\/span><\/p>\n<p><span style=\"font-family: 'comic sans ms', sans-serif; font-size: 12pt;\">Si vous parcourez le texte de la loi, vous percevrez que tout est pr\u00e9vu, dans les moindres d\u00e9tails. Les services de l&rsquo;\u00e9tat par l&rsquo;interm\u00e9diaire des pr\u00e9fets doivent contr\u00f4ler et d\u00e9livrer des autorisations.<\/span><\/p>\n<p><span style=\"font-family: 'comic sans ms', sans-serif; font-size: 12pt;\">Mais voil\u00e0, une habitude bien fran\u00e7aise, une loi compl\u00e8te et complexe, d\u00e9battue en de multiples lieux institutionnels , qui met en \u00e9vidence les risques et les guide par des autorisations tr\u00e8s bien \u00e9nonc\u00e9es.<\/span><\/p>\n<p><span style=\"font-family: 'comic sans ms', sans-serif; font-size: 12pt;\">On peut y croire, mais le d\u00e9cret d&rsquo;application qui suit en g\u00e9n\u00e9ral le vote de la loi, ne fournit aucun moyen aux pr\u00e9fectures pour cr\u00e9er les services du contr\u00f4le.<\/span><\/p>\n<p>&nbsp;<\/p>\n<p>En pratique, il existe un <b>risque que les CIVE deviennent, <\/b><b>\u00e9conomiquement, la source de revenus principale de certaines <\/b><b>exploitations agricoles<\/b>, potentiellement au d\u00e9triment des productions \u00e0<\/p>\n<p>destination de l\u2019alimentation humaine ou animale, si les rotations et les pratiques culturales \u00e9taient revues pour favoriser le d\u00e9veloppement des CIVE.<\/p>\n<p>Les <b>cultures principales peuvent ainsi \u00eatre modifi\u00e9es<\/b> pour \u00eatre r\u00e9colt\u00e9es plus t\u00f4t \u2013 en privil\u00e9giant par exemple l\u2019orge au lieu du bl\u00e9 \u2013 afin de permettre aux CIVE d\u2019avoir une saison de culture plus longue.<\/p>\n<p>\u00c0 cet \u00e9gard, les CIVE peuvent \u00e9galement <b>\u00e9puiser la r\u00e9serve utile des sols<\/b>, au d\u00e9triment du rendement de la culture suivante.<\/p>\n<p><b>\u00a0<\/b><b>Clarifier le cadre strat\u00e9gique<\/b><\/p>\n<p>Ambigu, complexe et incomplet,<b> le cadre strat\u00e9gique applicable \u00e0 la <\/b><b>m\u00e9thanisation pourrait \u00eatre utilement clarifi\u00e9<\/b>.<\/p>\n<p>En effet,<b> la politique publique en faveur du biogaz<\/b>, au croisement de l\u2019\u00e9conomie et de l\u2019environnement, de l\u2019\u00e9nergie et de l\u2019agriculture,<\/p>\n<p><b>poursuit des objectifs, mobilise des acteurs et comprend des dispositifs <\/b><b>d\u2019une grande diversit\u00e9, voire d\u2019une relative confusion<\/b>.<\/p>\n<p>&nbsp;<\/p>\n<p>&nbsp;<\/p>\n<p><img data-recalc-dims=\"1\" loading=\"lazy\" decoding=\"async\" class=\"size-full wp-image-30705 alignleft\" src=\"https:\/\/i0.wp.com\/ensemblepouremerainville.fr\/wp-content\/uploads\/2023\/11\/Capture-decran-2023-11-23-a-19.33.16.png?resize=590%2C102&#038;ssl=1\" alt=\"\" width=\"590\" height=\"102\" srcset=\"https:\/\/i0.wp.com\/ensemblepouremerainville.fr\/wp-content\/uploads\/2023\/11\/Capture-decran-2023-11-23-a-19.33.16.png?w=631&amp;ssl=1 631w, https:\/\/i0.wp.com\/ensemblepouremerainville.fr\/wp-content\/uploads\/2023\/11\/Capture-decran-2023-11-23-a-19.33.16.png?resize=300%2C52&amp;ssl=1 300w\" sizes=\"auto, (max-width: 590px) 100vw, 590px\" \/><\/p>\n<p><img data-recalc-dims=\"1\" loading=\"lazy\" decoding=\"async\" class=\"alignright size-full wp-image-30704\" src=\"https:\/\/i0.wp.com\/ensemblepouremerainville.fr\/wp-content\/uploads\/2023\/11\/Capture-decran-2023-11-23-a-19.29.06.png?resize=590%2C106&#038;ssl=1\" alt=\"\" width=\"590\" height=\"106\" srcset=\"https:\/\/i0.wp.com\/ensemblepouremerainville.fr\/wp-content\/uploads\/2023\/11\/Capture-decran-2023-11-23-a-19.29.06.png?w=631&amp;ssl=1 631w, https:\/\/i0.wp.com\/ensemblepouremerainville.fr\/wp-content\/uploads\/2023\/11\/Capture-decran-2023-11-23-a-19.29.06.png?resize=300%2C54&amp;ssl=1 300w\" sizes=\"auto, (max-width: 590px) 100vw, 590px\" \/><\/p>\n","protected":false},"excerpt":{"rendered":"<p>Coup de semonce pour la fili\u00e8re biogaz. Depuis la semaine derni\u00e8re, la R\u00e9gion Normandie ne verse plus un centime aux nouveaux projets de m\u00e9thanisation qui lui sont soumis. De son c\u00f4t\u00e9, les aides europ\u00e9ennes du FEDER pour ce secteur g\u00e9r\u00e9 par lui sont \u00e9galement suspendues jusqu\u2019\u00e0 nouvel ordre. La raison invoqu\u00e9e ? L\u2019absence de contr\u00f4les&#8230; <\/p>\n<div class=\"read-more\"><a href=\"https:\/\/ensemblepouremerainville.fr\/?p=30693\">Lire la suite<\/a><\/div>\n","protected":false},"author":1,"featured_media":30695,"comment_status":"open","ping_status":"open","sticky":false,"template":"","format":"standard","meta":{"footnotes":""},"categories":[35,256,19],"tags":[],"class_list":["post-30693","post","type-post","status-publish","format-standard","has-post-thumbnail","hentry","category-actualite","category-les-constats","category-ecologie-developpement-durable-energie"],"_links":{"self":[{"href":"https:\/\/ensemblepouremerainville.fr\/index.php?rest_route=\/wp\/v2\/posts\/30693","targetHints":{"allow":["GET"]}}],"collection":[{"href":"https:\/\/ensemblepouremerainville.fr\/index.php?rest_route=\/wp\/v2\/posts"}],"about":[{"href":"https:\/\/ensemblepouremerainville.fr\/index.php?rest_route=\/wp\/v2\/types\/post"}],"author":[{"embeddable":true,"href":"https:\/\/ensemblepouremerainville.fr\/index.php?rest_route=\/wp\/v2\/users\/1"}],"replies":[{"embeddable":true,"href":"https:\/\/ensemblepouremerainville.fr\/index.php?rest_route=%2Fwp%2Fv2%2Fcomments&post=30693"}],"version-history":[{"count":7,"href":"https:\/\/ensemblepouremerainville.fr\/index.php?rest_route=\/wp\/v2\/posts\/30693\/revisions"}],"predecessor-version":[{"id":30703,"href":"https:\/\/ensemblepouremerainville.fr\/index.php?rest_route=\/wp\/v2\/posts\/30693\/revisions\/30703"}],"wp:featuredmedia":[{"embeddable":true,"href":"https:\/\/ensemblepouremerainville.fr\/index.php?rest_route=\/wp\/v2\/media\/30695"}],"wp:attachment":[{"href":"https:\/\/ensemblepouremerainville.fr\/index.php?rest_route=%2Fwp%2Fv2%2Fmedia&parent=30693"}],"wp:term":[{"taxonomy":"category","embeddable":true,"href":"https:\/\/ensemblepouremerainville.fr\/index.php?rest_route=%2Fwp%2Fv2%2Fcategories&post=30693"},{"taxonomy":"post_tag","embeddable":true,"href":"https:\/\/ensemblepouremerainville.fr\/index.php?rest_route=%2Fwp%2Fv2%2Ftags&post=30693"}],"curies":[{"name":"wp","href":"https:\/\/api.w.org\/{rel}","templated":true}]}}