{"id":30768,"date":"2024-01-12T18:38:25","date_gmt":"2024-01-12T17:38:25","guid":{"rendered":"https:\/\/ensemblepouremerainville.fr\/?p=30768"},"modified":"2024-01-12T18:40:21","modified_gmt":"2024-01-12T17:40:21","slug":"sans-rdv-rencontrer-les-emerainvillois-du-groupe-ensemble-pour-emerainville","status":"publish","type":"post","link":"https:\/\/ensemblepouremerainville.fr\/?p=30768","title":{"rendered":"Sans RdV, rencontrer les Emerainvillois du groupe \u00a0\u00bb Ensemble pour Emerainville\u00a0\u00bb"},"content":{"rendered":"<p><span style=\"font-size: 18pt; color: #008000;\"><strong>Tous les samedis matins de 10h \u00e0 12h, autour d&rsquo;un caf\u00e9 nous \u00e9changeons des informations sur l&rsquo;actualit\u00e9 de notre<\/strong><\/span><\/p>\n<p><span style=\"font-size: 18pt; color: #008000;\"><strong> communaut\u00e9 d&rsquo;agglom\u00e9ration Paris Vall\u00e9e de la Marne, sur la non activit\u00e9 de notre \u00e9quipe municipale.<\/strong><\/span><\/p>\n<p><span style=\"font-size: 18pt; color: #008000;\"><strong> Le plus important c&rsquo;est le devenir des deux quartiers, Malnoue et le Bourg! <\/strong><\/span><\/p>\n<p><span style=\"font-size: 18pt; color: #008000;\"><strong>Le PLU est aussi un sujet questionn\u00e9 !<\/strong><\/span><\/p>\n<p>&nbsp;<\/p>\n<p style=\"text-align: center;\"><span style=\"font-size: 18pt; color: #008000;\"><strong>Rendez-vous Place Saint Just \u00ab\u00a0le Longchamp\u00a0\u00bb.<\/strong><\/span><\/p>\n<p><img data-recalc-dims=\"1\" loading=\"lazy\" decoding=\"async\" class=\"wp-image-30500 aligncenter\" src=\"https:\/\/i0.wp.com\/ensemblepouremerainville.fr\/wp-content\/uploads\/2023\/06\/IMG_2449-scaled.jpeg?resize=590%2C787&#038;ssl=1\" alt=\"\" width=\"590\" height=\"787\" srcset=\"https:\/\/i0.wp.com\/ensemblepouremerainville.fr\/wp-content\/uploads\/2023\/06\/IMG_2449-scaled.jpeg?w=1920&amp;ssl=1 1920w, https:\/\/i0.wp.com\/ensemblepouremerainville.fr\/wp-content\/uploads\/2023\/06\/IMG_2449-scaled.jpeg?resize=225%2C300&amp;ssl=1 225w, https:\/\/i0.wp.com\/ensemblepouremerainville.fr\/wp-content\/uploads\/2023\/06\/IMG_2449-scaled.jpeg?resize=768%2C1024&amp;ssl=1 768w, https:\/\/i0.wp.com\/ensemblepouremerainville.fr\/wp-content\/uploads\/2023\/06\/IMG_2449-scaled.jpeg?resize=1152%2C1536&amp;ssl=1 1152w, https:\/\/i0.wp.com\/ensemblepouremerainville.fr\/wp-content\/uploads\/2023\/06\/IMG_2449-scaled.jpeg?resize=1536%2C2048&amp;ssl=1 1536w, https:\/\/i0.wp.com\/ensemblepouremerainville.fr\/wp-content\/uploads\/2023\/06\/IMG_2449-scaled.jpeg?resize=1320%2C1760&amp;ssl=1 1320w, https:\/\/i0.wp.com\/ensemblepouremerainville.fr\/wp-content\/uploads\/2023\/06\/IMG_2449-scaled.jpeg?w=1770&amp;ssl=1 1770w\" sizes=\"auto, (max-width: 590px) 100vw, 590px\" \/><\/p>\n<p>&nbsp;<\/p>\n","protected":false},"excerpt":{"rendered":"<p>Tous les samedis matins de 10h \u00e0 12h, autour d&rsquo;un caf\u00e9 nous \u00e9changeons des informations sur l&rsquo;actualit\u00e9 de notre communaut\u00e9 d&rsquo;agglom\u00e9ration Paris Vall\u00e9e de la Marne, sur la non activit\u00e9 de notre \u00e9quipe municipale. Le plus important c&rsquo;est le devenir des deux quartiers, Malnoue et le Bourg! Le PLU est aussi un sujet questionn\u00e9 !&#8230; <\/p>\n<div class=\"read-more\"><a href=\"https:\/\/ensemblepouremerainville.fr\/?p=30768\">Lire la suite<\/a><\/div>\n","protected":false},"author":1,"featured_media":30769,"comment_status":"open","ping_status":"open","sticky":false,"template":"","format":"standard","meta":{"footnotes":""},"categories":[35,36],"tags":[],"class_list":["post-30768","post","type-post","status-publish","format-standard","has-post-thumbnail","hentry","category-actualite","category-emerainville-demain"],"_links":{"self":[{"href":"https:\/\/ensemblepouremerainville.fr\/index.php?rest_route=\/wp\/v2\/posts\/30768","targetHints":{"allow":["GET"]}}],"collection":[{"href":"https:\/\/ensemblepouremerainville.fr\/index.php?rest_route=\/wp\/v2\/posts"}],"about":[{"href":"https:\/\/ensemblepouremerainville.fr\/index.php?rest_route=\/wp\/v2\/types\/post"}],"author":[{"embeddable":true,"href":"https:\/\/ensemblepouremerainville.fr\/index.php?rest_route=\/wp\/v2\/users\/1"}],"replies":[{"embeddable":true,"href":"https:\/\/ensemblepouremerainville.fr\/index.php?rest_route=%2Fwp%2Fv2%2Fcomments&post=30768"}],"version-history":[{"count":2,"href":"https:\/\/ensemblepouremerainville.fr\/index.php?rest_route=\/wp\/v2\/posts\/30768\/revisions"}],"predecessor-version":[{"id":30771,"href":"https:\/\/ensemblepouremerainville.fr\/index.php?rest_route=\/wp\/v2\/posts\/30768\/revisions\/30771"}],"wp:featuredmedia":[{"embeddable":true,"href":"https:\/\/ensemblepouremerainville.fr\/index.php?rest_route=\/wp\/v2\/media\/30769"}],"wp:attachment":[{"href":"https:\/\/ensemblepouremerainville.fr\/index.php?rest_route=%2Fwp%2Fv2%2Fmedia&parent=30768"}],"wp:term":[{"taxonomy":"category","embeddable":true,"href":"https:\/\/ensemblepouremerainville.fr\/index.php?rest_route=%2Fwp%2Fv2%2Fcategories&post=30768"},{"taxonomy":"post_tag","embeddable":true,"href":"https:\/\/ensemblepouremerainville.fr\/index.php?rest_route=%2Fwp%2Fv2%2Ftags&post=30768"}],"curies":[{"name":"wp","href":"https:\/\/api.w.org\/{rel}","templated":true}]}}