{"id":30773,"date":"2024-01-26T14:27:42","date_gmt":"2024-01-26T13:27:42","guid":{"rendered":"https:\/\/ensemblepouremerainville.fr\/?p=30773"},"modified":"2024-01-26T14:27:42","modified_gmt":"2024-01-26T13:27:42","slug":"le-tri-qui-nous-concerne-a-emerainville","status":"publish","type":"post","link":"https:\/\/ensemblepouremerainville.fr\/?p=30773","title":{"rendered":"Le tri qui nous concerne \u00e0 EMERAINVILLE"},"content":{"rendered":"<p style=\"text-align: center;\"><span style=\"font-size: 14pt; color: #339966;\"><strong>TRI \u00a0 \u00a0 Les collectivit\u00e9s t\u00e2tonnent et multiplient les exp\u00e9rimentations<\/strong><\/span><\/p>\n<p>Depuis le d\u00e9but de l\u2019ann\u00e9e, les collectivit\u00e9s doivent donner les moyens \u0430 leurs habitants de trier leurs d\u00e9chets alimentaires.<\/p>\n<p>Compost individuel ou collectif, lombricomposteur et collectes en tout genre, les exp\u00e9rimentations se d\u00e9veloppent.<\/p>\n<p><span class=\"Apple-converted-space\">\u00a0<\/span><strong>Retour aux sources<\/strong> : c\u2019est un peu l\u2019objectif de la loi qui impose aux collectivit\u00e9s de proposer \u0430 leurs administr\u00e9s, depuis le 1 er janvier, une solution de tri des biod\u00e9chets.<\/p>\n<p>\u00ab Pendant des si\u00e8cles, ces d\u00e9chets ont constitu\u00e9 une ressource pour l\u2019agriculture p\u00e9riurbaine \u00bb,( rappelle <strong>l\u2019Institut Paris R\u00e9gion<\/strong>).<\/p>\n<p>Jusqu&rsquo;\u00e0 ce que le pr\u00e9fet de la Seine,<strong> Eug\u00e8ne Poubelle<\/strong>, impose en 1884 aux propri\u00e9taires parisiens<\/p>\n<p>d\u2019\u00e9quiper chaque immeuble de r\u00e9cipients communs pour am\u00e9liorer la salubrit\u00e9 des rues de la capitale.<\/p>\n<p>Au d\u00e9part, trois boites sont obligatoires, dont une pour les mati\u00e8res putrescibles.<\/p>\n<p>Mais la n\u00e9cessit\u00e9 d\u2019organiser un ramassage r\u00e9gulier sonne le glas de ces bonnes pratiques.<\/p>\n<p>Cent quarante ans plus tard, les id\u00e9es d\u2019<strong>Eug\u00e8ne Poubelle<\/strong> ressortent donc des cartons, mais nombre de collectivit\u00e9s ne sont pas pr\u00eates, loin de l\u0430.<\/p>\n<p><span style=\"font-size: 14pt; color: #339966;\"><strong>\u00ab Beaucoup de d\u00e9clarations d\u2019intention \u00bb<\/strong><\/span><\/p>\n<p><img data-recalc-dims=\"1\" loading=\"lazy\" decoding=\"async\" class=\"wp-image-30775 aligncenter\" src=\"https:\/\/i0.wp.com\/ensemblepouremerainville.fr\/wp-content\/uploads\/2024\/01\/Capture-decran-2024-01-26-a-14.16.02.png?resize=590%2C279&#038;ssl=1\" alt=\"\" width=\"590\" height=\"279\" srcset=\"https:\/\/i0.wp.com\/ensemblepouremerainville.fr\/wp-content\/uploads\/2024\/01\/Capture-decran-2024-01-26-a-14.16.02.png?w=1527&amp;ssl=1 1527w, https:\/\/i0.wp.com\/ensemblepouremerainville.fr\/wp-content\/uploads\/2024\/01\/Capture-decran-2024-01-26-a-14.16.02.png?resize=300%2C142&amp;ssl=1 300w, https:\/\/i0.wp.com\/ensemblepouremerainville.fr\/wp-content\/uploads\/2024\/01\/Capture-decran-2024-01-26-a-14.16.02.png?resize=1024%2C484&amp;ssl=1 1024w, https:\/\/i0.wp.com\/ensemblepouremerainville.fr\/wp-content\/uploads\/2024\/01\/Capture-decran-2024-01-26-a-14.16.02.png?resize=1320%2C624&amp;ssl=1 1320w, https:\/\/i0.wp.com\/ensemblepouremerainville.fr\/wp-content\/uploads\/2024\/01\/Capture-decran-2024-01-26-a-14.16.02.png?w=1180&amp;ssl=1 1180w\" sizes=\"auto, (max-width: 590px) 100vw, 590px\" \/><\/p>\n<p>&nbsp;<\/p>\n<p>Le Siredom, qui rassemble 175\u00a0communes r\u00e9parties en Essonne et en Seine-et-Marne, opte pour une solution mixte originale :<\/p>\n<p>la distribution de sacs sp\u00e9cifiques d\u00e9di\u00e9s aux biod\u00e9chets, que les habitants devront ensuite mettre dans leur benne \u0430 ordures m\u00e9nag\u00e8res.<\/p>\n<p>Ils seront collect\u00e9s ensemble et achemin\u00e9s dans une unit\u00e9 de tri ou ils seront r\u00e9cup\u00e9r\u00e9s. Le syndicat s\u2019appuie sur une exp\u00e9rimentation men\u00e9e sur le territoire de Coeur Essonne Agglom\u00e9ration,<\/p>\n<p>o\u00f9 ils ont pu collecter \u00ab environ 25 kg de biod\u00e9chets par habitant participant \u00bb.<\/p>\n<p>Avantages de ce dispositif : \u00ab Pas d\u2019incidence sur les collectes et pas de camions suppl\u00e9mentaires sur les routes, donc moins de gaz \u0430 effet de serre \u00bb,<\/p>\n<p>se f\u00e9licite le Siredom, qui a m\u00eame act\u00e9 la construction d\u2019une unit\u00e9 de tri \u0430 13 millions d\u2019euros, o\u00f9 \u00ab les sacs de biod\u00e9chets seront capt\u00e9s<\/p>\n<p>pour \u00eatre achemin\u00e9s vers le m\u00e9thaniseur situ\u00e9 \u0430 500 m, tandis que les ordures m\u00e9nag\u00e8res r\u00e9siduelles sont transport\u00e9es vers l\u2019usine d\u2019incin\u00e9ration situ\u00e9e en face\u00a0\u00bb.<\/p>\n<p>Bref, \u00ab beaucoup d\u2019\u00e9tudes, d\u2019exp\u00e9rimentations et de d\u00e9clarations d\u2019intention \u00bb, constate Helder de Oliveira, le directeur de l\u2019Observatoire r\u00e9gional des d\u00e9chets d\u2019Ile-de-France.<\/p>\n<p>&nbsp;<\/p>\n<p style=\"text-align: left;\"><strong><span style=\"font-size: 14pt; color: #339966;\">Le tri qui nous concerne \u00e0 Emerainville.<\/span><\/strong><\/p>\n<p>La loi sur les d\u00e9chets alimentaires biod\u00e9gradables s\u2019impose aux collectivit\u00e9s territoriales depuis le 1er janvier 2024, et donc par report de comp\u00e9tences au SITREM pour notre commune.<\/p>\n<p>Le SITREM exp\u00e9rimente depuis mars 2023 une gestion diff\u00e9renci\u00e9e des d\u00e9chets alimentaires biod\u00e9gradable.<\/p>\n<p>D\u00e9s le printemps 2024 des solutions de tri \u00e0 la source sp\u00e9cifiques et adapt\u00e9es \u00e0 chaque typologie d\u2019habitat seront mises en \u0153uvre .<\/p>\n<p>Des composteurs individuels pour les habitats pavillonnaires et des composteurs partag\u00e9s dans les logements collectifs.<\/p>\n","protected":false},"excerpt":{"rendered":"<p>TRI \u00a0 \u00a0 Les collectivit\u00e9s t\u00e2tonnent et multiplient les exp\u00e9rimentations Depuis le d\u00e9but de l\u2019ann\u00e9e, les collectivit\u00e9s doivent donner les moyens \u0430 leurs habitants de trier leurs d\u00e9chets alimentaires. Compost individuel ou collectif, lombricomposteur et collectes en tout genre, les exp\u00e9rimentations se d\u00e9veloppent. \u00a0Retour aux sources : c\u2019est un peu l\u2019objectif de la loi qui&#8230; <\/p>\n<div class=\"read-more\"><a href=\"https:\/\/ensemblepouremerainville.fr\/?p=30773\">Lire la suite<\/a><\/div>\n","protected":false},"author":1,"featured_media":30776,"comment_status":"open","ping_status":"open","sticky":false,"template":"","format":"standard","meta":{"footnotes":""},"categories":[35,256,286,19],"tags":[],"class_list":["post-30773","post","type-post","status-publish","format-standard","has-post-thumbnail","hentry","category-actualite","category-les-constats","category-dechets","category-ecologie-developpement-durable-energie"],"_links":{"self":[{"href":"https:\/\/ensemblepouremerainville.fr\/index.php?rest_route=\/wp\/v2\/posts\/30773","targetHints":{"allow":["GET"]}}],"collection":[{"href":"https:\/\/ensemblepouremerainville.fr\/index.php?rest_route=\/wp\/v2\/posts"}],"about":[{"href":"https:\/\/ensemblepouremerainville.fr\/index.php?rest_route=\/wp\/v2\/types\/post"}],"author":[{"embeddable":true,"href":"https:\/\/ensemblepouremerainville.fr\/index.php?rest_route=\/wp\/v2\/users\/1"}],"replies":[{"embeddable":true,"href":"https:\/\/ensemblepouremerainville.fr\/index.php?rest_route=%2Fwp%2Fv2%2Fcomments&post=30773"}],"version-history":[{"count":1,"href":"https:\/\/ensemblepouremerainville.fr\/index.php?rest_route=\/wp\/v2\/posts\/30773\/revisions"}],"predecessor-version":[{"id":30777,"href":"https:\/\/ensemblepouremerainville.fr\/index.php?rest_route=\/wp\/v2\/posts\/30773\/revisions\/30777"}],"wp:featuredmedia":[{"embeddable":true,"href":"https:\/\/ensemblepouremerainville.fr\/index.php?rest_route=\/wp\/v2\/media\/30776"}],"wp:attachment":[{"href":"https:\/\/ensemblepouremerainville.fr\/index.php?rest_route=%2Fwp%2Fv2%2Fmedia&parent=30773"}],"wp:term":[{"taxonomy":"category","embeddable":true,"href":"https:\/\/ensemblepouremerainville.fr\/index.php?rest_route=%2Fwp%2Fv2%2Fcategories&post=30773"},{"taxonomy":"post_tag","embeddable":true,"href":"https:\/\/ensemblepouremerainville.fr\/index.php?rest_route=%2Fwp%2Fv2%2Ftags&post=30773"}],"curies":[{"name":"wp","href":"https:\/\/api.w.org\/{rel}","templated":true}]}}