{"id":30786,"date":"2024-02-29T12:03:08","date_gmt":"2024-02-29T11:03:08","guid":{"rendered":"https:\/\/ensemblepouremerainville.fr\/?p=30786"},"modified":"2024-02-29T12:03:08","modified_gmt":"2024-02-29T11:03:08","slug":"le-maire-demerainville-copie-la-tactique-napoleonienne","status":"publish","type":"post","link":"https:\/\/ensemblepouremerainville.fr\/?p=30786","title":{"rendered":"Le Maire d\u2019EMERAINVILLE copie la tactique napol\u00e9onienne,"},"content":{"rendered":"<p><img data-recalc-dims=\"1\" loading=\"lazy\" decoding=\"async\" class=\"wp-image-29922 alignleft\" src=\"https:\/\/i0.wp.com\/ensemblepouremerainville.fr\/wp-content\/uploads\/2021\/12\/2019-04-13-20.16.17-1.jpg?resize=590%2C442&#038;ssl=1\" alt=\"\" width=\"590\" height=\"442\" srcset=\"https:\/\/i0.wp.com\/ensemblepouremerainville.fr\/wp-content\/uploads\/2021\/12\/2019-04-13-20.16.17-1.jpg?w=1600&amp;ssl=1 1600w, https:\/\/i0.wp.com\/ensemblepouremerainville.fr\/wp-content\/uploads\/2021\/12\/2019-04-13-20.16.17-1.jpg?resize=300%2C225&amp;ssl=1 300w, https:\/\/i0.wp.com\/ensemblepouremerainville.fr\/wp-content\/uploads\/2021\/12\/2019-04-13-20.16.17-1.jpg?resize=1024%2C768&amp;ssl=1 1024w, https:\/\/i0.wp.com\/ensemblepouremerainville.fr\/wp-content\/uploads\/2021\/12\/2019-04-13-20.16.17-1.jpg?resize=600%2C450&amp;ssl=1 600w, https:\/\/i0.wp.com\/ensemblepouremerainville.fr\/wp-content\/uploads\/2021\/12\/2019-04-13-20.16.17-1.jpg?resize=1536%2C1152&amp;ssl=1 1536w, https:\/\/i0.wp.com\/ensemblepouremerainville.fr\/wp-content\/uploads\/2021\/12\/2019-04-13-20.16.17-1.jpg?resize=200%2C150&amp;ssl=1 200w, https:\/\/i0.wp.com\/ensemblepouremerainville.fr\/wp-content\/uploads\/2021\/12\/2019-04-13-20.16.17-1.jpg?resize=1320%2C990&amp;ssl=1 1320w, https:\/\/i0.wp.com\/ensemblepouremerainville.fr\/wp-content\/uploads\/2021\/12\/2019-04-13-20.16.17-1.jpg?w=1180&amp;ssl=1 1180w\" sizes=\"auto, (max-width: 590px) 100vw, 590px\" \/><\/p>\n<p><span style=\"font-size: 14pt; color: #ff0000;\"><strong>La meilleure d\u00e9fense c\u2019est l\u2019attaque.<\/strong><\/span><\/p>\n<p>\u00ab\u00a0L\u2019ennemi num\u00e9ro 1 de la commune c\u2019est M. HULEUX\u00a0\u00bb<\/p>\n<p>D\u00e9claration de notre maire: Si le maire a fait une erreur avec la soci\u00e9t\u00e9 PYLOS, il faut l\u2019aider et non pas enfoncer la commune.<\/p>\n<p><strong>C&rsquo;est extravagant,<\/strong> il ordonne, il fait ex\u00e9cuter et lorsqu\u2019on alerte avec la population en 2015, ce personnage met en accusation celui qui, habitant voisin de cette montagne, d\u00e9nonce cette pollution.<\/p>\n<p>L\u2019OCLAESP, (Office central de lutte contre les atteintes \u00e0 l\u2019environnement et \u00e0 la sant\u00e9 publique) a \u00e9t\u00e9 saisi, suite \u00e0 une plainte du minist\u00e8re de l\u2019Environnement, il a d\u00e9j\u00e0 auditionn\u00e9 plusieurs personnes d\u2019Emerainville,<\/p>\n<p>elle a aussi perquisitionn\u00e9 en mairie, de longues heures.<\/p>\n<p>La presse locale vient de relater des faits semblables sur notre r\u00e9gion ?<\/p>\n<p><img data-recalc-dims=\"1\" loading=\"lazy\" decoding=\"async\" class=\" wp-image-30787 alignleft\" src=\"https:\/\/i0.wp.com\/ensemblepouremerainville.fr\/wp-content\/uploads\/2024\/02\/Capture-decran-2024-02-28-a-11.40.47.png?resize=590%2C747&#038;ssl=1\" alt=\"\" width=\"590\" height=\"747\" srcset=\"https:\/\/i0.wp.com\/ensemblepouremerainville.fr\/wp-content\/uploads\/2024\/02\/Capture-decran-2024-02-28-a-11.40.47.png?w=672&amp;ssl=1 672w, https:\/\/i0.wp.com\/ensemblepouremerainville.fr\/wp-content\/uploads\/2024\/02\/Capture-decran-2024-02-28-a-11.40.47.png?resize=237%2C300&amp;ssl=1 237w\" sizes=\"auto, (max-width: 590px) 100vw, 590px\" \/><\/p>\n<p><img data-recalc-dims=\"1\" loading=\"lazy\" decoding=\"async\" class=\" wp-image-30788 alignleft\" src=\"https:\/\/i0.wp.com\/ensemblepouremerainville.fr\/wp-content\/uploads\/2024\/02\/Capture-decran-2024-02-28-a-11.42.31.png?resize=590%2C1202&#038;ssl=1\" alt=\"\" width=\"590\" height=\"1202\" srcset=\"https:\/\/i0.wp.com\/ensemblepouremerainville.fr\/wp-content\/uploads\/2024\/02\/Capture-decran-2024-02-28-a-11.42.31.png?w=427&amp;ssl=1 427w, https:\/\/i0.wp.com\/ensemblepouremerainville.fr\/wp-content\/uploads\/2024\/02\/Capture-decran-2024-02-28-a-11.42.31.png?resize=147%2C300&amp;ssl=1 147w\" sizes=\"auto, (max-width: 590px) 100vw, 590px\" \/><\/p>\n<p><img data-recalc-dims=\"1\" loading=\"lazy\" decoding=\"async\" class=\" wp-image-30789 alignleft\" src=\"https:\/\/i0.wp.com\/ensemblepouremerainville.fr\/wp-content\/uploads\/2024\/02\/Capture-decran-2024-02-28-a-11.42.52.png?resize=590%2C736&#038;ssl=1\" alt=\"\" width=\"590\" height=\"736\" srcset=\"https:\/\/i0.wp.com\/ensemblepouremerainville.fr\/wp-content\/uploads\/2024\/02\/Capture-decran-2024-02-28-a-11.42.52.png?w=697&amp;ssl=1 697w, https:\/\/i0.wp.com\/ensemblepouremerainville.fr\/wp-content\/uploads\/2024\/02\/Capture-decran-2024-02-28-a-11.42.52.png?resize=240%2C300&amp;ssl=1 240w\" sizes=\"auto, (max-width: 590px) 100vw, 590px\" \/><\/p>\n<p>&nbsp;<\/p>\n<p>&nbsp;<\/p>\n","protected":false},"excerpt":{"rendered":"<p>La meilleure d\u00e9fense c\u2019est l\u2019attaque. \u00ab\u00a0L\u2019ennemi num\u00e9ro 1 de la commune c\u2019est M. HULEUX\u00a0\u00bb D\u00e9claration de notre maire: Si le maire a fait une erreur avec la soci\u00e9t\u00e9 PYLOS, il faut l\u2019aider et non pas enfoncer la commune. C&rsquo;est extravagant, il ordonne, il fait ex\u00e9cuter et lorsqu\u2019on alerte avec la population en 2015, ce personnage&#8230; <\/p>\n<div class=\"read-more\"><a href=\"https:\/\/ensemblepouremerainville.fr\/?p=30786\">Lire la suite<\/a><\/div>\n","protected":false},"author":1,"featured_media":30472,"comment_status":"open","ping_status":"open","sticky":false,"template":"","format":"standard","meta":{"footnotes":""},"categories":[35,256],"tags":[],"class_list":["post-30786","post","type-post","status-publish","format-standard","has-post-thumbnail","hentry","category-actualite","category-les-constats"],"_links":{"self":[{"href":"https:\/\/ensemblepouremerainville.fr\/index.php?rest_route=\/wp\/v2\/posts\/30786","targetHints":{"allow":["GET"]}}],"collection":[{"href":"https:\/\/ensemblepouremerainville.fr\/index.php?rest_route=\/wp\/v2\/posts"}],"about":[{"href":"https:\/\/ensemblepouremerainville.fr\/index.php?rest_route=\/wp\/v2\/types\/post"}],"author":[{"embeddable":true,"href":"https:\/\/ensemblepouremerainville.fr\/index.php?rest_route=\/wp\/v2\/users\/1"}],"replies":[{"embeddable":true,"href":"https:\/\/ensemblepouremerainville.fr\/index.php?rest_route=%2Fwp%2Fv2%2Fcomments&post=30786"}],"version-history":[{"count":3,"href":"https:\/\/ensemblepouremerainville.fr\/index.php?rest_route=\/wp\/v2\/posts\/30786\/revisions"}],"predecessor-version":[{"id":30792,"href":"https:\/\/ensemblepouremerainville.fr\/index.php?rest_route=\/wp\/v2\/posts\/30786\/revisions\/30792"}],"wp:featuredmedia":[{"embeddable":true,"href":"https:\/\/ensemblepouremerainville.fr\/index.php?rest_route=\/wp\/v2\/media\/30472"}],"wp:attachment":[{"href":"https:\/\/ensemblepouremerainville.fr\/index.php?rest_route=%2Fwp%2Fv2%2Fmedia&parent=30786"}],"wp:term":[{"taxonomy":"category","embeddable":true,"href":"https:\/\/ensemblepouremerainville.fr\/index.php?rest_route=%2Fwp%2Fv2%2Fcategories&post=30786"},{"taxonomy":"post_tag","embeddable":true,"href":"https:\/\/ensemblepouremerainville.fr\/index.php?rest_route=%2Fwp%2Fv2%2Ftags&post=30786"}],"curies":[{"name":"wp","href":"https:\/\/api.w.org\/{rel}","templated":true}]}}