{"id":30877,"date":"2024-05-23T15:32:50","date_gmt":"2024-05-23T13:32:50","guid":{"rendered":"https:\/\/ensemblepouremerainville.fr\/?p=30877"},"modified":"2024-05-23T15:32:50","modified_gmt":"2024-05-23T13:32:50","slug":"depart-de-la-convergence-a-velo-dimanche-26-mai-a-8h30-devant-la-mairie-demerainville","status":"publish","type":"post","link":"https:\/\/ensemblepouremerainville.fr\/?p=30877","title":{"rendered":"D\u00e9part de la convergence \u00e0 v\u00e9lo dimanche 26 mai \u00e0 8h30 devant la mairie d&rsquo;Emerainville"},"content":{"rendered":"<p>Nous vous guiderons comme chaque ann\u00e9e du d\u00e9part devant la mairie d&rsquo;EMERAINVILLE \u00e0 8h30 dimanche 26 mai.<\/p>\n<p><img data-recalc-dims=\"1\" loading=\"lazy\" decoding=\"async\" class=\"alignright size-full wp-image-30878\" src=\"https:\/\/i0.wp.com\/ensemblepouremerainville.fr\/wp-content\/uploads\/2024\/05\/Capture-decran-2024-05-23-a-15.13.24.png?resize=590%2C332&#038;ssl=1\" alt=\"\" width=\"590\" height=\"332\" srcset=\"https:\/\/i0.wp.com\/ensemblepouremerainville.fr\/wp-content\/uploads\/2024\/05\/Capture-decran-2024-05-23-a-15.13.24.png?w=1413&amp;ssl=1 1413w, https:\/\/i0.wp.com\/ensemblepouremerainville.fr\/wp-content\/uploads\/2024\/05\/Capture-decran-2024-05-23-a-15.13.24.png?resize=300%2C169&amp;ssl=1 300w, https:\/\/i0.wp.com\/ensemblepouremerainville.fr\/wp-content\/uploads\/2024\/05\/Capture-decran-2024-05-23-a-15.13.24.png?resize=1024%2C575&amp;ssl=1 1024w, https:\/\/i0.wp.com\/ensemblepouremerainville.fr\/wp-content\/uploads\/2024\/05\/Capture-decran-2024-05-23-a-15.13.24.png?resize=1320%2C742&amp;ssl=1 1320w, https:\/\/i0.wp.com\/ensemblepouremerainville.fr\/wp-content\/uploads\/2024\/05\/Capture-decran-2024-05-23-a-15.13.24.png?w=1180&amp;ssl=1 1180w\" sizes=\"auto, (max-width: 590px) 100vw, 590px\" \/> <img data-recalc-dims=\"1\" loading=\"lazy\" decoding=\"async\" class=\"alignright size-full wp-image-30879\" src=\"https:\/\/i0.wp.com\/ensemblepouremerainville.fr\/wp-content\/uploads\/2024\/05\/Capture-decran-2024-05-23-a-15.14.37.png?resize=590%2C510&#038;ssl=1\" alt=\"\" width=\"590\" height=\"510\" srcset=\"https:\/\/i0.wp.com\/ensemblepouremerainville.fr\/wp-content\/uploads\/2024\/05\/Capture-decran-2024-05-23-a-15.14.37.png?w=609&amp;ssl=1 609w, https:\/\/i0.wp.com\/ensemblepouremerainville.fr\/wp-content\/uploads\/2024\/05\/Capture-decran-2024-05-23-a-15.14.37.png?resize=300%2C259&amp;ssl=1 300w\" sizes=\"auto, (max-width: 590px) 100vw, 590px\" \/> <img data-recalc-dims=\"1\" loading=\"lazy\" decoding=\"async\" class=\"alignright size-full wp-image-30881\" src=\"https:\/\/i0.wp.com\/ensemblepouremerainville.fr\/wp-content\/uploads\/2024\/05\/Capture-decran-2024-05-23-a-15.17.13.png?resize=590%2C449&#038;ssl=1\" alt=\"\" width=\"590\" height=\"449\" srcset=\"https:\/\/i0.wp.com\/ensemblepouremerainville.fr\/wp-content\/uploads\/2024\/05\/Capture-decran-2024-05-23-a-15.17.13.png?w=990&amp;ssl=1 990w, https:\/\/i0.wp.com\/ensemblepouremerainville.fr\/wp-content\/uploads\/2024\/05\/Capture-decran-2024-05-23-a-15.17.13.png?resize=300%2C228&amp;ssl=1 300w\" sizes=\"auto, (max-width: 590px) 100vw, 590px\" \/> <img data-recalc-dims=\"1\" loading=\"lazy\" decoding=\"async\" class=\"alignright size-full wp-image-30880\" src=\"https:\/\/i0.wp.com\/ensemblepouremerainville.fr\/wp-content\/uploads\/2024\/05\/Capture-decran-2024-05-23-a-15.16.18.png?resize=578%2C620&#038;ssl=1\" alt=\"\" width=\"578\" height=\"620\" srcset=\"https:\/\/i0.wp.com\/ensemblepouremerainville.fr\/wp-content\/uploads\/2024\/05\/Capture-decran-2024-05-23-a-15.16.18.png?w=578&amp;ssl=1 578w, https:\/\/i0.wp.com\/ensemblepouremerainville.fr\/wp-content\/uploads\/2024\/05\/Capture-decran-2024-05-23-a-15.16.18.png?resize=280%2C300&amp;ssl=1 280w\" sizes=\"auto, (max-width: 578px) 100vw, 578px\" \/> <img data-recalc-dims=\"1\" loading=\"lazy\" decoding=\"async\" class=\"alignright size-full wp-image-30882\" src=\"https:\/\/i0.wp.com\/ensemblepouremerainville.fr\/wp-content\/uploads\/2024\/05\/Capture-decran-2024-05-23-a-15.18.37.png?resize=590%2C310&#038;ssl=1\" alt=\"\" width=\"590\" height=\"310\" srcset=\"https:\/\/i0.wp.com\/ensemblepouremerainville.fr\/wp-content\/uploads\/2024\/05\/Capture-decran-2024-05-23-a-15.18.37.png?w=990&amp;ssl=1 990w, https:\/\/i0.wp.com\/ensemblepouremerainville.fr\/wp-content\/uploads\/2024\/05\/Capture-decran-2024-05-23-a-15.18.37.png?resize=300%2C158&amp;ssl=1 300w\" sizes=\"auto, (max-width: 590px) 100vw, 590px\" \/><\/p>\n<p>&nbsp;<\/p>\n<p>&nbsp;<\/p>\n","protected":false},"excerpt":{"rendered":"<p>Nous vous guiderons comme chaque ann\u00e9e du d\u00e9part devant la mairie d&rsquo;EMERAINVILLE \u00e0 8h30 dimanche 26 mai. &nbsp; &nbsp;<\/p>\n","protected":false},"author":1,"featured_media":30878,"comment_status":"open","ping_status":"open","sticky":false,"template":"","format":"standard","meta":{"footnotes":""},"categories":[35,58,13],"tags":[],"class_list":["post-30877","post","type-post","status-publish","format-standard","has-post-thumbnail","hentry","category-actualite","category-emerainville","category-sport-vie-associative-fetes-et-ceremonies"],"_links":{"self":[{"href":"https:\/\/ensemblepouremerainville.fr\/index.php?rest_route=\/wp\/v2\/posts\/30877","targetHints":{"allow":["GET"]}}],"collection":[{"href":"https:\/\/ensemblepouremerainville.fr\/index.php?rest_route=\/wp\/v2\/posts"}],"about":[{"href":"https:\/\/ensemblepouremerainville.fr\/index.php?rest_route=\/wp\/v2\/types\/post"}],"author":[{"embeddable":true,"href":"https:\/\/ensemblepouremerainville.fr\/index.php?rest_route=\/wp\/v2\/users\/1"}],"replies":[{"embeddable":true,"href":"https:\/\/ensemblepouremerainville.fr\/index.php?rest_route=%2Fwp%2Fv2%2Fcomments&post=30877"}],"version-history":[{"count":2,"href":"https:\/\/ensemblepouremerainville.fr\/index.php?rest_route=\/wp\/v2\/posts\/30877\/revisions"}],"predecessor-version":[{"id":30885,"href":"https:\/\/ensemblepouremerainville.fr\/index.php?rest_route=\/wp\/v2\/posts\/30877\/revisions\/30885"}],"wp:featuredmedia":[{"embeddable":true,"href":"https:\/\/ensemblepouremerainville.fr\/index.php?rest_route=\/wp\/v2\/media\/30878"}],"wp:attachment":[{"href":"https:\/\/ensemblepouremerainville.fr\/index.php?rest_route=%2Fwp%2Fv2%2Fmedia&parent=30877"}],"wp:term":[{"taxonomy":"category","embeddable":true,"href":"https:\/\/ensemblepouremerainville.fr\/index.php?rest_route=%2Fwp%2Fv2%2Fcategories&post=30877"},{"taxonomy":"post_tag","embeddable":true,"href":"https:\/\/ensemblepouremerainville.fr\/index.php?rest_route=%2Fwp%2Fv2%2Ftags&post=30877"}],"curies":[{"name":"wp","href":"https:\/\/api.w.org\/{rel}","templated":true}]}}