{"id":30958,"date":"2024-07-12T17:11:47","date_gmt":"2024-07-12T15:11:47","guid":{"rendered":"https:\/\/ensemblepouremerainville.fr\/?p=30958"},"modified":"2024-07-12T17:11:47","modified_gmt":"2024-07-12T15:11:47","slug":"compte-rendu-du-conseil-municipal-3-juillet-2024","status":"publish","type":"post","link":"https:\/\/ensemblepouremerainville.fr\/?p=30958","title":{"rendered":"COMPTE RENDU du CONSEIL MUNICIPAL  3 juillet 2024"},"content":{"rendered":"<p>&nbsp;<\/p>\n<p><b>Mercredi 3 juillet 2024, conseil municipal \u00e0 EMERAINVILLE<\/b><\/p>\n<p style=\"text-align: center;\"><b><i>Ordre du jour:<\/i><\/b><\/p>\n<p>1 -tableau des d\u00e9cisions du maire.<\/p>\n<p>2 -Approbation du PV du 27 mai 2024.<\/p>\n<p>3 -Choix du d\u00e9l\u00e9gataire et signature du contrat de concession pour la<span class=\"Apple-converted-space\">\u00a0<\/span><\/p>\n<p>gestion de la cr\u00e8che \u00ab\u00a0Les Jeunes Pouces\u00a0\u00bb.<\/p>\n<p>4 -Signature d\u2019une convention d\u2019utilisation d\u2019une partie du parking<\/p>\n<p>du stade D. ROCHETEAU.<\/p>\n<p>5 -Mise en place de la vid\u00e9o protection.<\/p>\n<p>cliquer sur le lien: <a href=\"https:\/\/ensemblepouremerainville.fr\/wp-content\/uploads\/2024\/07\/MISE-EN-PLACE-DE-LA-VIDEO-VERBALISATION.pdf\">MISE EN PLACE DE LA VIDEO VERBALISATION<\/a><\/p>\n<p>&nbsp;<\/p>\n<p style=\"text-align: center;\"><b>Compte rendu<\/b><\/p>\n<p>1 &#8211; RAS<\/p>\n<p>2 &#8211; RAS<\/p>\n<p>3 &#8211; Nouveau prestataire,<strong> LA MAISON BLEUE, \u00a0 \u00a0 \u00a0 <img data-recalc-dims=\"1\" loading=\"lazy\" decoding=\"async\" class=\"wp-image-30961 alignright\" src=\"https:\/\/i0.wp.com\/ensemblepouremerainville.fr\/wp-content\/uploads\/2024\/07\/Capture-decran-2024-07-12-a-16.45.24.png?resize=218%2C136&#038;ssl=1\" alt=\"\" width=\"218\" height=\"136\" srcset=\"https:\/\/i0.wp.com\/ensemblepouremerainville.fr\/wp-content\/uploads\/2024\/07\/Capture-decran-2024-07-12-a-16.45.24.png?w=435&amp;ssl=1 435w, https:\/\/i0.wp.com\/ensemblepouremerainville.fr\/wp-content\/uploads\/2024\/07\/Capture-decran-2024-07-12-a-16.45.24.png?resize=300%2C188&amp;ssl=1 300w\" sizes=\"auto, (max-width: 218px) 100vw, 218px\" \/><\/strong><\/p>\n<p>La commission d\u2019appel d\u2019offres apr\u00e8s avoir suivi l\u2019ensemble des proc\u00e9dures<span class=\"Apple-converted-space\">\u00a0<\/span><\/p>\n<p>de s\u00e9lection, a \u00e9mis un choix en d\u00e9signant LA MAISON BLEUE comme nouveau prestataire de service (DSP).<\/p>\n<p><i>Voir dans quelques semaines le CR fait par la majorit\u00e9 municipale.<\/i><\/p>\n<p>&nbsp;<\/p>\n<p><i>4 &#8211; Pr\u00eat du parking <strong>ROCHETEAU<\/strong> \u00a0 <\/i>Situation tr\u00e8s bancale , il faut prendre en compte le fait que 18 adultes et 12 enfants soit 17 caravanes<\/p>\n<p>et 14 v\u00e9hicules des gens du voyage sont dans l\u2019obligation de quitter la plateforme d\u2019accueil au motif de travaux annuels. <img data-recalc-dims=\"1\" loading=\"lazy\" decoding=\"async\" class=\"alignright size-full wp-image-30969\" src=\"https:\/\/i0.wp.com\/ensemblepouremerainville.fr\/wp-content\/uploads\/2024\/07\/Capture-decran-2024-07-12-a-17.07.05.png?resize=254%2C192&#038;ssl=1\" alt=\"\" width=\"254\" height=\"192\" \/><\/p>\n<p>Ces familles en situation de s\u00e9dentarisation n\u2019ont pas de proposition de remplacement, de la part du gestionnaire CAPVM.<\/p>\n<p>Nous avons d\u00e9j\u00e0 regrett\u00e9 cette situation l\u2019an dernier.<\/p>\n<p>Ce renouvellement nous motive \u00e0 rencontrer le responsable de ce service \u00e0 la communaut\u00e9 d\u2019agglom\u00e9ration.<\/p>\n<p>Nous trouvons cette fermeture non justifi\u00e9e.<\/p>\n<p>Rendez-vous va \u00eatre pris, nous vous en rendrons compte.<\/p>\n<p>La majorit\u00e9 municipale propose une solution d\u2019h\u00e9bergement provisoire , avec un contrat de location sur le site du parking du stade ROCHETEAU.<\/p>\n<p>C\u2019est satisfaisant pour cette ann\u00e9e puisque la programmation de manifestations sportive n\u2019utilise pas le site.<\/p>\n<p>Mais sans solution autre, cela sous-entend que chaque ann\u00e9e il ne peut plus y avoir d\u2019\u00e9v\u00e9nement sportif sur ce site \u00e0 cette p\u00e9riode.<\/p>\n<p>Nous n\u2019admettons pas ce d\u00e9voiement de fonction pour le stade <strong>ROCHETEAU<\/strong>.<span class=\"Apple-converted-space\">\u00a0<\/span><\/p>\n<p>Nous, en fonction de d\u00e9cideurs nous utiliserions le stade pour des activit\u00e9s estivales des diff\u00e9rents clubs de la commune.<\/p>\n<p>&nbsp;<\/p>\n<p>5 &#8211; Au pr\u00e9texte d\u2019apaisement du centre-ville et de r\u00e9guler la circulation, la majorit\u00e9 municipale et l\u2019opposition <strong>CAPEM<\/strong> vote la vid\u00e9o-verbalisation. <img data-recalc-dims=\"1\" loading=\"lazy\" decoding=\"async\" class=\"alignright wp-image-30963\" src=\"https:\/\/i0.wp.com\/ensemblepouremerainville.fr\/wp-content\/uploads\/2024\/07\/Capture-decran-2024-07-11-a-11.00.33.png?resize=363%2C240&#038;ssl=1\" alt=\"\" width=\"363\" height=\"240\" srcset=\"https:\/\/i0.wp.com\/ensemblepouremerainville.fr\/wp-content\/uploads\/2024\/07\/Capture-decran-2024-07-11-a-11.00.33.png?w=715&amp;ssl=1 715w, https:\/\/i0.wp.com\/ensemblepouremerainville.fr\/wp-content\/uploads\/2024\/07\/Capture-decran-2024-07-11-a-11.00.33.png?resize=300%2C198&amp;ssl=1 300w\" sizes=\"auto, (max-width: 363px) 100vw, 363px\" \/><\/p>\n<p>\u00c0 ce jour avant le vote, la verbalisation \u00e9tait possible, soit par le r\u00e9seau de cam\u00e9ras centr\u00e9e sur le CSU, soit directement par les agents de s\u00e9curit\u00e9.<span class=\"Apple-converted-space\">\u00a0<\/span><\/p>\n<p>Nous posons la question du cout pour acqu\u00e9rir le logiciel, nous avons eu des \u00e9chos comme quoi c\u2019 \u00e9tait tr\u00e8s on\u00e9reux , 40 \u00e0 50 000 \u20ac.<\/p>\n<p>M. le Maire nous r\u00e9pond qu\u2019il n\u2019en sait rien, extraordinaire pour un gestionnaire qui dit vouloir faire des \u00e9conomies sur tous les services municipaux.<\/p>\n<p>\u00c0 la question \u00ab\u00a0Pensez-vous que cela va fluidifier la circulation\u00a0\u00bb, la r\u00e9ponse est <strong>NON<\/strong>, il y a des stops, la vitesse n\u2019est pas possible.<\/p>\n<p>Alors pour quelle raison mettez-vous en place une telle charge\u2009? R\u00e9ponse;<strong><span style=\"font-size: 12pt;\"> pour s\u00e9curiser la commune<\/span><\/strong>.<\/p>\n<p>L\u2019opposition <strong>CAPEM<\/strong> aussi pose des questions, par la personne de l\u2019ancien responsable de la police municipale,<\/p>\n<p>qui tient un discours tr\u00e8s brutal sur la n\u00e9cessit\u00e9 de l\u2019ordre et de l\u2019autorit\u00e9.<span class=\"Apple-converted-space\"> !!!<img data-recalc-dims=\"1\" loading=\"lazy\" decoding=\"async\" class=\" wp-image-30965 alignleft\" src=\"https:\/\/i0.wp.com\/ensemblepouremerainville.fr\/wp-content\/uploads\/2024\/07\/Capture-decran-2024-07-11-a-11.03.51.png?resize=233%2C232&#038;ssl=1\" alt=\"\" width=\"233\" height=\"232\" srcset=\"https:\/\/i0.wp.com\/ensemblepouremerainville.fr\/wp-content\/uploads\/2024\/07\/Capture-decran-2024-07-11-a-11.03.51.png?w=322&amp;ssl=1 322w, https:\/\/i0.wp.com\/ensemblepouremerainville.fr\/wp-content\/uploads\/2024\/07\/Capture-decran-2024-07-11-a-11.03.51.png?resize=300%2C298&amp;ssl=1 300w, https:\/\/i0.wp.com\/ensemblepouremerainville.fr\/wp-content\/uploads\/2024\/07\/Capture-decran-2024-07-11-a-11.03.51.png?resize=200%2C200&amp;ssl=1 200w, https:\/\/i0.wp.com\/ensemblepouremerainville.fr\/wp-content\/uploads\/2024\/07\/Capture-decran-2024-07-11-a-11.03.51.png?resize=260%2C260&amp;ssl=1 260w\" sizes=\"auto, (max-width: 233px) 100vw, 233px\" \/><\/span><\/p>\n<p><strong>Observation<\/strong>: Nous sommes surpris, par la teneur de ces paroles,<\/p>\n<p>peut-\u00eatre due \u00e0 la p\u00e9riode de l\u2019entre deux tours des \u00e9lections l\u00e9gislatives,<\/p>\n<p>mais cela ressemble \u00e9trangement \u00e0 un discours d\u2019extr\u00eame droite.<\/p>\n<p>Vous pourrez juger par vous-m\u00eame, en visionnant la vid\u00e9o de ce conseil sur le site d\u2019EMERAINVILLE.<\/p>\n<p>Nous sommes \u00e9tonn\u00e9s du manque de r\u00e9action de la part de certains membres de <strong>CAPEM<\/strong>, d\u2019origine socialiste !<\/p>\n","protected":false},"excerpt":{"rendered":"<p>&nbsp; Mercredi 3 juillet 2024, conseil municipal \u00e0 EMERAINVILLE Ordre du jour: 1 -tableau des d\u00e9cisions du maire. 2 -Approbation du PV du 27 mai 2024. 3 -Choix du d\u00e9l\u00e9gataire et signature du contrat de concession pour la\u00a0 gestion de la cr\u00e8che \u00ab\u00a0Les Jeunes Pouces\u00a0\u00bb. 4 -Signature d\u2019une convention d\u2019utilisation d\u2019une partie du parking du&#8230; <\/p>\n<div class=\"read-more\"><a href=\"https:\/\/ensemblepouremerainville.fr\/?p=30958\">Lire la suite<\/a><\/div>\n","protected":false},"author":1,"featured_media":30966,"comment_status":"open","ping_status":"open","sticky":false,"template":"","format":"standard","meta":{"footnotes":""},"categories":[35,256,22,37],"tags":[],"class_list":["post-30958","post","type-post","status-publish","format-standard","has-post-thumbnail","hentry","category-actualite","category-les-constats","category-compte-rendu","category-cm"],"_links":{"self":[{"href":"https:\/\/ensemblepouremerainville.fr\/index.php?rest_route=\/wp\/v2\/posts\/30958","targetHints":{"allow":["GET"]}}],"collection":[{"href":"https:\/\/ensemblepouremerainville.fr\/index.php?rest_route=\/wp\/v2\/posts"}],"about":[{"href":"https:\/\/ensemblepouremerainville.fr\/index.php?rest_route=\/wp\/v2\/types\/post"}],"author":[{"embeddable":true,"href":"https:\/\/ensemblepouremerainville.fr\/index.php?rest_route=\/wp\/v2\/users\/1"}],"replies":[{"embeddable":true,"href":"https:\/\/ensemblepouremerainville.fr\/index.php?rest_route=%2Fwp%2Fv2%2Fcomments&post=30958"}],"version-history":[{"count":4,"href":"https:\/\/ensemblepouremerainville.fr\/index.php?rest_route=\/wp\/v2\/posts\/30958\/revisions"}],"predecessor-version":[{"id":30970,"href":"https:\/\/ensemblepouremerainville.fr\/index.php?rest_route=\/wp\/v2\/posts\/30958\/revisions\/30970"}],"wp:featuredmedia":[{"embeddable":true,"href":"https:\/\/ensemblepouremerainville.fr\/index.php?rest_route=\/wp\/v2\/media\/30966"}],"wp:attachment":[{"href":"https:\/\/ensemblepouremerainville.fr\/index.php?rest_route=%2Fwp%2Fv2%2Fmedia&parent=30958"}],"wp:term":[{"taxonomy":"category","embeddable":true,"href":"https:\/\/ensemblepouremerainville.fr\/index.php?rest_route=%2Fwp%2Fv2%2Fcategories&post=30958"},{"taxonomy":"post_tag","embeddable":true,"href":"https:\/\/ensemblepouremerainville.fr\/index.php?rest_route=%2Fwp%2Fv2%2Ftags&post=30958"}],"curies":[{"name":"wp","href":"https:\/\/api.w.org\/{rel}","templated":true}]}}