{"id":30993,"date":"2024-07-30T15:52:59","date_gmt":"2024-07-30T13:52:59","guid":{"rendered":"https:\/\/ensemblepouremerainville.fr\/?p=30993"},"modified":"2024-07-30T15:52:59","modified_gmt":"2024-07-30T13:52:59","slug":"voila-la-ceremonie-des-jop-2024-vient-davoir-lieu","status":"publish","type":"post","link":"https:\/\/ensemblepouremerainville.fr\/?p=30993","title":{"rendered":"Voil\u00e0, la c\u00e9r\u00e9monie des JOP 2024 vient d\u2019avoir lieu,"},"content":{"rendered":"<p>&nbsp;<\/p>\n<p><span style=\"font-size: 14pt;\"><strong>Magnifique, original, dans l\u2019identit\u00e9 fran\u00e7aise.<\/strong><\/span><\/p>\n<p><img data-recalc-dims=\"1\" loading=\"lazy\" decoding=\"async\" class=\" wp-image-30994 alignleft\" src=\"https:\/\/i0.wp.com\/ensemblepouremerainville.fr\/wp-content\/uploads\/2024\/07\/Capture-decran-2024-07-30-a-15.09.44.png?resize=313%2C323&#038;ssl=1\" alt=\"\" width=\"313\" height=\"323\" srcset=\"https:\/\/i0.wp.com\/ensemblepouremerainville.fr\/wp-content\/uploads\/2024\/07\/Capture-decran-2024-07-30-a-15.09.44.png?w=420&amp;ssl=1 420w, https:\/\/i0.wp.com\/ensemblepouremerainville.fr\/wp-content\/uploads\/2024\/07\/Capture-decran-2024-07-30-a-15.09.44.png?resize=290%2C300&amp;ssl=1 290w\" sizes=\"auto, (max-width: 313px) 100vw, 313px\" \/><\/p>\n<p>Je souhaitais vous relater ces \u00e9v\u00e9nements, non pas vu par un<span class=\"Apple-converted-space\">\u00a0 <\/span>journalisme attach\u00e9 \u00e0 sa r\u00e9daction,<\/p>\n<p>mais vu par un militant \u00e9cologiste qui attendait une r\u00e9ponse aux derni\u00e8res \u00e9lections europ\u00e9enne et l\u00e9gislative.<\/p>\n<p>Ma vision d\u2019Emerainvillois \u00e9lu municipal d\u2019opposition et \u00e9lu \u00e0 la r\u00e9gion \u00cele-de-France, mais j\u2019ai trouv\u00e9 mieux<\/p>\n<p>donc je ne prends pas le risque de vous ennuyer .<\/p>\n<p>&nbsp;<\/p>\n<p><img data-recalc-dims=\"1\" loading=\"lazy\" decoding=\"async\" class=\"wp-image-30995 alignright\" src=\"https:\/\/i0.wp.com\/ensemblepouremerainville.fr\/wp-content\/uploads\/2024\/07\/Capture-decran-2024-07-30-a-15.10.39.png?resize=346%2C293&#038;ssl=1\" alt=\"\" width=\"346\" height=\"293\" srcset=\"https:\/\/i0.wp.com\/ensemblepouremerainville.fr\/wp-content\/uploads\/2024\/07\/Capture-decran-2024-07-30-a-15.10.39.png?w=552&amp;ssl=1 552w, https:\/\/i0.wp.com\/ensemblepouremerainville.fr\/wp-content\/uploads\/2024\/07\/Capture-decran-2024-07-30-a-15.10.39.png?resize=300%2C254&amp;ssl=1 300w\" sizes=\"auto, (max-width: 346px) 100vw, 346px\" \/><\/p>\n<p>Je vous propose un \u00e9crit de <strong>AL.GUILHEM, professeur agr\u00e9g\u00e9 d\u2019histoire et de g\u00e9ographie<\/strong><\/p>\n<p>&nbsp;<\/p>\n<p>Certes, nous avons v\u00e9cu un moment cheh<span style=\"font-size: 14pt; color: #ff0000;\">*<\/span> de qualit\u00e9.<\/p>\n<p>Un doigt d&rsquo;honneur \u00e0 l&rsquo;extr\u00eame-droite qui hait les minorit\u00e9s. Un spectacle r\u00e9ussi sur la forme<\/p>\n<p>et qui brise les normes sociales.<\/p>\n<p>Pourtant, ces apparences progressistes sont une coquille vide et chaque symbole<\/p>\n<p>vient se fracasser contre le r\u00e9el. Tout ce barnum extr\u00eamement co\u00fbteux respire l&rsquo;hypocrisie.<\/p>\n<p><img data-recalc-dims=\"1\" loading=\"lazy\" decoding=\"async\" class=\"wp-image-30999 alignleft\" src=\"https:\/\/i0.wp.com\/ensemblepouremerainville.fr\/wp-content\/uploads\/2024\/07\/Capture-decran-2024-07-30-a-15.14.36.png?resize=199%2C188&#038;ssl=1\" alt=\"\" width=\"199\" height=\"188\" srcset=\"https:\/\/i0.wp.com\/ensemblepouremerainville.fr\/wp-content\/uploads\/2024\/07\/Capture-decran-2024-07-30-a-15.14.36.png?w=308&amp;ssl=1 308w, https:\/\/i0.wp.com\/ensemblepouremerainville.fr\/wp-content\/uploads\/2024\/07\/Capture-decran-2024-07-30-a-15.14.36.png?resize=300%2C283&amp;ssl=1 300w\" sizes=\"auto, (max-width: 199px) 100vw, 199px\" \/><\/p>\n<p>Voir les mots de libert\u00e9, d&rsquo;\u00e9galit\u00e9, de fraternit\u00e9 s&rsquo;afficher sur l&rsquo;\u00e9cran est insupportable quand on conna\u00eet la r\u00e9alit\u00e9<\/p>\n<p>de ces jeux olympiques.<\/p>\n<p><strong> Libert\u00e9<\/strong> alors que des \u00e9cologistes \u00e9taient en garde \u00e0 vue pour avoir dispos\u00e9 des autocollants<\/p>\n<p>d\u00e9non\u00e7ant les JO, que d&rsquo;autres \u00e9taient arr\u00eat\u00e9s pour un peu de peinture.<\/p>\n<p><strong> \u00c9galit\u00e9<\/strong> alors que le co\u00fbt des places r\u00e9serve les JO \u00e0 une minorit\u00e9 de privil\u00e9gi\u00e9s suivant un crit\u00e8re financier discriminant<\/p>\n<p>qui exclut des vrais passionn\u00e9s, l\u00e0 o\u00f9 on aurait pu privil\u00e9gier des adh\u00e9rents de nos associations sportives.<\/p>\n<p><strong>Fraternit\u00e9<\/strong> alors que les SDF, pour ne pas g\u00eaner ces privil\u00e9gi\u00e9s, ont \u00e9t\u00e9 chass\u00e9s sans vergogne des lieux o\u00f9 ils se r\u00e9fugient habituellement dans Paris.<\/p>\n<p><img data-recalc-dims=\"1\" loading=\"lazy\" decoding=\"async\" class=\"wp-image-30997 alignright\" src=\"https:\/\/i0.wp.com\/ensemblepouremerainville.fr\/wp-content\/uploads\/2024\/07\/Capture-decran-2024-07-30-a-15.12.39.png?resize=222%2C209&#038;ssl=1\" alt=\"\" width=\"222\" height=\"209\" srcset=\"https:\/\/i0.wp.com\/ensemblepouremerainville.fr\/wp-content\/uploads\/2024\/07\/Capture-decran-2024-07-30-a-15.12.39.png?w=308&amp;ssl=1 308w, https:\/\/i0.wp.com\/ensemblepouremerainville.fr\/wp-content\/uploads\/2024\/07\/Capture-decran-2024-07-30-a-15.12.39.png?resize=300%2C283&amp;ssl=1 300w\" sizes=\"auto, (max-width: 222px) 100vw, 222px\" \/><\/p>\n<p>Reste l&rsquo;image d&rsquo;inclusion que la c\u00e9r\u00e9monie a su donner, totalement \u00e0 rebours de la r\u00e9alit\u00e9 du pays et de la politique d&rsquo;E. Macron.<\/p>\n<p>Supprimer des normes d&rsquo;acc\u00e8s handicap\u00e9s, conjugaliser l&rsquo;Allocation Adulte handicap\u00e9e, c&rsquo;est cela l\u2019\u0153uvre de la R\u00e9publique en Marche,<\/p>\n<p>avant que ses opposants ne l&#8217;emportent sur le second point.<\/p>\n<p>D\u00e9noncer les choses \u00ab\u00a0ubuesques\u00a0\u00bb comme \u00ab\u00a0aller changer de sexe \u00e0 la mairie\u00a0\u00bb, c&rsquo;est cela la vision des transgenres propag\u00e9e par E. Macron.<\/p>\n<p>Quant \u00e0 sa politique \u00e0 l&rsquo;\u00e9gard des racis\u00e9s, je pense qu&rsquo;il n&rsquo;est m\u00eame plus la peine de la commenter.<\/p>\n<p>&nbsp;<\/p>\n<p><img data-recalc-dims=\"1\" loading=\"lazy\" decoding=\"async\" class=\" wp-image-30998 alignleft\" src=\"https:\/\/i0.wp.com\/ensemblepouremerainville.fr\/wp-content\/uploads\/2024\/07\/Capture-decran-2024-07-30-a-15.13.01.png?resize=241%2C228&#038;ssl=1\" alt=\"\" width=\"241\" height=\"228\" srcset=\"https:\/\/i0.wp.com\/ensemblepouremerainville.fr\/wp-content\/uploads\/2024\/07\/Capture-decran-2024-07-30-a-15.13.01.png?w=308&amp;ssl=1 308w, https:\/\/i0.wp.com\/ensemblepouremerainville.fr\/wp-content\/uploads\/2024\/07\/Capture-decran-2024-07-30-a-15.13.01.png?resize=300%2C283&amp;ssl=1 300w\" sizes=\"auto, (max-width: 241px) 100vw, 241px\" \/><\/p>\n<p>Le clou du spectacle est peut-\u00eatre l&rsquo;hommage \u00e0 <strong>Louise Michel<\/strong> alors que notre gouvernement l&rsquo;enverrait en prison aujourd&rsquo;hui,<\/p>\n<p>comme d&rsquo;ailleurs les gouvernements de l&rsquo;\u00e9poque. Les \u00e9pisodes et personnages historiques mis en valeur<\/p>\n<p>sont en inad\u00e9quation totale avec la politique que l&rsquo;on subit.<\/p>\n<p>Si J.-L. Melenchon est un dangereux personnage d&rsquo;extr\u00eame-gauche parce qu&rsquo;il est socialiste et que son parti joue le r\u00f4le<\/p>\n<p>d&rsquo;opposant \u00e0 l&rsquo;Assembl\u00e9e, alors qu&rsquo;en est-il de Louise Michel qui est anarchiste et a pris les armes contre les injustices du gouvernement lors de la Commune ?<\/p>\n<p>Quid de <strong>Gis\u00e8le Halimi<\/strong>, qui a lutt\u00e9 contre les violences coloniales en Alg\u00e9rie alors qu&rsquo;on d\u00e9roule le tapis rouge \u00e0 l&rsquo;\u00c9tat colonial isra\u00e9lien,<\/p>\n<p>que l&rsquo;on interdit aux Fran\u00e7ais de brandir des drapeaux palestiniens lors du passage de la flamme et que l&rsquo;on tue des ind\u00e9pendantistes kanaks?<\/p>\n<p>Comment peut-on d\u00e9cemment rendre hommage \u00e0 la R\u00e9volution Fran\u00e7aise alors que la moindre action de d\u00e9sob\u00e9issance civile est s\u00e9v\u00e8rement disqualifi\u00e9e ?<\/p>\n<p>&nbsp;<\/p>\n<p><img data-recalc-dims=\"1\" loading=\"lazy\" decoding=\"async\" class=\" wp-image-30996 alignleft\" src=\"https:\/\/i0.wp.com\/ensemblepouremerainville.fr\/wp-content\/uploads\/2024\/07\/Capture-decran-2024-07-30-a-15.12.22.png?resize=202%2C191&#038;ssl=1\" alt=\"\" width=\"202\" height=\"191\" srcset=\"https:\/\/i0.wp.com\/ensemblepouremerainville.fr\/wp-content\/uploads\/2024\/07\/Capture-decran-2024-07-30-a-15.12.22.png?w=308&amp;ssl=1 308w, https:\/\/i0.wp.com\/ensemblepouremerainville.fr\/wp-content\/uploads\/2024\/07\/Capture-decran-2024-07-30-a-15.12.22.png?resize=300%2C283&amp;ssl=1 300w\" sizes=\"auto, (max-width: 202px) 100vw, 202px\" \/><span style=\"word-spacing: normal;\">\u00a0 Que dire du commentaire de <strong>Delahousse<\/strong> au passage de la d\u00e9l\u00e9gation isra\u00e9lienne, qui \u00e9voque \u00ab le conflit engendr\u00e9 par l&rsquo;attaque du Hamas le 7 octobre \u00bb ?<\/span><\/p>\n<p><span style=\"word-spacing: normal;\"> Il reprend la rh\u00e9torique des ignorants qui d\u00e9couvrent un conflit vieux de presque 80 ans lorsque la victime s&rsquo;inverse.<\/span><\/p>\n<p><span style=\"word-spacing: normal;\"> Non, le Hamas n&rsquo;a pas d\u00e9clench\u00e9 le conflit. Et non, il ne s&rsquo;agit pas d&rsquo;un vague \u00ab conflit \u00bb mais d&rsquo;une politique coloniale, d&rsquo;une invasion <\/span><\/p>\n<p><span style=\"word-spacing: normal;\">et d\u00e9sormais d&rsquo;un crime de masse accompagn\u00e9 de discours g\u00e9nocidaires.<\/span><\/p>\n<p>Le commentateur enfonce le clou en donnant raison \u00e0 E. Macron qui affirme que les isra\u00e9liens sont les bienvenus comme s&rsquo;il s&rsquo;agissait d&rsquo;une question d&rsquo;inclusion.<\/p>\n<p>Et pourtant non. Il s&rsquo;agit de savoir si l&rsquo;on cautionne ou non <strong>B. Netanyahou<\/strong> pour lequel le procureur de la Cour Penale Internationale<\/p>\n<p>a demand\u00e9 un mandat d&rsquo;arr\u00eat pour \u00able fait d&rsquo;affamer d\u00e9lib\u00e9r\u00e9ment des civils\u00bb, \u00abhomicide intentionnel\u00bb et \u00abextermination et\/ou meurtre\u00bb.<\/p>\n<p>Le CIO a su p\u00e9naliser la Russie sans p\u00e9naliser ses athl\u00e8tes en les acceptant sous banni\u00e8re neutre.<\/p>\n<p>Pourquoi est-ce impossible pour Isra\u00ebl\u00a0?<\/p>\n<p>Pourquoi Delahousse ne pense-t-il pas que la banni\u00e8re russe est \u00ab\u00a0la bienvenue\u00a0\u00bb\u00a0?<\/p>\n<p>Le seul vrai gagnant de la c\u00e9r\u00e9monie est Bernard Arnault puisque la marque Louis Vuitton a \u00e9t\u00e9 mise \u00e0 l&rsquo;honneur, sans rancune pour l&rsquo;\u00e9vasion fiscale.<\/p>\n<p>Peut-\u00eatre <strong>Thomas Joly<\/strong> voit-il son spectacle comme une forme de r\u00e9sistance aux valeurs d&rsquo;extr\u00eame-droite propag\u00e9es par E. Macron.<\/p>\n<p>Il d\u00e9montre alors que l&rsquo;on ne peut pas r\u00e9sister de l&rsquo;int\u00e9rieur puisqu&rsquo; E. Macron renoue gr\u00e2ce \u00e0 lui avec une image progressiste et brille \u00e0 travers le spectacle l\u00e9ch\u00e9 que son employ\u00e9 \u00e0 r\u00e9ussi \u00e0 assurer.<\/p>\n<p>Hier, la France et le monde ont oubli\u00e9 qu&rsquo; E. Macron s&rsquo;assoit sur les r\u00e9sultats des derni\u00e8res \u00e9lections pour maintenir son parti au pouvoir.<\/p>\n<p>La diversion a r\u00e9ussi, le public a eu, \u00e0 d\u00e9faut de pain, des jeux. E. Macron a eu la tr\u00eave politique qu&rsquo;il souhaitait, d\u00e9tournant les m\u00e9contentements sur la question des minorit\u00e9s comme cela lui convient.<\/p>\n<p>La r\u00e9sistance ne pourra pas venir de la collaboration mais viendra de l&rsquo;opposition au d\u00e9roul\u00e9 pr\u00e9vu de ces JO, de grains de sable dans l&rsquo;engrenage, de manifestations de m\u00e9contentement.<\/p>\n<p>Sur ce point, nous voyons qu&rsquo;hier soir la gauche n&rsquo;\u00e9tait pas pr\u00e9sente.<\/p>\n<p>Non, la c\u00e9r\u00e9monie ne t\u00e9moigne en aucun cas d&rsquo;une quelconque h\u00e9g\u00e9monie culturelle de gauche. Elle pr\u00e9serve les puissants.<\/p>\n<p>Les valeurs et l&rsquo;histoire qu&rsquo;elle met en exergue sont totalement contraires \u00e0 l&rsquo;actualit\u00e9 que nous vivons.<\/p>\n<p>Derri\u00e8re la beaut\u00e9 des images et la profusion de couleurs, la r\u00e9alit\u00e9 n&rsquo;est pas jolie Joly.<\/p>\n<p><a href=\"https:\/\/blogs.mediapart.fr\/alguilhem\">AL.GUILHEM<\/a><\/p>\n<p>Professeur agr\u00e9g\u00e9 d\u2019histoire-g\u00e9ographie<\/p>\n<p><span style=\"font-size: 14pt; color: #ff0000;\">*<\/span> <i>Cheh est un mot qui vient de l&rsquo;arabe et qui signifie <\/i><i>\u00ab\u00a0Bien fait, bien m\u00e9rit\u00e9, tu l&rsquo;as bien cherch\u00e9 \u00bb<\/i><\/p>\n<p><i> ou, plus vulgairement, \u00ab bien fait pour ta gueule \u00bb<\/i><i>. Il a la m\u00eame signification en arabe et en fran\u00e7ais. <\/i><\/p>\n<p><i>Ce mot s&rsquo;accompagne parfois d&rsquo;un geste : un frottement du pouce sous le menton.<\/i><\/p>\n<p><img data-recalc-dims=\"1\" loading=\"lazy\" decoding=\"async\" class=\" wp-image-31001 aligncenter\" src=\"https:\/\/i0.wp.com\/ensemblepouremerainville.fr\/wp-content\/uploads\/2024\/07\/Capture-decran-2024-07-30-a-15.43.11.png?resize=590%2C227&#038;ssl=1\" alt=\"\" width=\"590\" height=\"227\" srcset=\"https:\/\/i0.wp.com\/ensemblepouremerainville.fr\/wp-content\/uploads\/2024\/07\/Capture-decran-2024-07-30-a-15.43.11.png?w=961&amp;ssl=1 961w, https:\/\/i0.wp.com\/ensemblepouremerainville.fr\/wp-content\/uploads\/2024\/07\/Capture-decran-2024-07-30-a-15.43.11.png?resize=300%2C115&amp;ssl=1 300w\" sizes=\"auto, (max-width: 590px) 100vw, 590px\" \/><\/p>\n<p>&nbsp;<\/p>\n<p><strong>Observations personnelles:<\/strong><\/p>\n<p>J\u2019\u00e9tais comme un grand nombre de personnes sur les quais hauts pour esp\u00e9rer assister \u00e0 la c\u00e9r\u00e9monie d\u2019ouverture des JOP 2024.<\/p>\n<p>Ce devait \u00eatre les places populaires, normales pour des jeux suppos\u00e9s populaires&#8230; rat\u00e9s ! impossible de voir la seine, sauf au travers des tribunes payantes ou sur des \u00e9crans g\u00e9ants<\/p>\n<p>tourn\u00e9s vers les habitations. C\u2019est grossi\u00e8rement insultant pour tout ce public, est-ce au motif de la gratuit\u00e9 ?<\/p>\n<p>Je n\u2019ai pas rencontr\u00e9 le public dit populaire de banlieue IdF.<span class=\"Apple-converted-space\">\u00a0<\/span>Supposition qu\u2019il ai d\u00e9sert\u00e9 l\u2019\u00cele-de-France?<\/p>\n<p>Je ne connais pas la raison, pour l\u2019instant je n\u2019ai que des suppositions.<\/p>\n<p>Ces remarques n\u2019emp\u00eachent en rien la r\u00e9ussite de cet \u00e9v\u00e9nement.<\/p>\n<p><strong>\u00a0 \u00a0 \u00a0 \u00a0 \u00a0 \u00a0 \u00a0 \u00a0 \u00a0 \u00a0 \u00a0 \u00a0 \u00a0 \u00a0 \u00a0 \u00a0 \u00a0 \u00a0 \u00a0 \u00a0 \u00a0 \u00a0 \u00a0 \u00a0 \u00a0 \u00a0 \u00a0 \u00a0 \u00a0 \u00a0 \u00a0 \u00a0 \u00a0 \u00a0 \u00a0 \u00a0La suite politique dans quelques semaines !!<\/strong><\/p>\n<p><span style=\"font-size: 14pt;\"><strong><span style=\"color: #3366ff;\">\u00a0 \u00a0 \u00a0 \u00a0 \u00a0 \u00a0 \u00a0 \u00a0 \u00a0 \u00a0 \u00a0 \u00a0 \u00a0 \u00a0 Bonnes<\/span> <span style=\"color: #ff0000;\">vacances<\/span> <span style=\"color: #3366ff;\">\u00e0 ceux qui en ont<\/span> <span style=\"color: #ff0000;\">et courage \u00e0<\/span> <span style=\"color: #3366ff;\">ceux qui travaillent.<\/span><\/strong><\/span><\/p>\n","protected":false},"excerpt":{"rendered":"<p>&nbsp; Magnifique, original, dans l\u2019identit\u00e9 fran\u00e7aise. Je souhaitais vous relater ces \u00e9v\u00e9nements, non pas vu par un\u00a0 journalisme attach\u00e9 \u00e0 sa r\u00e9daction, mais vu par un militant \u00e9cologiste qui attendait une r\u00e9ponse aux derni\u00e8res \u00e9lections europ\u00e9enne et l\u00e9gislative. Ma vision d\u2019Emerainvillois \u00e9lu municipal d\u2019opposition et \u00e9lu \u00e0 la r\u00e9gion \u00cele-de-France, mais j\u2019ai trouv\u00e9 mieux donc&#8230; <\/p>\n<div class=\"read-more\"><a href=\"https:\/\/ensemblepouremerainville.fr\/?p=30993\">Lire la suite<\/a><\/div>\n","protected":false},"author":1,"featured_media":31001,"comment_status":"open","ping_status":"open","sticky":false,"template":"","format":"standard","meta":{"footnotes":""},"categories":[35,22,259],"tags":[],"class_list":["post-30993","post","type-post","status-publish","format-standard","has-post-thumbnail","hentry","category-actualite","category-compte-rendu","category-notre-actualite"],"_links":{"self":[{"href":"https:\/\/ensemblepouremerainville.fr\/index.php?rest_route=\/wp\/v2\/posts\/30993","targetHints":{"allow":["GET"]}}],"collection":[{"href":"https:\/\/ensemblepouremerainville.fr\/index.php?rest_route=\/wp\/v2\/posts"}],"about":[{"href":"https:\/\/ensemblepouremerainville.fr\/index.php?rest_route=\/wp\/v2\/types\/post"}],"author":[{"embeddable":true,"href":"https:\/\/ensemblepouremerainville.fr\/index.php?rest_route=\/wp\/v2\/users\/1"}],"replies":[{"embeddable":true,"href":"https:\/\/ensemblepouremerainville.fr\/index.php?rest_route=%2Fwp%2Fv2%2Fcomments&post=30993"}],"version-history":[{"count":3,"href":"https:\/\/ensemblepouremerainville.fr\/index.php?rest_route=\/wp\/v2\/posts\/30993\/revisions"}],"predecessor-version":[{"id":31003,"href":"https:\/\/ensemblepouremerainville.fr\/index.php?rest_route=\/wp\/v2\/posts\/30993\/revisions\/31003"}],"wp:featuredmedia":[{"embeddable":true,"href":"https:\/\/ensemblepouremerainville.fr\/index.php?rest_route=\/wp\/v2\/media\/31001"}],"wp:attachment":[{"href":"https:\/\/ensemblepouremerainville.fr\/index.php?rest_route=%2Fwp%2Fv2%2Fmedia&parent=30993"}],"wp:term":[{"taxonomy":"category","embeddable":true,"href":"https:\/\/ensemblepouremerainville.fr\/index.php?rest_route=%2Fwp%2Fv2%2Fcategories&post=30993"},{"taxonomy":"post_tag","embeddable":true,"href":"https:\/\/ensemblepouremerainville.fr\/index.php?rest_route=%2Fwp%2Fv2%2Ftags&post=30993"}],"curies":[{"name":"wp","href":"https:\/\/api.w.org\/{rel}","templated":true}]}}