{"id":31247,"date":"2024-12-09T14:54:34","date_gmt":"2024-12-09T13:54:34","guid":{"rendered":"https:\/\/ensemblepouremerainville.fr\/?p=31247"},"modified":"2024-12-09T14:54:34","modified_gmt":"2024-12-09T13:54:34","slug":"le-bottage-en-touche-discipline-tres-pratique-a-emerainville","status":"publish","type":"post","link":"https:\/\/ensemblepouremerainville.fr\/?p=31247","title":{"rendered":"Le bottage en touche, discipline tr\u00e8s pratiqu\u00e9 \u00e0 EMERAINVILLE"},"content":{"rendered":"<p><img data-recalc-dims=\"1\" loading=\"lazy\" decoding=\"async\" class=\"size-full wp-image-30804 alignleft\" src=\"https:\/\/i0.wp.com\/ensemblepouremerainville.fr\/wp-content\/uploads\/2024\/03\/Capture-decran-2024-03-08-a-10.57.26.png?resize=243%2C196&#038;ssl=1\" alt=\"\" width=\"243\" height=\"196\" \/><\/p>\n<p><span style=\"color: #3366ff;\">Discrimination, non ! vous n&rsquo;y pensez pas, cela c&rsquo;est pourtant bien pass\u00e9 \u00e0 EMERAINVILLE, il y a juste quelques jours !<\/span><\/p>\n<p><span style=\"color: #3366ff;\">Regardez cette vid\u00e9o diffus\u00e9e par le journal M\u00e9diapart<\/span><\/p>\n<p>&nbsp;<\/p>\n<p>&nbsp;<\/p>\n<p><span style=\"font-family: arial, helvetica, sans-serif; font-size: 12pt; color: #3366ff;\">D\u00e9j\u00e0 lors du conseil municipal, un bottage en touche magistral avait \u00e9t\u00e9 fait par le DGS.<\/span><\/p>\n<p>ICI cliqu\u00e9 sur le lien \u00a0\u00a0<a href=\"https:\/\/www.mediapart.fr\/journal\/france\/041224\/emerainville-camille-martin-peut-louer-une-salle-municipale-mais-pas-abdoulaye-sidibe\">\u00a0 \u00a0 \u00a0 \u00a0 \u00a0Vid\u00e9o M\u00e9diapart<\/a><\/p>\n<p><img data-recalc-dims=\"1\" loading=\"lazy\" decoding=\"async\" class=\"size-full wp-image-31253 alignleft\" src=\"https:\/\/i0.wp.com\/ensemblepouremerainville.fr\/wp-content\/uploads\/2024\/12\/Capture-decran-2024-12-09-a-14.18.17.png?resize=590%2C141&#038;ssl=1\" alt=\"\" width=\"590\" height=\"141\" srcset=\"https:\/\/i0.wp.com\/ensemblepouremerainville.fr\/wp-content\/uploads\/2024\/12\/Capture-decran-2024-12-09-a-14.18.17.png?w=785&amp;ssl=1 785w, https:\/\/i0.wp.com\/ensemblepouremerainville.fr\/wp-content\/uploads\/2024\/12\/Capture-decran-2024-12-09-a-14.18.17.png?resize=300%2C71&amp;ssl=1 300w\" sizes=\"auto, (max-width: 590px) 100vw, 590px\" \/><\/p>\n<p>&nbsp;<\/p>\n<p>&nbsp;<\/p>\n<p>&nbsp;<\/p>\n<p>&nbsp;<\/p>\n<p>&nbsp;<\/p>\n<p>&nbsp;<\/p>\n<p>&nbsp;<\/p>\n<p><span style=\"font-family: arial, helvetica, sans-serif; font-size: 12pt; color: #3366ff;\">Le texte du journal M\u00e9diapart,<\/span><\/p>\n<p><span style=\"color: #ff0000; font-family: arial, helvetica, sans-serif; font-size: 12pt;\"><strong>\u00c0 Emerainville, Camille Martin peut louer une salle municipale, mais pas<\/strong><\/span><\/p>\n<p><span style=\"color: #ff0000; font-family: arial, helvetica, sans-serif; font-size: 12pt;\"><strong>Abdoulaye Sidib\u00e9<\/strong><\/span><\/p>\n<p><span style=\"font-family: arial, helvetica, sans-serif; font-size: 12pt;\">Un habitant noir d\u2019un quartier d\u00e9favoris\u00e9 s\u2019est vu refuser par deux fois la r\u00e9servation d\u2019une salle municipale<\/span><\/p>\n<p><span style=\"font-family: arial, helvetica, sans-serif; font-size: 12pt;\">dans cette commune de Seine-et-Marne. Sous une autre identit\u00e9, sa demande a \u00e9t\u00e9 accept\u00e9e imm\u00e9diatement.<\/span><\/p>\n<p><span style=\"font-family: arial, helvetica, sans-serif; font-size: 12pt;\">Pour les habitants, l\u2019incident illustre la discrimination dont ils sont victimes de la part de la mairie.<\/span><\/p>\n<p><span style=\"font-family: arial, helvetica, sans-serif; font-size: 12pt;\">Emerainville (Seine-et-Marne). \u2013 La salle des f\u00eates de l\u2019espace Fran\u00e7ois-Villon m\u00e9riterait un bon coup de<\/span><\/p>\n<p><span style=\"font-family: arial, helvetica, sans-serif; font-size: 12pt;\">peinture. Mais la pi\u00e8ce a le m\u00e9rite d\u2019\u00eatre plus grande que le salon d\u2019Abdoulaye Sidib\u00e9, cet habitant du Clos<\/span><\/p>\n<p><span style=\"font-family: arial, helvetica, sans-serif; font-size: 12pt;\">d\u2019Emery \u00e0 Emerainville qui cherchait un lieu pour c\u00e9l\u00e9brer le bapt\u00eame de son fils.<\/span><\/p>\n<p><span style=\"font-family: arial, helvetica, sans-serif; font-size: 12pt;\">Le 20 novembre 2024, il utilise le formulaire officiel de la municipalit\u00e9 de cette commune de Seine-et-Marne et<\/span><\/p>\n<p><span style=\"font-family: arial, helvetica, sans-serif; font-size: 12pt;\">demande \u00e0 louer une premi\u00e8re salle. Elle n\u2019est \u00ab\u00a0plus disponible\u00a0\u00bb, lui r\u00e9pond un agent municipal, Phil\u00e9mon*.<\/span><\/p>\n<p><span style=\"font-family: arial, helvetica, sans-serif; font-size: 12pt;\">Abdoulaye Sidib\u00e9 demande alors la salle Villon, plus petite, mais qui peut convenir pour l\u2019occasion. Dans un autre mail<\/span><\/p>\n<p><span style=\"font-family: arial, helvetica, sans-serif; font-size: 12pt;\">que M\u00e9diapart a consult\u00e9, l\u2019agent r\u00e9pond que \u00ab la salle Villon n\u2019est plus disponible non plus \u00bb.<\/span><\/p>\n<p><span style=\"font-family: arial, helvetica, sans-serif; font-size: 12pt;\">Pour en avoir le c\u0153ur net, Abdoulaye Sidib\u00e9 se d\u00e9place au centre d\u00e9pendant de la municipalit\u00e9 et obtient<\/span><\/p>\n<p><span style=\"font-family: arial, helvetica, sans-serif; font-size: 12pt;\">confirmation orale de l\u2019agent que la salle n\u2019est pas disponible jusqu\u2019\u00e0 la fin de l\u2019ann\u00e9e. \u00ab\u00a0J\u2019ai des r\u00e9servations jusqu\u2019\u00e0<\/span><\/p>\n<p><span style=\"font-family: arial, helvetica, sans-serif; font-size: 12pt;\">f\u00e9vrier, m\u00eame ! \u00bb, l\u2019entend-on dire sur un enregistrement d\u2019Abdoulaye, \u00e9cout\u00e9 par M\u00e9diapart.<\/span><\/p>\n<p><span style=\"font-family: arial, helvetica, sans-serif; font-size: 12pt;\">Pris d\u2019un doute, l\u2019Emerainvillois rentre chez lui et effectue une nouvelle demande de r\u00e9servation en ligne, pour le<\/span><\/p>\n<p><span style=\"font-family: arial, helvetica, sans-serif; font-size: 12pt;\">m\u00eame week-end. Cette fois, il r\u00e9serve la salle Villon au nom de Camille Martin. La r\u00e9servation est accept\u00e9e. L\u2019homme<\/span><\/p>\n<p><span style=\"font-family: arial, helvetica, sans-serif; font-size: 12pt;\">est sous le choc. \u00ab \u00c7a fait mal, explique-t-il quelques jours plus tard \u00e0 M\u00e9diapart. Je me suis senti exclu, je me suis<\/span><\/p>\n<p><span style=\"font-family: arial, helvetica, sans-serif; font-size: 12pt;\">senti\u2026 diff\u00e9rent. On vit ici depuis qu\u2019on est n\u00e9. Pourquoi avoir pris cette d\u00e9cision\u00a0; c\u2019est juste parce que je suis un Sidib\u00e9,<\/span><\/p>\n<p><span style=\"font-family: arial, helvetica, sans-serif; font-size: 12pt;\">un Noir\u00a0?\u00a0\u00bb<\/span><\/p>\n<p><span style=\"font-family: arial, helvetica, sans-serif; font-size: 12pt;\">Il retourne, avec ses proches, confronter l\u2019agent municipal. Phil\u00e9mon contacte son sup\u00e9rieur, qui appelle aussi les<\/span><\/p>\n<p><span style=\"font-family: arial, helvetica, sans-serif; font-size: 12pt;\">forces de l\u2019ordre. Les explications se font dans le calme et l\u2019agent municipal finit par admettre, devant tout ce petit<\/span><\/p>\n<p><span style=\"font-family: arial, helvetica, sans-serif; font-size: 12pt;\">groupe, qu\u2019il a \u00ab\u00a0eu des consignes\u00a0\u00bb de \u00ab\u00a0ne pas louer aux gens du quartier\u00a0\u00bb.<\/span><\/p>\n<p><span style=\"font-family: arial, helvetica, sans-serif; font-size: 12pt;\">Une autre famille, qui avait lou\u00e9 la salle deux semaines plus t\u00f4t, aurait commis des d\u00e9gradations. Quel lien avec la<\/span><\/p>\n<p><span style=\"font-family: arial, helvetica, sans-serif; font-size: 12pt;\">famille Sidib\u00e9 ? Aucun, \u00e0 part leur nom, qui laisse transpara\u00eetre leurs origines maliennes et s\u00e9n\u00e9galaises. M\u00e9diapart a<\/span><\/p>\n<p><span style=\"font-family: arial, helvetica, sans-serif; font-size: 12pt;\">rencontr\u00e9 ladite famille, qui relate avoir laiss\u00e9 la salle parfaitement propre. La mairie avait pr\u00e9lev\u00e9 200 euros sur les<\/span><\/p>\n<p><span style=\"font-family: arial, helvetica, sans-serif; font-size: 12pt;\">1 200 euros de leur caution, mais aurait r\u00e9cemment r\u00e9trop\u00e9dal\u00e9 et promis de leur rendre.<\/span><\/p>\n<p><span style=\"font-family: arial, helvetica, sans-serif; font-size: 12pt;\">Contact\u00e9 par M\u00e9diapart, l\u2019agent municipal n\u2019est pas revenu vers nous. Le maire n\u2019a pas non plus r\u00e9pondu \u00e0 nos<\/span><\/p>\n<p><span style=\"font-family: arial, helvetica, sans-serif; font-size: 12pt;\">questions.<\/span><\/p>\n<p><span style=\"font-family: arial, helvetica, sans-serif; font-size: 12pt;\">Le maire admet un probl\u00e8me<\/span><\/p>\n<p><span style=\"font-family: arial, helvetica, sans-serif; font-size: 12pt;\">Ayant les preuves tangibles d\u2019une d\u00e9cision discriminatoire, Abdoulaye Sidib\u00e9 et ses proches demandent alors \u00e0 \u00eatre<\/span><\/p>\n<p><span style=\"font-family: arial, helvetica, sans-serif; font-size: 12pt;\">re\u00e7us par le maire, Alain Kelyor. Un rendez-vous est organis\u00e9 d\u00e8s le lendemain avec de nombreux protagonistes de la<\/span><\/p>\n<p><span style=\"font-family: arial, helvetica, sans-serif; font-size: 12pt;\">municipalit\u00e9, mais pas l\u2019agent Phil\u00e9mon.<\/span><\/p>\n<p><span style=\"font-family: arial, helvetica, sans-serif; font-size: 12pt;\">La famille accus\u00e9e d\u2019avoir d\u00e9grad\u00e9 la salle pr\u00e9c\u00e9demment est aussi l\u00e0, tout comme Ourry Diabira, repr\u00e9sentante de<\/span><\/p>\n<p><span style=\"font-family: arial, helvetica, sans-serif; font-size: 12pt;\">l\u2019association De mon c\u0153ur \u00e0 ma rue, qui tente de maintenir du lien social entre le quartier du Clos d\u2019Emery et le reste<\/span><\/p>\n<p><span style=\"font-family: arial, helvetica, sans-serif; font-size: 12pt;\">d\u2019Emerainville depuis des d\u00e9cennies. \u00ab Nous, on veut travailler avec le maire, c\u2019est lui qui ne veut pas travailler avec<\/span><\/p>\n<p><span style=\"font-family: arial, helvetica, sans-serif; font-size: 12pt;\">nous \u00bb, t\u00e9moigne-t-elle aupr\u00e8s de M\u00e9diapart.<\/span><\/p>\n<p><span style=\"font-family: arial, helvetica, sans-serif; font-size: 12pt;\">Du bout de la table, Alain Kelyor, qui se d\u00e9crit plusieurs fois comme \u00ab\u00a0le Grand Chef supr\u00eame\u00a0\u00bb de la mairie, r\u00e9fute \u00eatre<\/span><\/p>\n<p><span style=\"font-family: arial, helvetica, sans-serif; font-size: 12pt;\">\u00e0 l\u2019origine du refus de location. \u00ab\u00a0\u00c7a ne vient pas du pouvoir municipal, point\u00a0\u00bb, assure-t-il. \u00c7a ne correspond pas \u00e0 ma<\/span><\/p>\n<p><span style=\"font-family: arial, helvetica, sans-serif; font-size: 12pt;\">m\u00e9thode de pens\u00e9e, ce n\u2019est pas ce que j\u2019aurais fait.\u00a0\u00bb<\/span><\/p>\n<p><span style=\"font-family: arial, helvetica, sans-serif; font-size: 12pt;\">Apr\u00e8s avoir d\u2019abord pr\u00e9text\u00e9 un \u00ab\u00a0bug\u00a0\u00bb \u00e0 cause d\u2019un \u00ab\u00a0probl\u00e8me de temporalit\u00e9\u00a0\u00bb, il reconna\u00eet que \u00ab\u00a0des conneries ont<\/span><\/p>\n<p><span style=\"font-family: arial, helvetica, sans-serif; font-size: 12pt;\">\u00e9t\u00e9 faites\u00a0\u00bb et rejette la faute sur l\u2019employ\u00e9 de mairie qui aurait pris, seul, cette d\u00e9cision. Le maire assure l\u2019avoir<\/span><\/p>\n<p><span style=\"font-family: arial, helvetica, sans-serif; font-size: 12pt;\">r\u00e9primand\u00e9.<\/span><\/p>\n<p><span style=\"font-family: arial, helvetica, sans-serif; font-size: 12pt;\">\u00ab Les d\u00e9cisions municipales n\u2019ont jamais \u00e9t\u00e9 teint\u00e9es de racisme. Dans ma bande, j\u2019ai quand m\u00eame<\/span><\/p>\n<p><span style=\"font-family: arial, helvetica, sans-serif; font-size: 12pt;\">quelques personnes fonc\u00e9es. \u00bb<\/span><\/p>\n<p><span style=\"font-family: arial, helvetica, sans-serif; font-size: 12pt;\">Alain Kelyor, maire d\u2019Emerainville depuis 1995<\/span><\/p>\n<p><span style=\"font-family: arial, helvetica, sans-serif; font-size: 12pt;\">Adama D., r\u00e9alisateur et porte-parole de l\u2019association De mon c\u0153ur \u00e0 ma rue, lui signale qu\u2019il s\u2019agit de discrimination,<\/span><\/p>\n<p><span style=\"font-family: arial, helvetica, sans-serif; font-size: 12pt;\">voire de \u00ab\u00a0ciblage ethnique\u00a0\u00bb. Le maire r\u00e9pond\u00a0: \u00ab\u00a0C\u2019est \u00e7a, c\u2019est tout ce que vous voulez, et c\u2019est \u00e0 la mode. Accuser les<\/span><\/p>\n<p><span style=\"font-family: arial, helvetica, sans-serif; font-size: 12pt;\">gens \u00e0 chaque fois de discrimination raciale, c\u2019est facile, ce n\u2019est pas le cas ici.\u00a0\u00bb<\/span><\/p>\n<p><span style=\"font-family: arial, helvetica, sans-serif; font-size: 12pt;\">Puis encha\u00eene\u00a0: \u00ab\u00a0Si vous me consid\u00e9rez toujours comme un affreux raciste, forc\u00e9ment, on n\u2019arrivera pas \u00e0 s\u2019arranger. Les<\/span><\/p>\n<p><span style=\"font-family: arial, helvetica, sans-serif; font-size: 12pt;\">d\u00e9cisions municipales n\u2019ont jamais \u00e9t\u00e9 teint\u00e9es de racisme. Dans ma bande, j\u2019ai quand m\u00eame quelques personnes<\/span><\/p>\n<p><span style=\"font-family: arial, helvetica, sans-serif; font-size: 12pt;\">fonc\u00e9es.\u00a0\u00bb L\u2019assistance fait les gros yeux, certains s\u2019indignent.<\/span><\/p>\n<p><span style=\"font-family: arial, helvetica, sans-serif; font-size: 12pt;\">Il faut dire que les relations sont tendues entre les habitants et Alain Kelyor, r\u00e9\u00e9lu sans discontinuer depuis 1995 sous<\/span><\/p>\n<p><span style=\"font-family: arial, helvetica, sans-serif; font-size: 12pt;\">la banni\u00e8re RPR, puis Les R\u00e9publicains et enfin Renaissance, le parti pr\u00e9sidentiel. D\u00e8s le d\u00e9but de son mandat, une<\/span><\/p>\n<p><span style=\"font-family: arial, helvetica, sans-serif; font-size: 12pt;\">politique r\u00e9pressive a \u00e9t\u00e9 men\u00e9e au Clos d\u2019Emery, \u00e0 quelques centaines de m\u00e8tres de la gare RER, qui permet de<\/span><\/p>\n<p><span style=\"font-family: arial, helvetica, sans-serif; font-size: 12pt;\">rejoindre Paris en quarante minutes.<\/span><\/p>\n<p><span style=\"font-family: arial, helvetica, sans-serif; font-size: 12pt;\">Un quartier stigmatis\u00e9 depuis trente ans<\/span><\/p>\n<p><img data-recalc-dims=\"1\" loading=\"lazy\" decoding=\"async\" class=\"wp-image-31254 aligncenter\" src=\"https:\/\/i0.wp.com\/ensemblepouremerainville.fr\/wp-content\/uploads\/2024\/12\/Capture-decran-2024-12-09-a-14.20.03.png?resize=590%2C331&#038;ssl=1\" alt=\"\" width=\"590\" height=\"331\" srcset=\"https:\/\/i0.wp.com\/ensemblepouremerainville.fr\/wp-content\/uploads\/2024\/12\/Capture-decran-2024-12-09-a-14.20.03.png?w=642&amp;ssl=1 642w, https:\/\/i0.wp.com\/ensemblepouremerainville.fr\/wp-content\/uploads\/2024\/12\/Capture-decran-2024-12-09-a-14.20.03.png?resize=300%2C168&amp;ssl=1 300w\" sizes=\"auto, (max-width: 590px) 100vw, 590px\" \/><\/p>\n<p><span style=\"font-family: arial, helvetica, sans-serif; font-size: 12pt;\">Les habitant\u00b7es parlent encore de l\u2019op\u00e9ration polici\u00e8re de grande envergure qui avait marqu\u00e9 le quartier en 1996. On<\/span><\/p>\n<p><span style=\"font-family: arial, helvetica, sans-serif; font-size: 12pt;\">se souvient aussi de ce communiqu\u00e9 au d\u00e9but des ann\u00e9es 2000, o\u00f9 le maire a qualifi\u00e9 le quartier de \u00ab furoncle \u00bb,<\/span><\/p>\n<p><span style=\"font-family: arial, helvetica, sans-serif; font-size: 12pt;\">assurant aussi que \u00ab\u00a0si vous \u00eates africain et polygame, vous pouvez \u00e0 loisir pratiquer cette forme d\u2019union pourtant<\/span><\/p>\n<p><span style=\"font-family: arial, helvetica, sans-serif; font-size: 12pt;\">interdite dans notre pays et obtenir tous les avantages sociaux correspondants\u00a0\u00bb.<\/span><\/p>\n<p><span style=\"font-family: arial, helvetica, sans-serif; font-size: 12pt;\">SOS Racisme a port\u00e9 plainte en 2005 apr\u00e8s que le maire avait fait distribuer aux habitants une lettre dans laquelle il<\/span><\/p>\n<p><span style=\"font-family: arial, helvetica, sans-serif; font-size: 12pt;\">affirmait\u00a0: \u00ab\u00a0Nous ne pouvons pas \u00eatre la poubelle de la Seine-et-Marne\u00a0\u00bb, apr\u00e8s l\u2019arriv\u00e9e d\u2019une centaine de personnes<\/span><\/p>\n<p><span style=\"font-family: arial, helvetica, sans-serif; font-size: 12pt;\">de gens du voyage.<\/span><\/p>\n<p><span style=\"font-family: arial, helvetica, sans-serif; font-size: 12pt;\">C\u2019est \u00e0 cette \u00e9poque qu\u2019Ourry Diabira a cofond\u00e9 l\u2019association De mon c\u0153ur \u00e0 ma rue. \u00ab\u00a0Cette association nous permet<\/span><\/p>\n<p><span style=\"font-family: arial, helvetica, sans-serif; font-size: 12pt;\">de nous structurer, d\u2019organiser des f\u00eates, de sortir les petits\u00a0\u00bb, d\u00e9crit M., un habitant qui essaie d\u2019organiser une f\u00eate<\/span><\/p>\n<p><span style=\"font-family: arial, helvetica, sans-serif; font-size: 12pt;\">annuelle dans la rue principale. Il d\u00e9plore qu\u2019Emerainville soit devenue une \u00ab ville dortoir \u00bb o\u00f9 la mairie refuserait<\/span><\/p>\n<p><span style=\"font-family: arial, helvetica, sans-serif; font-size: 12pt;\">d\u2019approcher le quartier surnomm\u00e9 le \u00ab\u00a0Bronx\u00a0\u00bb par ses habitant\u00b7es. Il assure avoir propos\u00e9 \u00e0 Alain Kelyor de venir aux<\/span><\/p>\n<p><span style=\"font-family: arial, helvetica, sans-serif; font-size: 12pt;\">f\u00eates du quartier\u00a0: \u00ab\u00a0Moi, je suis avec lui. On l\u2019invite, mais \u00e7a ne marche pas. Qu\u2019est-ce qu\u2019il faut faire\u00a0?\u00a0\u00bb<\/span><\/p>\n<p><span style=\"font-family: arial, helvetica, sans-serif; font-size: 12pt;\">La r\u00e9action en face se situe m\u00eame compl\u00e8tement \u00e0 l\u2019oppos\u00e9. Alain Kelyor, pour qui le clos d\u2019Emery est un \u00ab\u00a0\u00eelot<\/span><\/p>\n<p><span style=\"font-family: arial, helvetica, sans-serif; font-size: 12pt;\">africain\u00a0\u00bb, multiplie les publications enflamm\u00e9es sur son compte Facebook. La f\u00eate organis\u00e9e\u00a0? Une \u00ab\u00a0f\u00eate religieuse,<\/span><\/p>\n<p><span style=\"font-family: arial, helvetica, sans-serif; font-size: 12pt;\">dans une rue aux couleurs du Mali\u00a0\u00bb, assure-t-il.<\/span><\/p>\n<p><span style=\"font-family: arial, helvetica, sans-serif; font-size: 12pt;\">Sur son blog personnel, il ne fait pas non plus secret de ses positions, comme ici en 2023, dans un billet intitul\u00e9 \u00ab\u00a0Le<\/span><\/p>\n<p><span style=\"font-family: arial, helvetica, sans-serif; font-size: 12pt;\">racisme\u00a0\u00bb\u00a0: \u00ab\u00a0Par un raisonnement pervers, la gauche fran\u00e7aise traite de raciste toute personne qui demande aux<\/span><\/p>\n<p><span style=\"font-family: arial, helvetica, sans-serif; font-size: 12pt;\">\u00e9trangers vivant sur notre territoire et \u00e0 leurs enfants devenus tr\u00e8s souvent Fran\u00e7ais de respecter nos lois, nos coutumes,<\/span><\/p>\n<p><span style=\"font-family: arial, helvetica, sans-serif; font-size: 12pt;\">notre mode de vie. Il me semble pour ma part qu\u2019il s\u2019agit d\u2019un minimum [&#8230;]. Il est d\u00e9sormais \u00e9vident que des mesures<\/span><\/p>\n<p><span style=\"font-family: arial, helvetica, sans-serif; font-size: 12pt;\">drastiques s\u2019imposent afin que notre pays n\u2019entre pas en guerre civile et que des Fran\u00e7ais moyens ne s\u2019organisent pas en<\/span><\/p>\n<p><span style=\"font-family: arial, helvetica, sans-serif; font-size: 12pt;\">comit\u00e9 de d\u00e9fense afin de prot\u00e9ger leur famille et leurs biens.\u00a0\u00bb<\/span><\/p>\n<p><span style=\"font-family: arial, helvetica, sans-serif; font-size: 12pt;\">Alain Kelyor n\u2019a pas r\u00e9pondu \u00e0 notre demande d\u2019entretien.<\/span><\/p>\n<p><span style=\"font-family: arial, helvetica, sans-serif; font-size: 12pt;\">Le 30 novembre, Abdoulaye Sidib\u00e9 a port\u00e9 plainte pour discrimination. \u00ab\u00a0Moi, j\u2019essaie d\u2019\u00e9duquer mes enfants en leur<\/span><\/p>\n<p><span style=\"font-family: arial, helvetica, sans-serif; font-size: 12pt;\">disant qu\u2019on est tous pareils, qu\u2019il faut respecter la police, les profs, les adultes. On essaie d\u2019inculquer \u00e7a \u00e0 nos enfants, et<\/span><\/p>\n<p><span style=\"font-family: arial, helvetica, sans-serif; font-size: 12pt;\">derri\u00e8re, on subit ces choses. Comment leur expliquer ? \u00bb, confie-t-il \u00e0 M\u00e9diapart.<\/span><\/p>\n<p><span style=\"font-family: arial, helvetica, sans-serif; font-size: 12pt;\">Pour la communaut\u00e9 du Clos d\u2019Emery, il est important de ne plus rien laisser passer. \u00ab\u00a0Si on reste silencieux, c\u2019est les<\/span><\/p>\n<p><span style=\"font-family: arial, helvetica, sans-serif; font-size: 12pt;\">autres qui vont raconter notre histoire, nous explique Adama D. La justice, \u00e7a ne se n\u00e9gocie pas. Il faut qu\u2019on soit<\/span><\/p>\n<p><span style=\"font-family: arial, helvetica, sans-serif; font-size: 12pt;\">intransigeants. Il faut le mettre devant leur nez. C\u2019est un petit quartier qui cristallise de grands probl\u00e8mes. On est oblig\u00e9s<\/span><\/p>\n<p><span style=\"font-family: arial, helvetica, sans-serif; font-size: 12pt;\">de porter ces choses-l\u00e0, pour que \u00e7a puisse faire \u00e9cho dans la soci\u00e9t\u00e9.\u00a0\u00bb<\/span><\/p>\n<p><img data-recalc-dims=\"1\" loading=\"lazy\" decoding=\"async\" class=\" wp-image-31255 alignleft\" src=\"https:\/\/i0.wp.com\/ensemblepouremerainville.fr\/wp-content\/uploads\/2024\/12\/Capture-decran-2024-12-09-a-14.24.18.png?resize=391%2C219&#038;ssl=1\" alt=\"\" width=\"391\" height=\"219\" srcset=\"https:\/\/i0.wp.com\/ensemblepouremerainville.fr\/wp-content\/uploads\/2024\/12\/Capture-decran-2024-12-09-a-14.24.18.png?w=642&amp;ssl=1 642w, https:\/\/i0.wp.com\/ensemblepouremerainville.fr\/wp-content\/uploads\/2024\/12\/Capture-decran-2024-12-09-a-14.24.18.png?resize=300%2C168&amp;ssl=1 300w\" sizes=\"auto, (max-width: 391px) 100vw, 391px\" \/><\/p>\n<p>&nbsp;<\/p>\n<p>&nbsp;<\/p>\n<p>&nbsp;<\/p>\n<p>&nbsp;<\/p>\n<p>&nbsp;<\/p>\n<p>&nbsp;<\/p>\n<p>&nbsp;<\/p>\n<p>&nbsp;<\/p>\n<p><span style=\"font-family: arial, helvetica, sans-serif; font-size: 12pt; color: #3366ff;\">Vous avez tous compris, apr\u00e8s le bottage en touche, le d\u00e9ni est essentiel pour paraitre hors de cause.<\/span><\/p>\n<p><span style=\"color: #3366ff;\">Aucun employ\u00e9 de mairie ne prend d&rsquo;initiative, ou ne contredit le responsable de l&rsquo;espace Saint Exup\u00e9ry, sans prendre le risque d&rsquo;\u00eatre imm\u00e9diatement sous contraintes !<\/span><\/p>\n<p><span style=\"color: #3366ff;\">Plus de la moiti\u00e9 des \u00e9lus municipaux savent tr\u00e8s bien qu&rsquo;il faut se taire face au maire, le seul droit \u00e0 la parole est satisfait pour l&rsquo;adoration du tout puissant.<\/span><\/p>\n<p><span style=\"color: #3366ff;\">Les opposants politiques sont trait\u00e9s de tous les noms quand ils expriment une autre pens\u00e9e que celle du CHEF !!<\/span><\/p>\n<p>&nbsp;<\/p>\n","protected":false},"excerpt":{"rendered":"<p>Discrimination, non ! vous n&rsquo;y pensez pas, cela c&rsquo;est pourtant bien pass\u00e9 \u00e0 EMERAINVILLE, il y a juste quelques jours ! Regardez cette vid\u00e9o diffus\u00e9e par le journal M\u00e9diapart &nbsp; &nbsp; D\u00e9j\u00e0 lors du conseil municipal, un bottage en touche magistral avait \u00e9t\u00e9 fait par le DGS. ICI cliqu\u00e9 sur le lien \u00a0\u00a0\u00a0 \u00a0 \u00a0&#8230; <\/p>\n<div class=\"read-more\"><a href=\"https:\/\/ensemblepouremerainville.fr\/?p=31247\">Lire la suite<\/a><\/div>\n","protected":false},"author":1,"featured_media":31252,"comment_status":"open","ping_status":"open","sticky":false,"template":"","format":"standard","meta":{"footnotes":""},"categories":[35,256,36],"tags":[],"class_list":["post-31247","post","type-post","status-publish","format-standard","has-post-thumbnail","hentry","category-actualite","category-les-constats","category-emerainville-demain"],"_links":{"self":[{"href":"https:\/\/ensemblepouremerainville.fr\/index.php?rest_route=\/wp\/v2\/posts\/31247","targetHints":{"allow":["GET"]}}],"collection":[{"href":"https:\/\/ensemblepouremerainville.fr\/index.php?rest_route=\/wp\/v2\/posts"}],"about":[{"href":"https:\/\/ensemblepouremerainville.fr\/index.php?rest_route=\/wp\/v2\/types\/post"}],"author":[{"embeddable":true,"href":"https:\/\/ensemblepouremerainville.fr\/index.php?rest_route=\/wp\/v2\/users\/1"}],"replies":[{"embeddable":true,"href":"https:\/\/ensemblepouremerainville.fr\/index.php?rest_route=%2Fwp%2Fv2%2Fcomments&post=31247"}],"version-history":[{"count":7,"href":"https:\/\/ensemblepouremerainville.fr\/index.php?rest_route=\/wp\/v2\/posts\/31247\/revisions"}],"predecessor-version":[{"id":31259,"href":"https:\/\/ensemblepouremerainville.fr\/index.php?rest_route=\/wp\/v2\/posts\/31247\/revisions\/31259"}],"wp:featuredmedia":[{"embeddable":true,"href":"https:\/\/ensemblepouremerainville.fr\/index.php?rest_route=\/wp\/v2\/media\/31252"}],"wp:attachment":[{"href":"https:\/\/ensemblepouremerainville.fr\/index.php?rest_route=%2Fwp%2Fv2%2Fmedia&parent=31247"}],"wp:term":[{"taxonomy":"category","embeddable":true,"href":"https:\/\/ensemblepouremerainville.fr\/index.php?rest_route=%2Fwp%2Fv2%2Fcategories&post=31247"},{"taxonomy":"post_tag","embeddable":true,"href":"https:\/\/ensemblepouremerainville.fr\/index.php?rest_route=%2Fwp%2Fv2%2Ftags&post=31247"}],"curies":[{"name":"wp","href":"https:\/\/api.w.org\/{rel}","templated":true}]}}