{"id":31472,"date":"2025-02-14T16:43:34","date_gmt":"2025-02-14T15:43:34","guid":{"rendered":"https:\/\/ensemblepouremerainville.fr\/?p=31472"},"modified":"2025-02-14T16:43:34","modified_gmt":"2025-02-14T15:43:34","slug":"barnier-marchait-en-arriere-bayrou-marche-sur-la-tete","status":"publish","type":"post","link":"https:\/\/ensemblepouremerainville.fr\/?p=31472","title":{"rendered":"Barnier marchait en arri\u00e8re, Bayrou marche sur la t\u00eate."},"content":{"rendered":"<p>&nbsp;<\/p>\n<p><img data-recalc-dims=\"1\" loading=\"lazy\" decoding=\"async\" class=\"wp-image-31474 alignleft\" src=\"https:\/\/i0.wp.com\/ensemblepouremerainville.fr\/wp-content\/uploads\/2025\/02\/Capture-decran-2025-02-14-a-15.37.14.png?resize=590%2C510&#038;ssl=1\" alt=\"\" width=\"590\" height=\"510\" srcset=\"https:\/\/i0.wp.com\/ensemblepouremerainville.fr\/wp-content\/uploads\/2025\/02\/Capture-decran-2025-02-14-a-15.37.14.png?w=826&amp;ssl=1 826w, https:\/\/i0.wp.com\/ensemblepouremerainville.fr\/wp-content\/uploads\/2025\/02\/Capture-decran-2025-02-14-a-15.37.14.png?resize=300%2C259&amp;ssl=1 300w\" sizes=\"auto, (max-width: 590px) 100vw, 590px\" \/><\/p>\n<p><img data-recalc-dims=\"1\" loading=\"lazy\" decoding=\"async\" class=\"size-full wp-image-31475 alignnone\" src=\"https:\/\/i0.wp.com\/ensemblepouremerainville.fr\/wp-content\/uploads\/2025\/02\/Capture-decran-2025-02-14-a-15.36.10.png?resize=590%2C787&#038;ssl=1\" alt=\"\" width=\"590\" height=\"787\" srcset=\"https:\/\/i0.wp.com\/ensemblepouremerainville.fr\/wp-content\/uploads\/2025\/02\/Capture-decran-2025-02-14-a-15.36.10.png?w=658&amp;ssl=1 658w, https:\/\/i0.wp.com\/ensemblepouremerainville.fr\/wp-content\/uploads\/2025\/02\/Capture-decran-2025-02-14-a-15.36.10.png?resize=225%2C300&amp;ssl=1 225w\" sizes=\"auto, (max-width: 590px) 100vw, 590px\" \/><\/p>\n<p>La population fran\u00e7aise est de plus en plus consciente des risques de l&rsquo;usage des pesticides, mais \u00e7a, les \u00e9lus du centre et de droite n&rsquo;en tiennent pas cas.<\/p>\n<p><span style=\"font-size: 14pt;\"><strong>(LOA \u00a0Lois d&rsquo;Orientation Agricole.)<\/strong><\/span><\/p>\n<p>Nous dirions m\u00e8me que c&rsquo;est inversement proportionnel. Tout comme les \u00e9lections, les Fran\u00e7ais chasse la droite et le Marcionisme et il reviennent par la grande porte.<\/p>\n<p>Avec un discours ponctu\u00e9 de mensonges et de contre v\u00e9rit\u00e9s.<\/p>\n<p><img data-recalc-dims=\"1\" loading=\"lazy\" decoding=\"async\" class=\"size-full wp-image-31476 aligncenter\" src=\"https:\/\/i0.wp.com\/ensemblepouremerainville.fr\/wp-content\/uploads\/2025\/02\/Capture-decran-2025-02-14-a-15.52.19.png?resize=590%2C615&#038;ssl=1\" alt=\"\" width=\"590\" height=\"615\" srcset=\"https:\/\/i0.wp.com\/ensemblepouremerainville.fr\/wp-content\/uploads\/2025\/02\/Capture-decran-2025-02-14-a-15.52.19.png?w=762&amp;ssl=1 762w, https:\/\/i0.wp.com\/ensemblepouremerainville.fr\/wp-content\/uploads\/2025\/02\/Capture-decran-2025-02-14-a-15.52.19.png?resize=288%2C300&amp;ssl=1 288w\" sizes=\"auto, (max-width: 590px) 100vw, 590px\" \/><\/p>\n<p>Ci dessous, un compte rendu en s\u00e9ance de mon coll\u00e8ge Jean-Batiste P\u00e9geon \u00e9lu \u00e9cologiste \u00e0 la r\u00e9gion, membre de la commission IDFM, (Ile de France Mobilit\u00e9).<\/p>\n<p>Voici d\u00e9j\u00e0 quelques retours sur le CA d\u2019IdfM en cours :<\/p>\n<p>Concernant le RER E\u00a0:<\/p>\n<p>Barreau Chelles &#8211; Nanterre<br \/>\nExtension effective depuis le 15 d\u00e9cembre 2024<br \/>\n\u2022\u2060 \u2060L\u2019arriv\u00e9e des RER NG (devait \u00eatre une r\u00e9volution) (NG, Nouvelle G\u00e9n\u00e9ration)<\/p>\n<p>\u2022 Probl\u00e8me d&rsquo;infrastructure qui est en fonctionnement depuis d\u00e9cembre \u00e0 Nanterre et probl\u00e8me de mat\u00e9riel roulant avec des nouveaux RERNG qui ont une p\u00e9riode de rodage de 1 an.<\/p>\n<p>On est \u00e0 40% du mat\u00e9riel renouvel\u00e9 sur la ligne donc \u00e7a va aller en s&rsquo;am\u00e9liorant ;<br \/>\n\u2022 88% de r\u00e9alisation de service mais avec des jours \u00e0 moins de 85% ;<br \/>\n\u2022 Espoir de retour \u00e0 un service fonctionnel apr\u00e8s les vacances de f\u00e9vrier.<\/p>\n<p>Concernant le lot de bus de Cergy<\/p>\n<p>\u2022 Les parties prenantes ont une semaine pour accepter les conclusions de la m\u00e9diatrice.<br \/>\n\u2022 Lacroix-Savac a annonc\u00e9 les accepter et nous attendons le retour des syndicats ;<br \/>\n\u2022 (Concernant le d\u00e9dommagement des usager.es : Remboursements vont avoir lieu pour les 3 mois en d\u00e9pit du fait que la fr\u00e9quence est revenue \u00e0 50%. La plateforme ouvre le 27 f\u00e9vrier)<br \/>\n\u2022 Savac-Lacroix \u00e9tait le 3e plus cher prestataire \u00e0 avoir revendiqu\u00e9 la DSP (sur combien?)<br \/>\n\u2022 VP revendique une \u00ab\u00a0part d&rsquo;invisibilit\u00e9\u00a0\u00bb dans la violence du conflit social qui fait suite \u00e0 la fusio<\/p>\n<p><img data-recalc-dims=\"1\" loading=\"lazy\" decoding=\"async\" class=\"size-large wp-image-31479 aligncenter\" src=\"https:\/\/i0.wp.com\/ensemblepouremerainville.fr\/wp-content\/uploads\/2025\/02\/Capture-decran-2025-02-14-a-16.07.06.png?resize=590%2C251&#038;ssl=1\" alt=\"\" width=\"590\" height=\"251\" srcset=\"https:\/\/i0.wp.com\/ensemblepouremerainville.fr\/wp-content\/uploads\/2025\/02\/Capture-decran-2025-02-14-a-16.07.06.png?resize=1024%2C436&amp;ssl=1 1024w, https:\/\/i0.wp.com\/ensemblepouremerainville.fr\/wp-content\/uploads\/2025\/02\/Capture-decran-2025-02-14-a-16.07.06.png?resize=300%2C128&amp;ssl=1 300w, https:\/\/i0.wp.com\/ensemblepouremerainville.fr\/wp-content\/uploads\/2025\/02\/Capture-decran-2025-02-14-a-16.07.06.png?w=1251&amp;ssl=1 1251w, https:\/\/i0.wp.com\/ensemblepouremerainville.fr\/wp-content\/uploads\/2025\/02\/Capture-decran-2025-02-14-a-16.07.06.png?w=1180&amp;ssl=1 1180w\" sizes=\"auto, (max-width: 590px) 100vw, 590px\" \/><\/p>\n<p><strong>Le P\u00f4le \u00c9cologiste, repr\u00e9sent\u00e9 au Conseil d\u2019administration d\u2019\u00cele-de-France Mobilit\u00e9s (IDFM) par l\u2019administrateur J.-B. PEGEON, constate malheureusement et en d\u00e9pit des alertes<\/strong><\/p>\n<p><strong> nombreuses formul\u00e9es par les \u00e9cologistes et les groupes de gauche, du co\u00fbt et de l\u2019inefficacit\u00e9 de la mise en concurrence des r\u00e9seaux de bus <\/strong><\/p>\n<p><strong>par l\u2019attribution de D\u00e9l\u00e9gations de Services Publics (DSP).<\/strong><\/p>\n<p>Une des d\u00e9lib\u00e9rations mise aux voix par la Pr\u00e9sidente de l\u2019Autorit\u00e9 Organisatrice de la Mobilit\u00e9 concerne la mise \u00e0 jour des dispositions contractuelles des DSP de lots de bus.<\/p>\n<p>On y apprend, avec d\u00e9pit mais sans surprise, qu\u2019IDFM accorde une rallonge de plus de 33 millions d\u2019euros aux entreprises d\u00e9l\u00e9gataires pour compenser des \u201cdispositions impr\u00e9vues\u201d.<\/p>\n<p>En l\u2019occurrence, il est notamment fait r\u00e9f\u00e9rence \u00e0 l\u2019inflation qui fait suite \u00e0 la guerre en Ukraine et aux effets de la crise COVID, dont on ne doute pas qu\u2019ils furents disruptifs,<\/p>\n<p>mais dont on regrette, \u00e9tant donn\u00e9e l\u2019anciennet\u00e9 relative de ces \u00e9v\u00e9nements, qu\u2019ils ne furent pas consid\u00e9r\u00e9s lors des passages de march\u00e9.<\/p>\n<p>Pour s\u2019en d\u00e9fendre, la Pr\u00e9sidente plaide l\u2019incomp\u00e9tence : les contrats auraient \u00e9t\u00e9 mal n\u00e9goci\u00e9s, IDFM aurait mal anticip\u00e9.<\/p>\n<p>En v\u00e9rit\u00e9, le P\u00f4le \u00c9cologiste et les oppositions de gauche avaient depuis longtemps tir\u00e9 la sonnette d\u2019alarme : les acteurs qui se positionnent sur les DSP, conscient de l\u2019importance<\/p>\n<p>pr\u00e9pond\u00e9rante du crit\u00e8re prix, adoptent une strat\u00e9gie agressive sur celui-ci, quitte \u00e0 faire preuve de mauvaise foi. Le mod\u00e8le \u00e9conomique vendu par les op\u00e9rateurs est, d\u00e8s lors,<\/p>\n<p>en contradiction avec la prestation r\u00e9elle : leur insoutenabilit\u00e9 sur le plan financier est d\u00e9sormais r\u00e9v\u00e9l\u00e9e.<\/p>\n<p>Le r\u00e9sultat est le suivant : IDFM, et donc l\u2019argent public, doit colmater les br\u00e8ches provoqu\u00e9es par l\u2019attitude des op\u00e9rateurs \u2013 qui, soit dit en passant, n\u2019offrent pas toujours la qualit\u00e9 de service<\/p>\n<p>ou les conditions de travail attendues, en t\u00e9moignent par exemple les centaines de \u201cbus fant\u00f4me\u201d cens\u00e9s rouler, mais que les usager\u00b7es attendent toujours.<\/p>\n<p><strong>Depuis longtemps, la gauche et les \u00e9cologistes demandent une gestion des bus en r\u00e9gie r\u00e9gionale publique. <\/strong><\/p>\n<p><strong>La visibilit\u00e9 pour la collectivit\u00e9, la coh\u00e9rence globale des prestations, et la coordination des services permettraient de r\u00e9aliser des \u00e9conomies de centaines de millions d\u2019euros.<\/strong><\/p>\n<p><strong> La r\u00e9gie assurerait \u00e9galement une qualit\u00e9 de service et des conditions de travail \u00e0 la hauteur des attentes. L\u2019obstination id\u00e9ologique de la pr\u00e9sidence d\u2019IDFM co\u00fbte cher aux contribuables,<\/strong><\/p>\n<p><strong> au profit de prestataires priv\u00e9s, qui font preuve de mauvaise foi sur leurs r\u00e9ponses aux appels d\u2019offres.<\/strong><\/p>\n<p><img data-recalc-dims=\"1\" loading=\"lazy\" decoding=\"async\" class=\" wp-image-30804 aligncenter\" src=\"https:\/\/i0.wp.com\/ensemblepouremerainville.fr\/wp-content\/uploads\/2024\/03\/Capture-decran-2024-03-08-a-10.57.26.png?resize=167%2C135&#038;ssl=1\" alt=\"\" width=\"167\" height=\"135\" \/><\/p>\n<p>Nous reprochons \u00e0 notre maire \u00e0 Emerainville de ne rien faire et d&rsquo;avoir une vue tourn\u00e9e sur le pass\u00e9, c&rsquo;est tr\u00e9s n\u00e9gatif pour la commune.<\/p>\n<p>Mais \u00e0 la r\u00e9gion Ile de France, tous ce qui est fait est a contre sens.<\/p>\n<p><strong>Encore un sujet ?<\/strong><\/p>\n<p><img data-recalc-dims=\"1\" loading=\"lazy\" decoding=\"async\" class=\" wp-image-30554 aligncenter\" src=\"https:\/\/i0.wp.com\/ensemblepouremerainville.fr\/wp-content\/uploads\/2023\/09\/Capture-decran-2023-09-08-a-18.22.09.png?resize=363%2C243&#038;ssl=1\" alt=\"\" width=\"363\" height=\"243\" srcset=\"https:\/\/i0.wp.com\/ensemblepouremerainville.fr\/wp-content\/uploads\/2023\/09\/Capture-decran-2023-09-08-a-18.22.09.png?w=570&amp;ssl=1 570w, https:\/\/i0.wp.com\/ensemblepouremerainville.fr\/wp-content\/uploads\/2023\/09\/Capture-decran-2023-09-08-a-18.22.09.png?resize=300%2C201&amp;ssl=1 300w\" sizes=\"auto, (max-width: 363px) 100vw, 363px\" \/><\/p>\n<p>L\u2019Autorit\u00e9 de la concurrence s\u2019est pench\u00e9e sur un sujet explosif : les strat\u00e9gies d\u2019entente dans le domaine de l\u2019eau, et leurs cons\u00e9quences sur l\u2019augmentation des factures pay\u00e9es par les usagers.<\/p>\n<p>Le patron d\u2019une filiale du leader mondial <strong>Veolia<\/strong> vient d\u2019\u00eatre mis en examen \u00e0 Paris pour corruption et pratiques anticoncurrentielles, selon nos informations.<\/p>\n<p>Rarement, un document officiel avait expos\u00e9 de mani\u00e8re aussi \u00e9clatante les man\u0153uvres des g\u00e9ants de l\u2019eau.<\/p>\n<p>Dans un rapport confidentiel, l\u2019Autorit\u00e9 de la concurrence r\u00e9v\u00e8le l\u2019entente \u00ab occulte \u00bb ayant permis aux trois leaders fran\u00e7ais du secteur de l\u2019eau (<strong>Veolia, Suez et la Saur<\/strong>) de remporter, en 2011,<\/p>\n<p>un march\u00e9 g\u00e9ant de pr\u00e8s de un milliard d\u2019euros en \u00cele-de-France, d\u2019apr\u00e8s des informations de Mediapart.<\/p>\n<p>Ce document de synth\u00e8se de 49 pages, r\u00e9dig\u00e9 en 2021 au terme de sept ann\u00e9es d\u2019investigations \u2013 rythm\u00e9es par les auditions, perquisitions et la r\u00e9daction de trois rapports interm\u00e9diaires \u2013,<\/p>\n<p>est actuellement exploit\u00e9 par une juge d\u2019instruction du tribunal judiciaire de Paris qui pilote plusieurs enqu\u00eates sur des soup\u00e7ons d\u2019ententes illicites dans le secteur .<\/p>\n<p>Bon on fini sur une note agr\u00e9able. Un bouquet de pesticides.<\/p>\n<p><img data-recalc-dims=\"1\" loading=\"lazy\" decoding=\"async\" class=\"size-full wp-image-31482 aligncenter\" src=\"https:\/\/i0.wp.com\/ensemblepouremerainville.fr\/wp-content\/uploads\/2025\/02\/Capture-decran-2025-02-14-a-16.35.04.png?resize=590%2C297&#038;ssl=1\" alt=\"\" width=\"590\" height=\"297\" srcset=\"https:\/\/i0.wp.com\/ensemblepouremerainville.fr\/wp-content\/uploads\/2025\/02\/Capture-decran-2025-02-14-a-16.35.04.png?w=994&amp;ssl=1 994w, https:\/\/i0.wp.com\/ensemblepouremerainville.fr\/wp-content\/uploads\/2025\/02\/Capture-decran-2025-02-14-a-16.35.04.png?resize=300%2C151&amp;ssl=1 300w\" sizes=\"auto, (max-width: 590px) 100vw, 590px\" \/><\/p>\n<p>&nbsp;<\/p>\n","protected":false},"excerpt":{"rendered":"<p>&nbsp; La population fran\u00e7aise est de plus en plus consciente des risques de l&rsquo;usage des pesticides, mais \u00e7a, les \u00e9lus du centre et de droite n&rsquo;en tiennent pas cas. (LOA \u00a0Lois d&rsquo;Orientation Agricole.) Nous dirions m\u00e8me que c&rsquo;est inversement proportionnel. Tout comme les \u00e9lections, les Fran\u00e7ais chasse la droite et le Marcionisme et il reviennent&#8230; <\/p>\n<div class=\"read-more\"><a href=\"https:\/\/ensemblepouremerainville.fr\/?p=31472\">Lire la suite<\/a><\/div>\n","protected":false},"author":1,"featured_media":31484,"comment_status":"open","ping_status":"open","sticky":false,"template":"","format":"standard","meta":{"_bbp_topic_count":0,"_bbp_reply_count":0,"_bbp_total_topic_count":0,"_bbp_total_reply_count":0,"_bbp_voice_count":0,"_bbp_anonymous_reply_count":0,"_bbp_topic_count_hidden":0,"_bbp_reply_count_hidden":0,"_bbp_forum_subforum_count":0,"footnotes":""},"categories":[35,19,34],"tags":[],"class_list":["post-31472","post","type-post","status-publish","format-standard","has-post-thumbnail","hentry","category-actualite","category-ecologie-developpement-durable-energie","category-infos"],"_links":{"self":[{"href":"https:\/\/ensemblepouremerainville.fr\/index.php?rest_route=\/wp\/v2\/posts\/31472","targetHints":{"allow":["GET"]}}],"collection":[{"href":"https:\/\/ensemblepouremerainville.fr\/index.php?rest_route=\/wp\/v2\/posts"}],"about":[{"href":"https:\/\/ensemblepouremerainville.fr\/index.php?rest_route=\/wp\/v2\/types\/post"}],"author":[{"embeddable":true,"href":"https:\/\/ensemblepouremerainville.fr\/index.php?rest_route=\/wp\/v2\/users\/1"}],"replies":[{"embeddable":true,"href":"https:\/\/ensemblepouremerainville.fr\/index.php?rest_route=%2Fwp%2Fv2%2Fcomments&post=31472"}],"version-history":[{"count":6,"href":"https:\/\/ensemblepouremerainville.fr\/index.php?rest_route=\/wp\/v2\/posts\/31472\/revisions"}],"predecessor-version":[{"id":31485,"href":"https:\/\/ensemblepouremerainville.fr\/index.php?rest_route=\/wp\/v2\/posts\/31472\/revisions\/31485"}],"wp:featuredmedia":[{"embeddable":true,"href":"https:\/\/ensemblepouremerainville.fr\/index.php?rest_route=\/wp\/v2\/media\/31484"}],"wp:attachment":[{"href":"https:\/\/ensemblepouremerainville.fr\/index.php?rest_route=%2Fwp%2Fv2%2Fmedia&parent=31472"}],"wp:term":[{"taxonomy":"category","embeddable":true,"href":"https:\/\/ensemblepouremerainville.fr\/index.php?rest_route=%2Fwp%2Fv2%2Fcategories&post=31472"},{"taxonomy":"post_tag","embeddable":true,"href":"https:\/\/ensemblepouremerainville.fr\/index.php?rest_route=%2Fwp%2Fv2%2Ftags&post=31472"}],"curies":[{"name":"wp","href":"https:\/\/api.w.org\/{rel}","templated":true}]}}