{"id":31503,"date":"2025-02-28T18:38:14","date_gmt":"2025-02-28T17:38:14","guid":{"rendered":"https:\/\/ensemblepouremerainville.fr\/?p=31503"},"modified":"2025-02-28T18:38:27","modified_gmt":"2025-02-28T17:38:27","slug":"suite-a-la-seance-du-conseil-municipal-du-3-fevrier-2025","status":"publish","type":"post","link":"https:\/\/ensemblepouremerainville.fr\/?p=31503","title":{"rendered":"Suite \u00e0 la s\u00e9ance du conseil municipal du 3 f\u00e9vrier 2025 :"},"content":{"rendered":"<p><img data-recalc-dims=\"1\" loading=\"lazy\" decoding=\"async\" class=\" wp-image-430 aligncenter\" src=\"https:\/\/i0.wp.com\/ensemblepouremerainville.fr\/wp-content\/uploads\/2016\/10\/planBDALLEGE.jpg?resize=590%2C269&#038;ssl=1\" alt=\"\" width=\"590\" height=\"269\" srcset=\"https:\/\/i0.wp.com\/ensemblepouremerainville.fr\/wp-content\/uploads\/2016\/10\/planBDALLEGE.jpg?resize=1024%2C467&amp;ssl=1 1024w, https:\/\/i0.wp.com\/ensemblepouremerainville.fr\/wp-content\/uploads\/2016\/10\/planBDALLEGE.jpg?resize=300%2C137&amp;ssl=1 300w, https:\/\/i0.wp.com\/ensemblepouremerainville.fr\/wp-content\/uploads\/2016\/10\/planBDALLEGE.jpg?resize=600%2C273&amp;ssl=1 600w, https:\/\/i0.wp.com\/ensemblepouremerainville.fr\/wp-content\/uploads\/2016\/10\/planBDALLEGE.jpg?resize=121%2C55&amp;ssl=1 121w, https:\/\/i0.wp.com\/ensemblepouremerainville.fr\/wp-content\/uploads\/2016\/10\/planBDALLEGE.jpg?resize=1320%2C601&amp;ssl=1 1320w, https:\/\/i0.wp.com\/ensemblepouremerainville.fr\/wp-content\/uploads\/2016\/10\/planBDALLEGE.jpg?w=1180&amp;ssl=1 1180w, https:\/\/i0.wp.com\/ensemblepouremerainville.fr\/wp-content\/uploads\/2016\/10\/planBDALLEGE.jpg?w=1770&amp;ssl=1 1770w\" sizes=\"auto, (max-width: 590px) 100vw, 590px\" \/><\/p>\n<p>Monsieur le Maire a accept\u00e9 de revenir sur le chantier d\u2019\u00e9largissement de la Francilienne (A104).<\/p>\n<p><b>Rappel des faits :<\/b> Autrefois, la municipalit\u00e9, en concertation avec l&rsquo;ADCVE (Association pour le D\u00e9veloppement et le Cadre de Vie d\u2019Emerainville, r\u00e9gie par la loi de 1901),<\/p>\n<p>s\u2019\u00e9tait oppos\u00e9e au projet d\u2019\u00e9largissement de la 104 de 2&#215;2 voies \u00e0 2&#215;3 voies. \u00c0 l\u2019\u00e9poque, nous estimions que cette modification ne favoriserait pas une meilleure fluidit\u00e9 de la circulation.<\/p>\n<p>Une d\u00e9claration d\u2019un professionnel du transport r\u00e9sume bien notre position : <i>\u201cUn bouchon \u00e0 3 voies laisse passer plus de fret qu\u2019un bouchon \u00e0 2 voies. Cynique, mais r\u00e9aliste.\u201d<\/i><i><\/i><\/p>\n<p><strong>L\u2019objectif \u00e9tait clair :<\/strong> pr\u00e9server la qualit\u00e9 de vie des r\u00e9sidents d\u2019Emerainville. Ensemble, citoyens et mairie, nous avons men\u00e9 une manifestation pour bloquer l\u2019A104.<\/p>\n<p>En retour, nous avons obtenu des compensations importantes de la part du ministre des Transports, et un livret de r\u00e9f\u00e9rence a \u00e9t\u00e9 \u00e9dit\u00e9.<\/p>\n<p>L\u2019ADCVE faisait partie du comit\u00e9 de suivi, tout comme les \u00e9lus des territoires concern\u00e9s.<\/p>\n<p>Les pr\u00e9conisations de ce comit\u00e9 devaient \u00eatre appliqu\u00e9es par le pr\u00e9fet. Toutefois, la mairie, apr\u00e8s un certain temps, a pris la d\u00e9cision d\u2019agir seule,<\/p>\n<p>sans consulter l\u2019ADCVE, qui n\u2019\u00e9tait inform\u00e9e des r\u00e9unions de suivi qu\u2019une fois les dates pass\u00e9es.<\/p>\n<p>Malgr\u00e9 nos nombreuses demandes, les autorit\u00e9s ont montr\u00e9 peu d&rsquo;int\u00e9r\u00eat pour nos pr\u00e9occupations.<\/p>\n<p>Cette situation a abouti \u00e0 un face-\u00e0-face tendu avec le Maire d&rsquo;Emerainville, qui a clairement indiqu\u00e9 qu\u2019il ne souhaitait pas consacrer de temps \u00e0 d\u00e9fendre les engagements pris,<\/p>\n<p>pr\u00e9f\u00e9rant, en cas de non-satisfaction en fin de chantier, porter l\u2019affaire devant la justice.<\/p>\n<p>Malheureusement, aucune de nos pr\u00e9occupations n\u2019a trouv\u00e9 \u00e9cho. La direction du chantier, quant \u00e0 elle, se r\u00e9jouissait de l&rsquo;absence de vigilance port\u00e9e sur son projet.<\/p>\n<p>Je vous invite \u00e0 lire attentivement le livret des engagements de l\u2019\u00c9tat, sign\u00e9 en pr\u00e9fecture en 2002. Bien que de nombreuses ann\u00e9es se soient \u00e9coul\u00e9es,<\/p>\n<p>il est choquant de constater la mani\u00e8re dont ce chantier a \u00e9t\u00e9 men\u00e9, et vous serez sans doute aussi indign\u00e9s que nous.<\/p>\n<p><b>23 ans apr\u00e8s ces luttes, M. le Maire a finalement chang\u00e9 d\u2019avis. Il vaut mieux tard que jamais.<\/b><\/p>\n<p>Bien s\u00fbr, nous ne sommes pas na\u00effs : les \u00e9lections municipales de mars 2026 approchent, et il est \u00e9vident qu&rsquo;il s&rsquo;agit l\u00e0 d\u2019une tentative de corriger les erreurs pass\u00e9es.<\/p>\n<p>Nous reviendrons dans les semaines \u00e0 venir sur ces engagements et les raisons pour lesquels nous n&rsquo;avons pas obtenu un v\u00e9ritable mur antibruit.<\/p>\n<p>Les nuisances sonores et olfactives qui persistent dans notre quotidien, et la d\u00e9gradation de la valeur de nos biens sont des enjeux que nous ne pouvons ignorer.<\/p>\n<p>Nous restons \u00e0 votre disposition pour r\u00e9pondre \u00e0 toutes vos questions.<\/p>\n<p><a href=\"https:\/\/ensemblepouremerainville.fr\/wp-content\/uploads\/2025\/02\/Engagements-de-lEtat-copie.pdf\">Engagements de l&rsquo;Etat copie<\/a><\/p>\n","protected":false},"excerpt":{"rendered":"<p>Monsieur le Maire a accept\u00e9 de revenir sur le chantier d\u2019\u00e9largissement de la Francilienne (A104). Rappel des faits : Autrefois, la municipalit\u00e9, en concertation avec l&rsquo;ADCVE (Association pour le D\u00e9veloppement et le Cadre de Vie d\u2019Emerainville, r\u00e9gie par la loi de 1901), s\u2019\u00e9tait oppos\u00e9e au projet d\u2019\u00e9largissement de la 104 de 2&#215;2 voies \u00e0 2&#215;3&#8230; <\/p>\n<div class=\"read-more\"><a href=\"https:\/\/ensemblepouremerainville.fr\/?p=31503\">Lire la suite<\/a><\/div>\n","protected":false},"author":1,"featured_media":31507,"comment_status":"open","ping_status":"open","sticky":false,"template":"","format":"standard","meta":{"_bbp_topic_count":0,"_bbp_reply_count":0,"_bbp_total_topic_count":0,"_bbp_total_reply_count":0,"_bbp_voice_count":0,"_bbp_anonymous_reply_count":0,"_bbp_topic_count_hidden":0,"_bbp_reply_count_hidden":0,"_bbp_forum_subforum_count":0,"footnotes":""},"categories":[],"tags":[],"class_list":["post-31503","post","type-post","status-publish","format-standard","has-post-thumbnail","hentry"],"_links":{"self":[{"href":"https:\/\/ensemblepouremerainville.fr\/index.php?rest_route=\/wp\/v2\/posts\/31503","targetHints":{"allow":["GET"]}}],"collection":[{"href":"https:\/\/ensemblepouremerainville.fr\/index.php?rest_route=\/wp\/v2\/posts"}],"about":[{"href":"https:\/\/ensemblepouremerainville.fr\/index.php?rest_route=\/wp\/v2\/types\/post"}],"author":[{"embeddable":true,"href":"https:\/\/ensemblepouremerainville.fr\/index.php?rest_route=\/wp\/v2\/users\/1"}],"replies":[{"embeddable":true,"href":"https:\/\/ensemblepouremerainville.fr\/index.php?rest_route=%2Fwp%2Fv2%2Fcomments&post=31503"}],"version-history":[{"count":3,"href":"https:\/\/ensemblepouremerainville.fr\/index.php?rest_route=\/wp\/v2\/posts\/31503\/revisions"}],"predecessor-version":[{"id":31508,"href":"https:\/\/ensemblepouremerainville.fr\/index.php?rest_route=\/wp\/v2\/posts\/31503\/revisions\/31508"}],"wp:featuredmedia":[{"embeddable":true,"href":"https:\/\/ensemblepouremerainville.fr\/index.php?rest_route=\/wp\/v2\/media\/31507"}],"wp:attachment":[{"href":"https:\/\/ensemblepouremerainville.fr\/index.php?rest_route=%2Fwp%2Fv2%2Fmedia&parent=31503"}],"wp:term":[{"taxonomy":"category","embeddable":true,"href":"https:\/\/ensemblepouremerainville.fr\/index.php?rest_route=%2Fwp%2Fv2%2Fcategories&post=31503"},{"taxonomy":"post_tag","embeddable":true,"href":"https:\/\/ensemblepouremerainville.fr\/index.php?rest_route=%2Fwp%2Fv2%2Ftags&post=31503"}],"curies":[{"name":"wp","href":"https:\/\/api.w.org\/{rel}","templated":true}]}}