{"id":31528,"date":"2025-03-09T10:13:15","date_gmt":"2025-03-09T09:13:15","guid":{"rendered":"https:\/\/ensemblepouremerainville.fr\/?p=31528"},"modified":"2025-03-09T10:13:15","modified_gmt":"2025-03-09T09:13:15","slug":"banlieue-est-a-velo-dimanche-30-mars","status":"publish","type":"post","link":"https:\/\/ensemblepouremerainville.fr\/?p=31528","title":{"rendered":"Banlieue Est \u00e0 V\u00e9lo   Dimanche 30 mars"},"content":{"rendered":"<p><strong>Une promenade \u00e0 v\u00e9lo d&rsquo;Emerainville mairie \u00e0 10h00 jusqu&rsquo;\u00e0 l&rsquo;\u00eele de loisirs de Torcy\/Vaires.<\/strong><\/p>\n<p>En famille, en couple, seul, une ballade tranquille dans des sites merveilleux et familiers.<\/p>\n<p>12h30 un pique-nique dans la joie et le partage.<\/p>\n<p><span style=\"color: #ff00ff;\"><strong><span style=\"font-size: 18pt;\">10h00 rendez-vous devant la mairie d&rsquo;EMERAINVILLE<\/span><\/strong><\/span><\/p>\n<p>Parcours enti\u00e8rement sur pistes cyclables et chemins en pleine nature.<\/p>\n<p>Cette manifestation est un acte de d\u00e9centralisation de la tr\u00e8s fameuse CONVERGENCE qui r\u00e9unit un grand nombre de villes d&rsquo;\u00eele de France pour un regroupement<\/p>\n<p>sur le Champs de Mars \u00e0 PARIS.<\/p>\n<p>Aucune inscription, acc\u00e8s libre et volontaire.<\/p>\n<p>Notre \u00e9quipe vous guidera sur l&rsquo;ensemble du parcours.<\/p>\n<p><img data-recalc-dims=\"1\" loading=\"lazy\" decoding=\"async\" class=\"size-large wp-image-31529 aligncenter\" src=\"https:\/\/i0.wp.com\/ensemblepouremerainville.fr\/wp-content\/uploads\/2025\/03\/Version-1-2.png?resize=590%2C738&#038;ssl=1\" alt=\"\" width=\"590\" height=\"738\" srcset=\"https:\/\/i0.wp.com\/ensemblepouremerainville.fr\/wp-content\/uploads\/2025\/03\/Version-1-2.png?resize=819%2C1024&amp;ssl=1 819w, https:\/\/i0.wp.com\/ensemblepouremerainville.fr\/wp-content\/uploads\/2025\/03\/Version-1-2.png?resize=240%2C300&amp;ssl=1 240w, https:\/\/i0.wp.com\/ensemblepouremerainville.fr\/wp-content\/uploads\/2025\/03\/Version-1-2.png?w=1080&amp;ssl=1 1080w\" sizes=\"auto, (max-width: 590px) 100vw, 590px\" \/><\/p>\n","protected":false},"excerpt":{"rendered":"<p>Une promenade \u00e0 v\u00e9lo d&rsquo;Emerainville mairie \u00e0 10h00 jusqu&rsquo;\u00e0 l&rsquo;\u00eele de loisirs de Torcy\/Vaires. En famille, en couple, seul, une ballade tranquille dans des sites merveilleux et familiers. 12h30 un pique-nique dans la joie et le partage. 10h00 rendez-vous devant la mairie d&rsquo;EMERAINVILLE Parcours enti\u00e8rement sur pistes cyclables et chemins en pleine nature. Cette manifestation&#8230; <\/p>\n<div class=\"read-more\"><a href=\"https:\/\/ensemblepouremerainville.fr\/?p=31528\">Lire la suite<\/a><\/div>\n","protected":false},"author":1,"featured_media":31530,"comment_status":"open","ping_status":"open","sticky":false,"template":"","format":"standard","meta":{"_bbp_topic_count":0,"_bbp_reply_count":0,"_bbp_total_topic_count":0,"_bbp_total_reply_count":0,"_bbp_voice_count":0,"_bbp_anonymous_reply_count":0,"_bbp_topic_count_hidden":0,"_bbp_reply_count_hidden":0,"_bbp_forum_subforum_count":0,"footnotes":""},"categories":[35,19,58],"tags":[],"class_list":["post-31528","post","type-post","status-publish","format-standard","has-post-thumbnail","hentry","category-actualite","category-ecologie-developpement-durable-energie","category-emerainville"],"_links":{"self":[{"href":"https:\/\/ensemblepouremerainville.fr\/index.php?rest_route=\/wp\/v2\/posts\/31528","targetHints":{"allow":["GET"]}}],"collection":[{"href":"https:\/\/ensemblepouremerainville.fr\/index.php?rest_route=\/wp\/v2\/posts"}],"about":[{"href":"https:\/\/ensemblepouremerainville.fr\/index.php?rest_route=\/wp\/v2\/types\/post"}],"author":[{"embeddable":true,"href":"https:\/\/ensemblepouremerainville.fr\/index.php?rest_route=\/wp\/v2\/users\/1"}],"replies":[{"embeddable":true,"href":"https:\/\/ensemblepouremerainville.fr\/index.php?rest_route=%2Fwp%2Fv2%2Fcomments&post=31528"}],"version-history":[{"count":1,"href":"https:\/\/ensemblepouremerainville.fr\/index.php?rest_route=\/wp\/v2\/posts\/31528\/revisions"}],"predecessor-version":[{"id":31531,"href":"https:\/\/ensemblepouremerainville.fr\/index.php?rest_route=\/wp\/v2\/posts\/31528\/revisions\/31531"}],"wp:featuredmedia":[{"embeddable":true,"href":"https:\/\/ensemblepouremerainville.fr\/index.php?rest_route=\/wp\/v2\/media\/31530"}],"wp:attachment":[{"href":"https:\/\/ensemblepouremerainville.fr\/index.php?rest_route=%2Fwp%2Fv2%2Fmedia&parent=31528"}],"wp:term":[{"taxonomy":"category","embeddable":true,"href":"https:\/\/ensemblepouremerainville.fr\/index.php?rest_route=%2Fwp%2Fv2%2Fcategories&post=31528"},{"taxonomy":"post_tag","embeddable":true,"href":"https:\/\/ensemblepouremerainville.fr\/index.php?rest_route=%2Fwp%2Fv2%2Ftags&post=31528"}],"curies":[{"name":"wp","href":"https:\/\/api.w.org\/{rel}","templated":true}]}}