{"id":31540,"date":"2025-03-15T17:25:57","date_gmt":"2025-03-15T16:25:57","guid":{"rendered":"https:\/\/ensemblepouremerainville.fr\/?p=31540"},"modified":"2025-03-15T17:25:57","modified_gmt":"2025-03-15T16:25:57","slug":"mars-2025-lettre-n1","status":"publish","type":"post","link":"https:\/\/ensemblepouremerainville.fr\/?p=31540","title":{"rendered":"\u00a0 Mars 2025 &#8211; Lettre n\u00b01"},"content":{"rendered":"<p><img data-recalc-dims=\"1\" loading=\"lazy\" decoding=\"async\" class=\"alignright size-large wp-image-2721\" src=\"https:\/\/i0.wp.com\/ensemblepouremerainville.fr\/wp-content\/uploads\/2016\/01\/LOGO-ensemblepouremerainville_vert-2.png?resize=1%2C1&#038;ssl=1\" alt=\"\" width=\"1\" height=\"1\" \/><\/p>\n<p><img data-recalc-dims=\"1\" loading=\"lazy\" decoding=\"async\" class=\"alignright size-large wp-image-2721\" src=\"https:\/\/i0.wp.com\/ensemblepouremerainville.fr\/wp-content\/uploads\/2016\/01\/LOGO-ensemblepouremerainville_vert-2.png?resize=1%2C1&#038;ssl=1\" alt=\"\" width=\"1\" height=\"1\" \/><\/p>\n<p><img data-recalc-dims=\"1\" loading=\"lazy\" decoding=\"async\" class=\"alignright size-large wp-image-2720\" src=\"https:\/\/i0.wp.com\/ensemblepouremerainville.fr\/wp-content\/uploads\/2016\/01\/LOGO-ensemblepouremerainville_vert-1.png?resize=1%2C1&#038;ssl=1\" alt=\"\" width=\"1\" height=\"1\" \/><\/p>\n<p><img data-recalc-dims=\"1\" loading=\"lazy\" decoding=\"async\" class=\"wp-image-31542 aligncenter\" src=\"https:\/\/i0.wp.com\/ensemblepouremerainville.fr\/wp-content\/uploads\/2025\/03\/ensemble-pour-Emerainville-mail.png?resize=579%2C257&#038;ssl=1\" alt=\"\" width=\"579\" height=\"257\" srcset=\"https:\/\/i0.wp.com\/ensemblepouremerainville.fr\/wp-content\/uploads\/2025\/03\/ensemble-pour-Emerainville-mail.png?w=640&amp;ssl=1 640w, https:\/\/i0.wp.com\/ensemblepouremerainville.fr\/wp-content\/uploads\/2025\/03\/ensemble-pour-Emerainville-mail.png?resize=300%2C133&amp;ssl=1 300w\" sizes=\"auto, (max-width: 579px) 100vw, 579px\" \/><\/p>\n<p>&nbsp;<\/p>\n<p><span style=\"font-size: 12pt; color: #339966;\"><b>La majorit\u00e9 d\u2019entre nous aspire \u00e0 des changements, <span class=\"Apple-converted-space\">\u00a0<\/span><\/b><\/span><\/p>\n<p><span class=\"Apple-converted-space\">\u00a0\u00a0 \u00a0 \u00a0 \u00a0 \u00a0 \u00a0 \u00a0 \u00a0 \u00a0 \u00a0 \u00a0 \u00a0 \u00a0 \u00a0 \u00a0 \u00a0 <\/span>mais de quels changements parlons-nous ?<\/p>\n<p><span style=\"font-size: 12pt; color: #339966;\"><b>Que pouvez-vous attendre de notre \u00e9quipe en mairie ?<\/b><\/span><\/p>\n<p>Avant tout, une \u00e9coute attentive des citoyens, qui honore l&rsquo;engagement des Emerainvillois dans la vie de la commune. <span class=\"Apple-converted-space\">\u00a0<\/span><\/p>\n<p>Une prise en compte des besoins de toutes les composantes de notre communaut\u00e9. <span class=\"Apple-converted-space\">\u00a0<\/span><\/p>\n<p>Une vision claire de l\u2019avenir, en tenant compte tant des \u00e9volutions d\u00e9mographiques que des enjeux li\u00e9s au changement climatique. <span class=\"Apple-converted-space\">\u00a0<\/span><\/p>\n<p>Une ouverture \u00e0 toutes les propositions \u00e9manant des Emerainvillois. <span class=\"Apple-converted-space\">\u00a0<\/span><\/p>\n<p>Un enthousiasme pour cr\u00e9er des espaces de convivialit\u00e9 et de festivit\u00e9s sur notre territoire. <span class=\"Apple-converted-space\">\u00a0<\/span><\/p>\n<p>Un soutien fort en faveur des commerces, march\u00e9s et autres \u00e9l\u00e9ments essentiels \u00e0 la dynamique de notre ville.<\/p>\n<p>Nous organiserons des rencontres sur les sujets cl\u00e9s pour la commune, en ayant \u00e0 c\u0153ur de rappeler que l\u2019\u00e9quipe municipale<\/p>\n<p>n\u2019a pas le monopole de la connaissance des besoins. Nous avons le devoir de r\u00e9unir les r\u00e9flexions avant toute d\u00e9cision majeure. <span class=\"Apple-converted-space\">\u00a0<\/span><\/p>\n<p>Nous consid\u00e9rons les Emerainvillois comme des partenaires de premi\u00e8re importance.<\/p>\n<p><span style=\"font-size: 12pt; color: #339966;\"><b>Une consid\u00e9ration pr\u00e9alable \u00e0 notre engagement :<span class=\"Apple-converted-space\">\u00a0<\/span><\/b><\/span><\/p>\n<p>Aucun projet existant ne sera supprim\u00e9. Nos efforts se concentreront sur ce qui reste \u00e0 faire. <span class=\"Apple-converted-space\">\u00a0<\/span><\/p>\n<p>L\u2019argent public est pr\u00e9cieux et trop rare pour \u00eatre gaspill\u00e9. <span class=\"Apple-converted-space\">\u00a0<\/span><\/p>\n<p><span style=\"font-size: 12pt; color: #339966;\"><b>\u00ab Sans votre engagement, cette vision ne pourra pas devenir la r\u00e9alit\u00e9 de demain. \u00bb<\/b><\/span><\/p>\n<p>Tous les citoyens peuvent s\u2019engager, quel que soit leur niveau de disponibilit\u00e9 ou de comp\u00e9tence.<\/p>\n<p>Chacun d\u2019entre vous poss\u00e8de des contributions essentielles \u00e0 apporter \u00e0 notre commune.<\/p>\n<p>Nous avons des jeunes, des jeunes adultes, des actifs et des a\u00een\u00e9s, tous porteurs d\u2019exp\u00e9riences pr\u00e9cieuses et utiles. <span class=\"Apple-converted-space\">\u00a0<\/span><\/p>\n<p>\u00c0 chacun son r\u00f4le, \u00e0 chaque citoyen sa place dans l\u2019action pour la commune.<\/p>\n<p>Notre site<span class=\"Apple-converted-space\">\u00a0 <\/span>:<span class=\"Apple-converted-space\">\u00a0<\/span> <a href=\"https:\/\/ensemblepouremerainville.fr\">ensemblepouremerainville.fr<\/a><\/p>\n<p>Notre adresse mail :<span class=\"Apple-converted-space\">\u00a0<\/span> <a href=\"mailto:ensemblepouremerainville77@gmail.com\">ensemblepouremerainville77@gmail.com<\/a><\/p>\n","protected":false},"excerpt":{"rendered":"<p>&nbsp; La majorit\u00e9 d\u2019entre nous aspire \u00e0 des changements, \u00a0 \u00a0\u00a0 \u00a0 \u00a0 \u00a0 \u00a0 \u00a0 \u00a0 \u00a0 \u00a0 \u00a0 \u00a0 \u00a0 \u00a0 \u00a0 \u00a0 \u00a0 mais de quels changements parlons-nous ? Que pouvez-vous attendre de notre \u00e9quipe en mairie ? Avant tout, une \u00e9coute attentive des citoyens, qui honore l&rsquo;engagement des Emerainvillois dans la&#8230; <\/p>\n<div class=\"read-more\"><a href=\"https:\/\/ensemblepouremerainville.fr\/?p=31540\">Lire la suite<\/a><\/div>\n","protected":false},"author":1,"featured_media":30804,"comment_status":"open","ping_status":"open","sticky":false,"template":"","format":"standard","meta":{"footnotes":""},"categories":[],"tags":[],"class_list":["post-31540","post","type-post","status-publish","format-standard","has-post-thumbnail","hentry"],"_links":{"self":[{"href":"https:\/\/ensemblepouremerainville.fr\/index.php?rest_route=\/wp\/v2\/posts\/31540","targetHints":{"allow":["GET"]}}],"collection":[{"href":"https:\/\/ensemblepouremerainville.fr\/index.php?rest_route=\/wp\/v2\/posts"}],"about":[{"href":"https:\/\/ensemblepouremerainville.fr\/index.php?rest_route=\/wp\/v2\/types\/post"}],"author":[{"embeddable":true,"href":"https:\/\/ensemblepouremerainville.fr\/index.php?rest_route=\/wp\/v2\/users\/1"}],"replies":[{"embeddable":true,"href":"https:\/\/ensemblepouremerainville.fr\/index.php?rest_route=%2Fwp%2Fv2%2Fcomments&post=31540"}],"version-history":[{"count":2,"href":"https:\/\/ensemblepouremerainville.fr\/index.php?rest_route=\/wp\/v2\/posts\/31540\/revisions"}],"predecessor-version":[{"id":31543,"href":"https:\/\/ensemblepouremerainville.fr\/index.php?rest_route=\/wp\/v2\/posts\/31540\/revisions\/31543"}],"wp:featuredmedia":[{"embeddable":true,"href":"https:\/\/ensemblepouremerainville.fr\/index.php?rest_route=\/wp\/v2\/media\/30804"}],"wp:attachment":[{"href":"https:\/\/ensemblepouremerainville.fr\/index.php?rest_route=%2Fwp%2Fv2%2Fmedia&parent=31540"}],"wp:term":[{"taxonomy":"category","embeddable":true,"href":"https:\/\/ensemblepouremerainville.fr\/index.php?rest_route=%2Fwp%2Fv2%2Fcategories&post=31540"},{"taxonomy":"post_tag","embeddable":true,"href":"https:\/\/ensemblepouremerainville.fr\/index.php?rest_route=%2Fwp%2Fv2%2Ftags&post=31540"}],"curies":[{"name":"wp","href":"https:\/\/api.w.org\/{rel}","templated":true}]}}