{"id":31984,"date":"2026-03-10T22:07:50","date_gmt":"2026-03-10T21:07:50","guid":{"rendered":"https:\/\/ensemblepouremerainville.fr\/?p=31984"},"modified":"2026-03-10T22:20:31","modified_gmt":"2026-03-10T21:20:31","slug":"le-porte-a-porte-des-derniers-jours","status":"publish","type":"post","link":"https:\/\/ensemblepouremerainville.fr\/?p=31984","title":{"rendered":"Le Porte \u00e0 Porte des derniers jours"},"content":{"rendered":"<p><img data-recalc-dims=\"1\" loading=\"lazy\" decoding=\"async\" class=\" wp-image-31997 aligncenter\" src=\"https:\/\/i0.wp.com\/ensemblepouremerainville.fr\/wp-content\/uploads\/PHOTO-2026-03-02-19-25-39.jpeg?resize=520%2C694&#038;ssl=1\" alt=\"\" width=\"520\" height=\"694\" srcset=\"https:\/\/i0.wp.com\/ensemblepouremerainville.fr\/wp-content\/uploads\/PHOTO-2026-03-02-19-25-39.jpeg?resize=768%2C1024&amp;ssl=1 768w, https:\/\/i0.wp.com\/ensemblepouremerainville.fr\/wp-content\/uploads\/PHOTO-2026-03-02-19-25-39.jpeg?resize=225%2C300&amp;ssl=1 225w, https:\/\/i0.wp.com\/ensemblepouremerainville.fr\/wp-content\/uploads\/PHOTO-2026-03-02-19-25-39.jpeg?resize=1152%2C1536&amp;ssl=1 1152w, https:\/\/i0.wp.com\/ensemblepouremerainville.fr\/wp-content\/uploads\/PHOTO-2026-03-02-19-25-39.jpeg?resize=1320%2C1760&amp;ssl=1 1320w, https:\/\/i0.wp.com\/ensemblepouremerainville.fr\/wp-content\/uploads\/PHOTO-2026-03-02-19-25-39.jpeg?w=1536&amp;ssl=1 1536w\" sizes=\"auto, (max-width: 520px) 100vw, 520px\" \/><\/p>\n<p><a href=\"https:\/\/ensemblepouremerainville.fr\/wp-content\/uploads\/DOMINIQUE-SD-480p.mov\">DOMINIQUE vid\u00e9o<\/a><\/p>\n<p>Retour du PAP de ce soir avec GG.<br \/>\nLes deux b\u00e2timents Emaus face au parc Denis Le Camus, ainsi qu\u2019une partie des habitations place de l\u2019Europe c\u00f4t\u00e9 pharmacie.<\/p>\n<p>De tr\u00e8s bon retours des habitants qui nous connaissent, qui nous font remarquer que l\u2019on nous voit r\u00e9guli\u00e8rement y compris dans les commerces de la place, contrairement \u00e0 la majorit\u00e9.<\/p>\n<p>L\u2019ensemble de ces personnes nous avoue qu\u2019il faut un changement, que la ville devient une ville compl\u00e8tement endormie, absence de f\u00eate, de vie, d\u2019activit\u00e9 qu\u2019ils retrouvent sur Pontault etc, etc.<\/p>\n<p>Nous leur avons \u00e9galement expliqu\u00e9 que la deuxi\u00e8me liste est la copie conforme de celle du maire, des dissidents.<\/p>\n<p>L\u2019explication de nos mesures passe bien.<\/p>\n<p>Il faut poursuivre dans cette dynamique, dans vos quartiers, avec vos voisins.<\/p>\n<p>Plus que trois jours pour la campagne, nous avons plus que besoins de vous toutes et tous, colisti\u00e8res et colistiers pour cette toute derni\u00e8re ligne droite.<\/p>\n<p>La victoire se gagne sur le terrain et non sur le papier, encore moins par des sondages.<\/p>\n<p>Ensemble nous sommes plus fort, ensemble nous gagnerons.<\/p>\n<p>Denis ROBINET<br \/>\nEnsemble Pour Emerainville<\/p>\n<p><a href=\"https:\/\/ensemblepouremerainville.fr\/wp-content\/uploads\/VIDEO-2026-03-08-22-14-12.mov\">Denis vid\u00e9o<\/a><\/p>\n<p>Retour de PAP ce soir avec Norbert, la rue du 4 aout 1945 \u00e0 Malnoue, comme hier, tr\u00e8s bon accueil, c\u2019est les logements pr\u00e9fecture !<\/p>\n<p>nous avons suivi par la rue de la convention, \u00bb oui ici il n\u2019y a rien \u00bb nos propositions sont tr\u00e8s bien re\u00e7u, idem par la suite, avec la rue des \u00e9tat g\u00e9n\u00e9raux,<\/p>\n<p>des jeunes tr\u00e8s content de nos projets, un peut de vie !! Le projet de march\u00e9 comme amorce d&rsquo;une dynamique plus large avec l&rsquo;universit\u00e9 Gustav Eiffel.<\/p>\n<p>Le constat, la population rencontr\u00e9e trouve la situation actuelle d\u00e9solante .<\/p>\n<p>Voila un avis g\u00e9n\u00e9ral sur la situation de notre commune aujourd&rsquo;hui . Notre arriv\u00e9e en \u00e9quipe a la mairie est attendu par un grand nombre de personnes.<\/p>\n<p><a href=\"https:\/\/ensemblepouremerainville.fr\/wp-content\/uploads\/VIDEO-2026-03-08-22-14-10.mov\">Monia vid\u00e9o<\/a><\/p>\n<p><a href=\"https:\/\/ensemblepouremerainville.fr\/wp-content\/uploads\/Norbert-SD-480p.mov\">Norbert vid\u00e9o<\/a><\/p>\n<p><span style=\"font-size: 18pt; color: #339966;\"><strong>Le 15 mars, votez et faites voter \u00a0<\/strong><\/span><\/p>\n","protected":false},"excerpt":{"rendered":"<p>DOMINIQUE vid\u00e9o Retour du PAP de ce soir avec GG. Les deux b\u00e2timents Emaus face au parc Denis Le Camus, ainsi qu\u2019une partie des habitations place de l\u2019Europe c\u00f4t\u00e9 pharmacie. De tr\u00e8s bon retours des habitants qui nous connaissent, qui nous font remarquer que l\u2019on nous voit r\u00e9guli\u00e8rement y compris dans les commerces de la&#8230; <\/p>\n<div class=\"read-more\"><a href=\"https:\/\/ensemblepouremerainville.fr\/?p=31984\">Lire la suite<\/a><\/div>\n","protected":false},"author":1,"featured_media":31998,"comment_status":"open","ping_status":"open","sticky":false,"template":"","format":"standard","meta":{"footnotes":""},"categories":[35,36],"tags":[],"class_list":["post-31984","post","type-post","status-publish","format-standard","has-post-thumbnail","hentry","category-actualite","category-emerainville-demain"],"_links":{"self":[{"href":"https:\/\/ensemblepouremerainville.fr\/index.php?rest_route=\/wp\/v2\/posts\/31984","targetHints":{"allow":["GET"]}}],"collection":[{"href":"https:\/\/ensemblepouremerainville.fr\/index.php?rest_route=\/wp\/v2\/posts"}],"about":[{"href":"https:\/\/ensemblepouremerainville.fr\/index.php?rest_route=\/wp\/v2\/types\/post"}],"author":[{"embeddable":true,"href":"https:\/\/ensemblepouremerainville.fr\/index.php?rest_route=\/wp\/v2\/users\/1"}],"replies":[{"embeddable":true,"href":"https:\/\/ensemblepouremerainville.fr\/index.php?rest_route=%2Fwp%2Fv2%2Fcomments&post=31984"}],"version-history":[{"count":7,"href":"https:\/\/ensemblepouremerainville.fr\/index.php?rest_route=\/wp\/v2\/posts\/31984\/revisions"}],"predecessor-version":[{"id":32002,"href":"https:\/\/ensemblepouremerainville.fr\/index.php?rest_route=\/wp\/v2\/posts\/31984\/revisions\/32002"}],"wp:featuredmedia":[{"embeddable":true,"href":"https:\/\/ensemblepouremerainville.fr\/index.php?rest_route=\/wp\/v2\/media\/31998"}],"wp:attachment":[{"href":"https:\/\/ensemblepouremerainville.fr\/index.php?rest_route=%2Fwp%2Fv2%2Fmedia&parent=31984"}],"wp:term":[{"taxonomy":"category","embeddable":true,"href":"https:\/\/ensemblepouremerainville.fr\/index.php?rest_route=%2Fwp%2Fv2%2Fcategories&post=31984"},{"taxonomy":"post_tag","embeddable":true,"href":"https:\/\/ensemblepouremerainville.fr\/index.php?rest_route=%2Fwp%2Fv2%2Ftags&post=31984"}],"curies":[{"name":"wp","href":"https:\/\/api.w.org\/{rel}","templated":true}]}}