{"id":32008,"date":"2026-03-17T20:07:02","date_gmt":"2026-03-17T19:07:02","guid":{"rendered":"https:\/\/ensemblepouremerainville.fr\/?p=32008"},"modified":"2026-03-17T20:07:02","modified_gmt":"2026-03-17T19:07:02","slug":"appel-de-notre-depute-maxime-lainey","status":"publish","type":"post","link":"https:\/\/ensemblepouremerainville.fr\/?p=32008","title":{"rendered":"Appel de notre d\u00e9put\u00e9  MAXIME LAINEY"},"content":{"rendered":"<p><img data-recalc-dims=\"1\" loading=\"lazy\" decoding=\"async\" class=\"wp-image-32010 alignleft\" src=\"https:\/\/i0.wp.com\/ensemblepouremerainville.fr\/wp-content\/uploads\/Capture-decran-2026-03-17-a-19.55.29.png?resize=544%2C817&#038;ssl=1\" alt=\"\" width=\"544\" height=\"817\" srcset=\"https:\/\/i0.wp.com\/ensemblepouremerainville.fr\/wp-content\/uploads\/Capture-decran-2026-03-17-a-19.55.29.png?w=429&amp;ssl=1 429w, https:\/\/i0.wp.com\/ensemblepouremerainville.fr\/wp-content\/uploads\/Capture-decran-2026-03-17-a-19.55.29.png?resize=200%2C300&amp;ssl=1 200w\" sizes=\"auto, (max-width: 544px) 100vw, 544px\" \/><\/p>\n<p><span style=\"font-size: 14pt;\"><img data-recalc-dims=\"1\" loading=\"lazy\" decoding=\"async\" class=\" wp-image-32012 aligncenter\" src=\"https:\/\/i0.wp.com\/ensemblepouremerainville.fr\/wp-content\/uploads\/Capture-decran-2026-03-17-a-20.04.44.png?resize=516%2C776&#038;ssl=1\" alt=\"\" width=\"516\" height=\"776\" srcset=\"https:\/\/i0.wp.com\/ensemblepouremerainville.fr\/wp-content\/uploads\/Capture-decran-2026-03-17-a-20.04.44.png?w=321&amp;ssl=1 321w, https:\/\/i0.wp.com\/ensemblepouremerainville.fr\/wp-content\/uploads\/Capture-decran-2026-03-17-a-20.04.44.png?resize=199%2C300&amp;ssl=1 199w\" sizes=\"auto, (max-width: 516px) 100vw, 516px\" \/><\/span><\/p>\n<p>&nbsp;<\/p>\n<p>&nbsp;<\/p>\n<p><span style=\"font-size: 14pt;\">EMERAINVILLE :<\/span><br \/>\n<span style=\"font-size: 14pt;\">Ch\u00e8res Emerainvilloises, chers Emerainvillois,<\/span><\/p>\n<p><span style=\"font-size: 14pt;\">Pour le second tour des \u00e9lections municipales dans votre ville, je vous invite \u00e0 voter pour la seule liste de gauche qualifi\u00e9e pour remporter la mairie :<\/span><\/p>\n<p><span style=\"font-size: 14pt;\"> la liste conduite par Jacques Huleux.<\/span><\/p>\n<p><span style=\"font-size: 14pt;\"><strong>En juillet 2024,<\/strong> vous avez choisi de me refaire confiance comme D\u00e9put\u00e9 en \u00e9tant plus de 1 700 \u00e0 choisir ma candidature, une candidature port\u00e9e pr\u00e9cis\u00e9ment par tous les gens qui composent la liste conduite par <strong>Jacques Huleux.<\/strong><\/span><\/p>\n<p><span style=\"font-size: 14pt;\">C\u2019est la preuve que la gauche peut gagner la ville d\u2019Emerainville et faire des choix beaucoup plus proches de vos besoins en mati\u00e8re de services publics de proximit\u00e9, de bifurcation \u00e9cologique et de d\u00e9mocratie.<\/span><br \/>\n<span style=\"font-size: 14pt;\">Ne ratez pas cette occasion !<\/span><strong><span style=\"font-size: 14pt;\"> Ce dimanche 22 mars, toutes et tous aux urnes pour \u00e9lire Jacques Huleux !<\/span><\/strong><\/p>\n","protected":false},"excerpt":{"rendered":"<p>&nbsp; &nbsp; EMERAINVILLE : Ch\u00e8res Emerainvilloises, chers Emerainvillois, Pour le second tour des \u00e9lections municipales dans votre ville, je vous invite \u00e0 voter pour la seule liste de gauche qualifi\u00e9e pour remporter la mairie : la liste conduite par Jacques Huleux. En juillet 2024, vous avez choisi de me refaire confiance comme D\u00e9put\u00e9 en \u00e9tant&#8230; <\/p>\n<div class=\"read-more\"><a href=\"https:\/\/ensemblepouremerainville.fr\/?p=32008\">Lire la suite<\/a><\/div>\n","protected":false},"author":1,"featured_media":32009,"comment_status":"open","ping_status":"open","sticky":false,"template":"","format":"standard","meta":{"footnotes":""},"categories":[35,259],"tags":[],"class_list":["post-32008","post","type-post","status-publish","format-standard","has-post-thumbnail","hentry","category-actualite","category-notre-actualite"],"_links":{"self":[{"href":"https:\/\/ensemblepouremerainville.fr\/index.php?rest_route=\/wp\/v2\/posts\/32008","targetHints":{"allow":["GET"]}}],"collection":[{"href":"https:\/\/ensemblepouremerainville.fr\/index.php?rest_route=\/wp\/v2\/posts"}],"about":[{"href":"https:\/\/ensemblepouremerainville.fr\/index.php?rest_route=\/wp\/v2\/types\/post"}],"author":[{"embeddable":true,"href":"https:\/\/ensemblepouremerainville.fr\/index.php?rest_route=\/wp\/v2\/users\/1"}],"replies":[{"embeddable":true,"href":"https:\/\/ensemblepouremerainville.fr\/index.php?rest_route=%2Fwp%2Fv2%2Fcomments&post=32008"}],"version-history":[{"count":2,"href":"https:\/\/ensemblepouremerainville.fr\/index.php?rest_route=\/wp\/v2\/posts\/32008\/revisions"}],"predecessor-version":[{"id":32013,"href":"https:\/\/ensemblepouremerainville.fr\/index.php?rest_route=\/wp\/v2\/posts\/32008\/revisions\/32013"}],"wp:featuredmedia":[{"embeddable":true,"href":"https:\/\/ensemblepouremerainville.fr\/index.php?rest_route=\/wp\/v2\/media\/32009"}],"wp:attachment":[{"href":"https:\/\/ensemblepouremerainville.fr\/index.php?rest_route=%2Fwp%2Fv2%2Fmedia&parent=32008"}],"wp:term":[{"taxonomy":"category","embeddable":true,"href":"https:\/\/ensemblepouremerainville.fr\/index.php?rest_route=%2Fwp%2Fv2%2Fcategories&post=32008"},{"taxonomy":"post_tag","embeddable":true,"href":"https:\/\/ensemblepouremerainville.fr\/index.php?rest_route=%2Fwp%2Fv2%2Ftags&post=32008"}],"curies":[{"name":"wp","href":"https:\/\/api.w.org\/{rel}","templated":true}]}}