{"id":32066,"date":"2026-05-01T18:04:50","date_gmt":"2026-05-01T16:04:50","guid":{"rendered":"https:\/\/ensemblepouremerainville.fr\/?p=32066"},"modified":"2026-05-01T18:06:03","modified_gmt":"2026-05-01T16:06:03","slug":"compte-rendu-du-conseil-municipal","status":"publish","type":"post","link":"https:\/\/ensemblepouremerainville.fr\/?p=32066","title":{"rendered":"Compte-rendu du conseil municipal"},"content":{"rendered":"<p><img data-recalc-dims=\"1\" loading=\"lazy\" decoding=\"async\" class=\"size-full wp-image-32074 aligncenter\" src=\"https:\/\/i0.wp.com\/ensemblepouremerainville.fr\/wp-content\/uploads\/Capture-decran-2026-05-01-a-17.58.39.png?resize=563%2C312&#038;ssl=1\" alt=\"\" width=\"563\" height=\"312\" srcset=\"https:\/\/i0.wp.com\/ensemblepouremerainville.fr\/wp-content\/uploads\/Capture-decran-2026-05-01-a-17.58.39.png?w=563&amp;ssl=1 563w, https:\/\/i0.wp.com\/ensemblepouremerainville.fr\/wp-content\/uploads\/Capture-decran-2026-05-01-a-17.58.39.png?resize=300%2C166&amp;ssl=1 300w\" sizes=\"auto, (max-width: 563px) 100vw, 563px\" \/><\/p>\n<p>&nbsp;<\/p>\n<p>Bonjour \u00e0 toutes et tous,<\/p>\n<p>Nous avons re\u00e7u la r\u00e9ponse \u00e0 notre courrier du 1er avril,(ce n&rsquo;est pas un poisson).<\/p>\n<p><a href=\"https:\/\/ensemblepouremerainville.fr\/wp-content\/uploads\/Reponse-demande-de-salle.pdf\">R\u00e9ponse demande de salle<\/a><\/p>\n<p>Le 29\u00a0avril, \u00e0 19\u00a0h, nous avions un conseil municipal avec \u00e0 l\u2019ordre du jour quatre points tr\u00e8s importants.<\/p>\n<ol>\n<li>Approbation du Compte Financier Unique 2025.<\/li>\n<li>Affectation du r\u00e9sultat du Compte Financier Unique.<\/li>\n<li>Vote du budget primitif de l\u2019ann\u00e9e 2026.<\/li>\n<li>Vote des taux d\u2019imposition pour 2026.<\/li>\n<\/ol>\n<p><img data-recalc-dims=\"1\" loading=\"lazy\" decoding=\"async\" class=\"size-full wp-image-32068 aligncenter\" src=\"https:\/\/i0.wp.com\/ensemblepouremerainville.fr\/wp-content\/uploads\/Capture-decran-2026-05-01-a-16.13.26.png?resize=590%2C254&#038;ssl=1\" alt=\"\" width=\"590\" height=\"254\" srcset=\"https:\/\/i0.wp.com\/ensemblepouremerainville.fr\/wp-content\/uploads\/Capture-decran-2026-05-01-a-16.13.26.png?w=735&amp;ssl=1 735w, https:\/\/i0.wp.com\/ensemblepouremerainville.fr\/wp-content\/uploads\/Capture-decran-2026-05-01-a-16.13.26.png?resize=300%2C129&amp;ssl=1 300w\" sizes=\"auto, (max-width: 590px) 100vw, 590px\" \/><\/p>\n<p>1) &#8211; Ce tableau fait apparaitre un r\u00e9sultat de<b> fonctionnement positif <\/b>de: <span class=\"Apple-converted-space\">\u00a0 <\/span>1 415 408,31<\/p>\n<p><span class=\"Apple-converted-space\">\u00a0\u00a0 \u00a0 \u00a0 \u00a0 \u00a0 \u00a0 \u00a0 \u00a0 \u00a0 \u00a0 \u00a0 \u00a0 \u00a0 \u00a0 \u00a0 \u00a0 \u00a0 \u00a0 \u00a0 \u00a0 <\/span>un r\u00e9sultat <b>d\u2019investissement positif de<\/b><span class=\"Apple-converted-space\">\u00a0 \u00a0 \u00a0 <\/span>:<span class=\"Apple-converted-space\">\u00a0 \u00a0 \u00a0 \u00a0 <\/span>77 020,99<\/p>\n<p>2) &#8211;<strong> Affectation du r\u00e9sultat du CFU.<\/strong><\/p>\n<p>Partant de l\u2019\u00e9l\u00e9ment du CFU de 2025 \u00e9tabli par la pr\u00e9c\u00e9dente majorit\u00e9, il est \u00e9tabli, sous r\u00e9serve de l\u2019audit financier qui doit \u00eatre fait rapidement,<\/p>\n<p>qu\u2019il y a des mouvements dans les comptes qui ne sont pas actuellement conformes au CFU 2025.<\/p>\n<p>Des recettes sont inscrites sans avoir pour autan provoqu\u00e9 l\u2019\u00e9tablissement des factures, sur une dur\u00e9e de six ans !<\/p>\n<p>Des trop-per\u00e7us, ainsi que des travaux au gymnase Guy DRUT suite \u00e0 des malfa\u00e7ons pour des sommes tr\u00e8s importantes.<\/p>\n<p><b>Ce qui a pour cons\u00e9quence de faire passer le r\u00e9sultat d\u2019investissement en d\u00e9ficit de : 596 921,39 \u20ac<\/b><\/p>\n<p>L\u2019affectation du r\u00e9sultat de l\u2019exercice 2025 qui est propos\u00e9 est :<\/p>\n<p>* 248 262,31 \u20ac au compte<span class=\"Apple-converted-space\">\u00a0 <\/span>1068 section investissement.<\/p>\n<ul>\n<li>1 167 146,00 \u20ac au compte<span class=\"Apple-converted-space\">\u00a0 <\/span>002<span class=\"Apple-converted-space\">\u00a0 <\/span>recette de fonctionnement.<\/li>\n<li><span class=\"Apple-converted-space\">\u00a0<\/span>596 921,39 \u20ac au compte 001 d\u00e9ficit d\u2019investissement.<\/li>\n<\/ul>\n<p>3) &#8211;<strong> Vote du budget primitif pour l\u2019ann\u00e9e 2026.<\/strong><\/p>\n<p>Nous aurions pr\u00e9f\u00e9rer que la somme de 248 262,31 \u20ac d\u2019exc\u00e9dent de fonctionnements capitalis\u00e9 soit vers\u00e9e au compte de r\u00e9serve pour risques<\/p>\n<p>en pr\u00e9vision de la r\u00e9ponse judiciaire dans<strong> l\u2019affaire de la montagne de d\u00e9chets, \u00ab PHYLOS \u00bb.<\/strong><\/p>\n<p>D\u2019autant plus que la marge d\u2019entendement dont nous disposons est tr\u00e8s bonne, soit 3,7\u00a0ans sur 12\u00a0ans.<\/p>\n<p>Le budget primitif ne laisse pas augurer des investissements hors les travaux ordonn\u00e9s en 2025 qui doivent se terminer en 2026.<\/p>\n<p>Aucun investissement pour r\u00e9duction de marges \u00e9nerg\u00e9tiques, rien qui permette de penser que les promesses \u00e9lectorales se convertiront en programme !<\/p>\n<p><strong>Nous restons sur une fonction de s\u00e9duction de la population, malgr\u00e9 les besoins tr\u00e8s importants qui ont motiv\u00e9 le d\u00e9gagisme de l\u2019\u00e9quipe pr\u00e9c\u00e9dente.<\/strong><\/p>\n<p><img data-recalc-dims=\"1\" loading=\"lazy\" decoding=\"async\" class=\" wp-image-32072 aligncenter\" src=\"https:\/\/i0.wp.com\/ensemblepouremerainville.fr\/wp-content\/uploads\/Capture-decran-2026-05-01-a-17.55.54.png?resize=282%2C240&#038;ssl=1\" alt=\"\" width=\"282\" height=\"240\" srcset=\"https:\/\/i0.wp.com\/ensemblepouremerainville.fr\/wp-content\/uploads\/Capture-decran-2026-05-01-a-17.55.54.png?w=458&amp;ssl=1 458w, https:\/\/i0.wp.com\/ensemblepouremerainville.fr\/wp-content\/uploads\/Capture-decran-2026-05-01-a-17.55.54.png?resize=300%2C255&amp;ssl=1 300w\" sizes=\"auto, (max-width: 282px) 100vw, 282px\" \/><\/p>\n<p>4) &#8211; Vote des taux d\u2019imposition pour 2026.<\/p>\n<p>La nouvelle \u00e9quipe a choisi de ne pas modifier les taux d\u2019imposition. Est-ce l\u00e0 pour tenir ses promesses\u2009? On fr\u00f4le la d\u00e9magogie.<\/p>\n<p>Ils se cachent derri\u00e8re les mauvaises nouvelles financi\u00e8res du mandat pr\u00e9c\u00e9dent, ils ont \u00e9ruct\u00e9 durant toute la derni\u00e8re mandature et principalement pendant la campagne<\/p>\n<p>municipale contre la mauvaise gestion, les fraudes, etc.<\/p>\n<p>Et l\u00e0 ils sont enferm\u00e9s dans les mauvaises nouvelles, le temps passe, les factures d\u2019\u00e9nergie sont de plus en plus lourdes pour nos finances publiques.<\/p>\n<p><strong>Nous aurions pour quelques ann\u00e9es, relev\u00e9 les taux d\u2019imposition, fait des investissements importants pour enfin rattraper le retard pris pendant 30 ann\u00e9es.<\/strong><\/p>\n<p><strong>Notre consternation nous am\u00e8ne \u00e0 demander une audience aupr\u00e8s de l\u2019\u00e9quipe municipale pour expliquer notre position, avant de signifier au pr\u00e9fet du 77 une demande de contr\u00f4le de l\u00e9galit\u00e9.<\/strong><\/p>\n<p><a href=\"https:\/\/ensemblepouremerainville.fr\/wp-content\/uploads\/Mairie-Eme-30-04-26.pages\">Mairie Eme 30 04 26<\/a><\/p>\n<p>&nbsp;<\/p>\n","protected":false},"excerpt":{"rendered":"<p>&nbsp; Bonjour \u00e0 toutes et tous, Nous avons re\u00e7u la r\u00e9ponse \u00e0 notre courrier du 1er avril,(ce n&rsquo;est pas un poisson). R\u00e9ponse demande de salle Le 29\u00a0avril, \u00e0 19\u00a0h, nous avions un conseil municipal avec \u00e0 l\u2019ordre du jour quatre points tr\u00e8s importants. Approbation du Compte Financier Unique 2025. Affectation du r\u00e9sultat du Compte Financier&#8230; <\/p>\n<div class=\"read-more\"><a href=\"https:\/\/ensemblepouremerainville.fr\/?p=32066\">Lire la suite<\/a><\/div>\n","protected":false},"author":1,"featured_media":32073,"comment_status":"open","ping_status":"open","sticky":false,"template":"","format":"standard","meta":{"footnotes":""},"categories":[35,22,37],"tags":[],"class_list":["post-32066","post","type-post","status-publish","format-standard","has-post-thumbnail","hentry","category-actualite","category-compte-rendu","category-cm"],"_links":{"self":[{"href":"https:\/\/ensemblepouremerainville.fr\/index.php?rest_route=\/wp\/v2\/posts\/32066","targetHints":{"allow":["GET"]}}],"collection":[{"href":"https:\/\/ensemblepouremerainville.fr\/index.php?rest_route=\/wp\/v2\/posts"}],"about":[{"href":"https:\/\/ensemblepouremerainville.fr\/index.php?rest_route=\/wp\/v2\/types\/post"}],"author":[{"embeddable":true,"href":"https:\/\/ensemblepouremerainville.fr\/index.php?rest_route=\/wp\/v2\/users\/1"}],"replies":[{"embeddable":true,"href":"https:\/\/ensemblepouremerainville.fr\/index.php?rest_route=%2Fwp%2Fv2%2Fcomments&post=32066"}],"version-history":[{"count":2,"href":"https:\/\/ensemblepouremerainville.fr\/index.php?rest_route=\/wp\/v2\/posts\/32066\/revisions"}],"predecessor-version":[{"id":32075,"href":"https:\/\/ensemblepouremerainville.fr\/index.php?rest_route=\/wp\/v2\/posts\/32066\/revisions\/32075"}],"wp:featuredmedia":[{"embeddable":true,"href":"https:\/\/ensemblepouremerainville.fr\/index.php?rest_route=\/wp\/v2\/media\/32073"}],"wp:attachment":[{"href":"https:\/\/ensemblepouremerainville.fr\/index.php?rest_route=%2Fwp%2Fv2%2Fmedia&parent=32066"}],"wp:term":[{"taxonomy":"category","embeddable":true,"href":"https:\/\/ensemblepouremerainville.fr\/index.php?rest_route=%2Fwp%2Fv2%2Fcategories&post=32066"},{"taxonomy":"post_tag","embeddable":true,"href":"https:\/\/ensemblepouremerainville.fr\/index.php?rest_route=%2Fwp%2Fv2%2Ftags&post=32066"}],"curies":[{"name":"wp","href":"https:\/\/api.w.org\/{rel}","templated":true}]}}