{"id":32161,"date":"2026-09-04T17:01:29","date_gmt":"2026-09-04T15:01:29","guid":{"rendered":"https:\/\/ensemblepouremerainville.fr\/?p=32161"},"modified":"2026-09-04T17:01:29","modified_gmt":"2026-09-04T15:01:29","slug":"nous-y-sommes-cest-la-rentree","status":"publish","type":"post","link":"https:\/\/ensemblepouremerainville.fr\/?p=32161","title":{"rendered":"Nous y sommes, c\u2019est la rentr\u00e9e !"},"content":{"rendered":"<p><a href=\"https:\/\/i0.wp.com\/ensemblepouremerainville.fr\/wp-content\/uploads\/Capture-decran-2026-09-04-a-16.47.06.png?ssl=1\"><img data-recalc-dims=\"1\" loading=\"lazy\" decoding=\"async\" data-attachment-id=\"32162\" data-permalink=\"https:\/\/ensemblepouremerainville.fr\/?attachment_id=32162\" data-orig-file=\"https:\/\/i0.wp.com\/ensemblepouremerainville.fr\/wp-content\/uploads\/Capture-decran-2026-09-04-a-16.47.06.png?fit=513%2C501&amp;ssl=1\" data-orig-size=\"513,501\" data-comments-opened=\"1\" data-image-meta=\"{&quot;aperture&quot;:&quot;0&quot;,&quot;credit&quot;:&quot;&quot;,&quot;camera&quot;:&quot;&quot;,&quot;caption&quot;:&quot;&quot;,&quot;created_timestamp&quot;:&quot;0&quot;,&quot;copyright&quot;:&quot;&quot;,&quot;focal_length&quot;:&quot;0&quot;,&quot;iso&quot;:&quot;0&quot;,&quot;shutter_speed&quot;:&quot;0&quot;,&quot;title&quot;:&quot;&quot;,&quot;orientation&quot;:&quot;0&quot;,&quot;alt&quot;:&quot;&quot;}\" data-image-title=\"Capture d\u2019\u00e9cran 2026-09-04 \u00e0 16.47.06\" data-image-description=\"\" data-image-caption=\"\" data-large-file=\"https:\/\/i0.wp.com\/ensemblepouremerainville.fr\/wp-content\/uploads\/Capture-decran-2026-09-04-a-16.47.06.png?fit=513%2C501&amp;ssl=1\" class=\"size-full wp-image-32162 aligncenter\" src=\"https:\/\/i0.wp.com\/ensemblepouremerainville.fr\/wp-content\/uploads\/Capture-decran-2026-09-04-a-16.47.06.png?resize=513%2C501&#038;ssl=1\" alt=\"\" width=\"513\" height=\"501\" srcset=\"https:\/\/i0.wp.com\/ensemblepouremerainville.fr\/wp-content\/uploads\/Capture-decran-2026-09-04-a-16.47.06.png?w=513&amp;ssl=1 513w, https:\/\/i0.wp.com\/ensemblepouremerainville.fr\/wp-content\/uploads\/Capture-decran-2026-09-04-a-16.47.06.png?resize=300%2C293&amp;ssl=1 300w\" sizes=\"auto, (max-width: 513px) 100vw, 513px\" \/><\/a><\/p>\n<p>Nous esp\u00e9rons que vos vacances se sont bien pass\u00e9es, malgr\u00e9 la canicule.<\/p>\n<p>De notre c\u00f4t\u00e9, nous avons cherch\u00e9 \u00e0 obtenir des informations sur la gestion de notre commune.<\/p>\n<p>H\u00e9las, force est de constater qu\u2019elles sont encore tr\u00e8s peu nombreuses.<\/p>\n<p>L\u2019\u00e9quipe de salari\u00e9s qui composait le service de s\u00e9curit\u00e9 d\u2019\u00c9merainville a, dans sa grande majorit\u00e9, d\u00e9missionn\u00e9.<\/p>\n<p>Cette situation soul\u00e8ve naturellement de nombreuses interrogations auxquelles nous attendons des r\u00e9ponses.<\/p>\n<p>Nous avons \u00e9galement \u00e9t\u00e9 inform\u00e9s par le service communication du changement de rythme de parution du magazine municipal.<\/p>\n<p>Il y a pourtant tellement d\u2019informations et de d\u00e9bats n\u00e9cessaires concernant notre ville ! D\u00e9sormais, la nouvelle majorit\u00e9 ne publiera son magazine que tous les deux mois\u2026<\/p>\n<p>Alors qu\u2019il n\u2019\u00e9tait d\u00e9j\u00e0 pas particuli\u00e8rement int\u00e9ressant, cette nouvelle p\u00e9riodicit\u00e9 ne risque pas d\u2019am\u00e9liorer l\u2019information des \u00c9merainvillois.<\/p>\n<p>Le nouveau maire semble par ailleurs s\u2019orienter vers une gestion davantage commerciale de notre ville.<\/p>\n<p><a href=\"https:\/\/i0.wp.com\/ensemblepouremerainville.fr\/wp-content\/uploads\/Capture-decran-2026-09-04-a-16.50.25.png?ssl=1\"><img data-recalc-dims=\"1\" loading=\"lazy\" decoding=\"async\" data-attachment-id=\"32163\" data-permalink=\"https:\/\/ensemblepouremerainville.fr\/?attachment_id=32163\" data-orig-file=\"https:\/\/i0.wp.com\/ensemblepouremerainville.fr\/wp-content\/uploads\/Capture-decran-2026-09-04-a-16.50.25.png?fit=272%2C382&amp;ssl=1\" data-orig-size=\"272,382\" data-comments-opened=\"1\" data-image-meta=\"{&quot;aperture&quot;:&quot;0&quot;,&quot;credit&quot;:&quot;&quot;,&quot;camera&quot;:&quot;&quot;,&quot;caption&quot;:&quot;&quot;,&quot;created_timestamp&quot;:&quot;0&quot;,&quot;copyright&quot;:&quot;&quot;,&quot;focal_length&quot;:&quot;0&quot;,&quot;iso&quot;:&quot;0&quot;,&quot;shutter_speed&quot;:&quot;0&quot;,&quot;title&quot;:&quot;&quot;,&quot;orientation&quot;:&quot;0&quot;,&quot;alt&quot;:&quot;&quot;}\" data-image-title=\"Capture d\u2019\u00e9cran 2026-09-04 \u00e0 16.50.25\" data-image-description=\"\" data-image-caption=\"\" data-large-file=\"https:\/\/i0.wp.com\/ensemblepouremerainville.fr\/wp-content\/uploads\/Capture-decran-2026-09-04-a-16.50.25.png?fit=272%2C382&amp;ssl=1\" class=\"size-full wp-image-32163 aligncenter\" src=\"https:\/\/i0.wp.com\/ensemblepouremerainville.fr\/wp-content\/uploads\/Capture-decran-2026-09-04-a-16.50.25.png?resize=272%2C382&#038;ssl=1\" alt=\"\" width=\"272\" height=\"382\" srcset=\"https:\/\/i0.wp.com\/ensemblepouremerainville.fr\/wp-content\/uploads\/Capture-decran-2026-09-04-a-16.50.25.png?w=272&amp;ssl=1 272w, https:\/\/i0.wp.com\/ensemblepouremerainville.fr\/wp-content\/uploads\/Capture-decran-2026-09-04-a-16.50.25.png?resize=214%2C300&amp;ssl=1 214w\" sizes=\"auto, (max-width: 272px) 100vw, 272px\" \/><\/a><\/p>\n<p>En effet, la location du centre de sant\u00e9 de Malnoue \u00e9tait pr\u00e9c\u00e9demment propos\u00e9e \u00e0 1 500 \u20ac par mois. Cette somme, d\u00e9j\u00e0 contestable pour un service municipal,<\/p>\n<p>est d\u00e9sormais port\u00e9e \u00e0 2 500 \u20ac mensuels, soit 1 000 \u20ac suppl\u00e9mentaires.( des n\u00e9gociations seraient en cours)<\/p>\n<p>Nous sommes totalement oppos\u00e9s \u00e0 une telle charge financi\u00e8re pour un service de sant\u00e9 qui r\u00e9pond \u00e0 un r\u00e9el besoin de proximit\u00e9 et qui est d\u2019une tr\u00e8s grande n\u00e9cessit\u00e9 pour les habitants.<\/p>\n<p><a href=\"https:\/\/i0.wp.com\/ensemblepouremerainville.fr\/wp-content\/uploads\/Capture-decran-2025-12-30-a-16.24.58.png?ssl=1\"><img data-recalc-dims=\"1\" loading=\"lazy\" decoding=\"async\" data-attachment-id=\"31812\" data-permalink=\"https:\/\/ensemblepouremerainville.fr\/?attachment_id=31812\" data-orig-file=\"https:\/\/i0.wp.com\/ensemblepouremerainville.fr\/wp-content\/uploads\/Capture-decran-2025-12-30-a-16.24.58.png?fit=844%2C348&amp;ssl=1\" data-orig-size=\"844,348\" data-comments-opened=\"1\" data-image-meta=\"{&quot;aperture&quot;:&quot;0&quot;,&quot;credit&quot;:&quot;&quot;,&quot;camera&quot;:&quot;&quot;,&quot;caption&quot;:&quot;&quot;,&quot;created_timestamp&quot;:&quot;0&quot;,&quot;copyright&quot;:&quot;&quot;,&quot;focal_length&quot;:&quot;0&quot;,&quot;iso&quot;:&quot;0&quot;,&quot;shutter_speed&quot;:&quot;0&quot;,&quot;title&quot;:&quot;&quot;,&quot;orientation&quot;:&quot;0&quot;}\" data-image-title=\"Capture d\u2019\u00e9cran 2025-12-30 \u00e0 16.24.58\" data-image-description=\"\" data-image-caption=\"\" data-large-file=\"https:\/\/i0.wp.com\/ensemblepouremerainville.fr\/wp-content\/uploads\/Capture-decran-2025-12-30-a-16.24.58.png?fit=590%2C243&amp;ssl=1\" class=\" wp-image-31812 aligncenter\" src=\"https:\/\/i0.wp.com\/ensemblepouremerainville.fr\/wp-content\/uploads\/Capture-decran-2025-12-30-a-16.24.58.png?resize=502%2C207&#038;ssl=1\" alt=\"\" width=\"502\" height=\"207\" srcset=\"https:\/\/i0.wp.com\/ensemblepouremerainville.fr\/wp-content\/uploads\/Capture-decran-2025-12-30-a-16.24.58.png?w=844&amp;ssl=1 844w, https:\/\/i0.wp.com\/ensemblepouremerainville.fr\/wp-content\/uploads\/Capture-decran-2025-12-30-a-16.24.58.png?resize=300%2C124&amp;ssl=1 300w\" sizes=\"auto, (max-width: 502px) 100vw, 502px\" \/><\/a><\/p>\n<p>Lors du dernier conseil municipal, nous nous \u00e9tions \u00e9galement oppos\u00e9s \u00e0 l\u2019augmentation des taxes appliqu\u00e9es aux commerces ambulants.<\/p>\n<p>La situation commerciale de notre ville \u00e9tant d\u00e9j\u00e0 extr\u00eamement restreinte, voire minimaliste, nous d\u00e9fendons au contraire une politique volontariste<\/p>\n<p>visant \u00e0 favoriser l\u2019installation de nouveaux commerces.<\/p>\n<p>Nous proposons notamment de mettre en place des objectifs et des engagements pr\u00e9cis, sans appliquer de taxe suppl\u00e9mentaire, afin de permettre le d\u00e9veloppement<\/p>\n<p>de nouveaux services au b\u00e9n\u00e9fice des \u00c9merainvillois.<\/p>\n<p>\u00c0 ce jour, cette nouvelle \u00e9quipe municipale ne semble toujours pas avoir de v\u00e9ritable projet global pour notre commune.<\/p>\n<p>Nous avons le sentiment que l\u2019improvisation est devenue la r\u00e8gle et que la gestion se fait au coup par coup, sans v\u00e9ritable vision d\u2019ensemble.<\/p>\n<p>Cette situation ne fait que renforcer notre conviction et notre d\u00e9termination \u00e0 d\u00e9fendre les propositions municipales que nous vous avons pr\u00e9sent\u00e9es lors de la campagne municipale de mars dernier.<\/p>\n<p><span style=\"font-size: 18pt;\"><strong>Venez nous rencontrer<\/strong><\/span><\/p>\n<p><span style=\"font-size: 14pt;\">Nous vous proposons de venir \u00e9changer avec nous <strong>tous les samedis matin, de 10 h \u00e0 12 h, au bar-tabac-PMU \u00ab Le Lonchamp \u00bb \u00e0 Malnoue.<\/strong><\/span><\/p>\n<p><span style=\"font-size: 14pt;\">Nous souhaitons rester \u00e0 votre \u00e9coute, recueillir vos remarques et continuer \u00e0 construire avec vous l\u2019avenir de notre commune.<\/span><\/p>\n<p><a href=\"https:\/\/i0.wp.com\/ensemblepouremerainville.fr\/wp-content\/uploads\/2023\/06\/IMG_2449-scaled.jpeg?ssl=1\"><img data-recalc-dims=\"1\" loading=\"lazy\" decoding=\"async\" data-attachment-id=\"30500\" data-permalink=\"https:\/\/ensemblepouremerainville.fr\/?attachment_id=30500\" data-orig-file=\"https:\/\/i0.wp.com\/ensemblepouremerainville.fr\/wp-content\/uploads\/2023\/06\/IMG_2449-scaled.jpeg?fit=1920%2C2560&amp;ssl=1\" data-orig-size=\"1920,2560\" data-comments-opened=\"1\" data-image-meta=\"{&quot;aperture&quot;:&quot;1.8&quot;,&quot;credit&quot;:&quot;&quot;,&quot;camera&quot;:&quot;iPhone SE (2nd generation)&quot;,&quot;caption&quot;:&quot;&quot;,&quot;created_timestamp&quot;:&quot;1687516671&quot;,&quot;copyright&quot;:&quot;&quot;,&quot;focal_length&quot;:&quot;3.99&quot;,&quot;iso&quot;:&quot;20&quot;,&quot;shutter_speed&quot;:&quot;0.0037878787878788&quot;,&quot;title&quot;:&quot;&quot;,&quot;orientation&quot;:&quot;1&quot;}\" data-image-title=\"IMG_2449\" data-image-description=\"\" data-image-caption=\"\" data-large-file=\"https:\/\/i0.wp.com\/ensemblepouremerainville.fr\/wp-content\/uploads\/2023\/06\/IMG_2449-scaled.jpeg?fit=590%2C787&amp;ssl=1\" class=\" wp-image-30500 aligncenter\" src=\"https:\/\/i0.wp.com\/ensemblepouremerainville.fr\/wp-content\/uploads\/2023\/06\/IMG_2449.jpeg?resize=427%2C570&#038;ssl=1\" alt=\"\" width=\"427\" height=\"570\" srcset=\"https:\/\/i0.wp.com\/ensemblepouremerainville.fr\/wp-content\/uploads\/2023\/06\/IMG_2449-scaled.jpeg?resize=768%2C1024&amp;ssl=1 768w, https:\/\/i0.wp.com\/ensemblepouremerainville.fr\/wp-content\/uploads\/2023\/06\/IMG_2449-scaled.jpeg?resize=225%2C300&amp;ssl=1 225w, https:\/\/i0.wp.com\/ensemblepouremerainville.fr\/wp-content\/uploads\/2023\/06\/IMG_2449-scaled.jpeg?resize=1152%2C1536&amp;ssl=1 1152w, https:\/\/i0.wp.com\/ensemblepouremerainville.fr\/wp-content\/uploads\/2023\/06\/IMG_2449-scaled.jpeg?resize=1536%2C2048&amp;ssl=1 1536w, https:\/\/i0.wp.com\/ensemblepouremerainville.fr\/wp-content\/uploads\/2023\/06\/IMG_2449-scaled.jpeg?resize=1320%2C1760&amp;ssl=1 1320w, https:\/\/i0.wp.com\/ensemblepouremerainville.fr\/wp-content\/uploads\/2023\/06\/IMG_2449-scaled.jpeg?w=1920&amp;ssl=1 1920w, https:\/\/i0.wp.com\/ensemblepouremerainville.fr\/wp-content\/uploads\/2023\/06\/IMG_2449-scaled.jpeg?w=1770&amp;ssl=1 1770w\" sizes=\"auto, (max-width: 427px) 100vw, 427px\" \/><\/a><\/p>\n","protected":false},"excerpt":{"rendered":"<p>Nous esp\u00e9rons que vos vacances se sont bien pass\u00e9es, malgr\u00e9 la canicule. De notre c\u00f4t\u00e9, nous avons cherch\u00e9 \u00e0 obtenir des informations sur la gestion de notre commune. H\u00e9las, force est de constater qu\u2019elles sont encore tr\u00e8s peu nombreuses. L\u2019\u00e9quipe de salari\u00e9s qui composait le service de s\u00e9curit\u00e9 d\u2019\u00c9merainville a, dans sa grande majorit\u00e9, d\u00e9missionn\u00e9&#8230;. <\/p>\n<div class=\"read-more\"><a href=\"https:\/\/ensemblepouremerainville.fr\/?p=32161\">Lire la suite<\/a><\/div>\n","protected":false},"author":1,"featured_media":32166,"comment_status":"open","ping_status":"open","sticky":false,"template":"","format":"standard","meta":{"_bbp_topic_count":0,"_bbp_reply_count":0,"_bbp_total_topic_count":0,"_bbp_total_reply_count":0,"_bbp_voice_count":0,"_bbp_anonymous_reply_count":0,"_bbp_topic_count_hidden":0,"_bbp_reply_count_hidden":0,"_bbp_forum_subforum_count":0,"_jetpack_newsletter_access":"","_jetpack_dont_email_post_to_subs":false,"_jetpack_newsletter_tier_id":0,"_jetpack_memberships_contains_paywalled_content":false,"_jetpack_feature_clip_id":0,"_jetpack_memberships_contains_paid_content":false,"footnotes":"","jetpack_publicize_message":"","jetpack_publicize_feature_enabled":true,"jetpack_social_post_already_shared":true,"jetpack_social_options":{"image_generator_settings":{"template":"highway","default_image_id":0,"font":"","enabled":false},"version":2},"jetpack_post_was_ever_published":false},"categories":[35,58],"tags":[],"class_list":["post-32161","post","type-post","status-publish","format-standard","has-post-thumbnail","hentry","category-actualite","category-emerainville"],"jetpack_publicize_connections":[],"jetpack_sharing_enabled":true,"jetpack_shortlink":"https:\/\/wp.me\/p77sof-8mJ","jetpack-related-posts":[],"jetpack_featured_media_url":"https:\/\/i0.wp.com\/ensemblepouremerainville.fr\/wp-content\/uploads\/Capture-decran-2026-09-04-a-16.59.01.png?fit=768%2C368&ssl=1","_links":{"self":[{"href":"https:\/\/ensemblepouremerainville.fr\/index.php?rest_route=\/wp\/v2\/posts\/32161","targetHints":{"allow":["GET"]}}],"collection":[{"href":"https:\/\/ensemblepouremerainville.fr\/index.php?rest_route=\/wp\/v2\/posts"}],"about":[{"href":"https:\/\/ensemblepouremerainville.fr\/index.php?rest_route=\/wp\/v2\/types\/post"}],"author":[{"embeddable":true,"href":"https:\/\/ensemblepouremerainville.fr\/index.php?rest_route=\/wp\/v2\/users\/1"}],"replies":[{"embeddable":true,"href":"https:\/\/ensemblepouremerainville.fr\/index.php?rest_route=%2Fwp%2Fv2%2Fcomments&post=32161"}],"version-history":[{"count":2,"href":"https:\/\/ensemblepouremerainville.fr\/index.php?rest_route=\/wp\/v2\/posts\/32161\/revisions"}],"predecessor-version":[{"id":32167,"href":"https:\/\/ensemblepouremerainville.fr\/index.php?rest_route=\/wp\/v2\/posts\/32161\/revisions\/32167"}],"wp:featuredmedia":[{"embeddable":true,"href":"https:\/\/ensemblepouremerainville.fr\/index.php?rest_route=\/wp\/v2\/media\/32166"}],"wp:attachment":[{"href":"https:\/\/ensemblepouremerainville.fr\/index.php?rest_route=%2Fwp%2Fv2%2Fmedia&parent=32161"}],"wp:term":[{"taxonomy":"category","embeddable":true,"href":"https:\/\/ensemblepouremerainville.fr\/index.php?rest_route=%2Fwp%2Fv2%2Fcategories&post=32161"},{"taxonomy":"post_tag","embeddable":true,"href":"https:\/\/ensemblepouremerainville.fr\/index.php?rest_route=%2Fwp%2Fv2%2Ftags&post=32161"}],"curies":[{"name":"wp","href":"https:\/\/api.w.org\/{rel}","templated":true}]}}