{"id":73,"date":"2016-02-12T20:00:41","date_gmt":"2016-02-12T20:00:41","guid":{"rendered":"http:\/\/ensemblepouremerainville.fr\/?p=73"},"modified":"2016-11-26T16:32:32","modified_gmt":"2016-11-26T16:32:32","slug":"lundi-30-janvier-conseil-municipal","status":"publish","type":"post","link":"https:\/\/ensemblepouremerainville.fr\/?p=73","title":{"rendered":"Assembl\u00e9e g\u00e9n\u00e9rale &#8211; Ensemble pour Emerainville"},"content":{"rendered":"<h3><span style=\"font-family: helvetica, arial, sans-serif;\"><img data-recalc-dims=\"1\" loading=\"lazy\" decoding=\"async\" class=\"alignleft wp-image-243\" src=\"https:\/\/i0.wp.com\/ensemblepouremerainville.fr\/wp-content\/uploads\/2016\/02\/Capture-d%E2%80%99%C3%A9cran-2016-02-09-%C3%A0-23.10.31.png?resize=503%2C255&#038;ssl=1\" alt=\"Capture d\u2019\u00e9cran 2016-02-09 \u00e0 23.10.31\" width=\"503\" height=\"255\" srcset=\"https:\/\/i0.wp.com\/ensemblepouremerainville.fr\/wp-content\/uploads\/2016\/02\/Capture-d%E2%80%99%C3%A9cran-2016-02-09-%C3%A0-23.10.31.png?resize=300%2C152&amp;ssl=1 300w, https:\/\/i0.wp.com\/ensemblepouremerainville.fr\/wp-content\/uploads\/2016\/02\/Capture-d%E2%80%99%C3%A9cran-2016-02-09-%C3%A0-23.10.31.png?resize=1024%2C518&amp;ssl=1 1024w, https:\/\/i0.wp.com\/ensemblepouremerainville.fr\/wp-content\/uploads\/2016\/02\/Capture-d%E2%80%99%C3%A9cran-2016-02-09-%C3%A0-23.10.31.png?resize=600%2C304&amp;ssl=1 600w, https:\/\/i0.wp.com\/ensemblepouremerainville.fr\/wp-content\/uploads\/2016\/02\/Capture-d%E2%80%99%C3%A9cran-2016-02-09-%C3%A0-23.10.31.png?w=1616&amp;ssl=1 1616w, https:\/\/i0.wp.com\/ensemblepouremerainville.fr\/wp-content\/uploads\/2016\/02\/Capture-d%E2%80%99%C3%A9cran-2016-02-09-%C3%A0-23.10.31.png?w=1180&amp;ssl=1 1180w\" sizes=\"auto, (max-width: 503px) 100vw, 503px\" \/><\/span><\/h3>\n<h3><\/h3>\n<h3><\/h3>\n<h3><\/h3>\n<h3><\/h3>\n<h3><\/h3>\n<h3><\/h3>\n<h3><\/h3>\n<h3><span style=\"color: #999999; font-family: helvetica, arial, sans-serif; font-size: 12pt;\">20h00 salle F. Villon 22 rue de la famille Auribault<\/span><\/h3>\n<p>&nbsp;<\/p>\n<p><span style=\"font-family: helvetica, arial, sans-serif;\"><strong>Rapport Moral<br \/>\n<\/strong>Pr\u00e9sentation faite par le pr\u00e9sident Jacques Huleux<\/span><\/p>\n<p>&nbsp;<\/p>\n<p><span style=\"font-family: helvetica, arial, sans-serif;\"><strong>Activit\u00e9s de l\u2019\u00e9lu<\/strong><\/span><br \/>\n<span style=\"font-family: helvetica, arial, sans-serif;\">Soutien \u00e0 l\u2019ADCVE, travaux \u00e9largissement de la 104, visite du chantier avec le d\u00e9put\u00e9<\/span><br \/>\n<span style=\"font-family: helvetica, arial, sans-serif;\">de notre circonscription Emeric Br\u00e9hier, Plaine Nord, R\u00e9habilitation \u00ab Clos d\u2019Emery \u00bb.<\/span><\/p>\n<p>&nbsp;<\/p>\n<p><span style=\"font-family: helvetica, arial, sans-serif;\"><strong>Activit\u00e9s collectives\u00a0<\/strong><\/span><br \/>\n<span style=\"font-family: helvetica, arial, sans-serif;\">Tracts BD, Troc et Puces, Zone bleue ,vente de calendriers et rencontre avec la population, nouveau site.<\/span><\/p>\n<p>&nbsp;<\/p>\n<p><span style=\"font-family: helvetica, arial, sans-serif;\"><strong>Rapport Financier<br \/>\n<\/strong>Pr\u00e9sentation faite par le tr\u00e9sorier\u00a0<span style=\"color: #999999;\"><strong>Denis Robinet<\/strong><\/span><\/span><\/p>\n<p><span style=\"font-family: helvetica, arial, sans-serif;\">Vote des rapports par l\u2019ensemble des adh\u00e9rents.<\/span><\/p>\n<p><span style=\"font-family: helvetica, arial, sans-serif;\">Vote des candidatures au Conseil d\u2019administration.<\/span><\/p>\n<p><span style=\"font-family: helvetica, arial, sans-serif;\">Vote du tarif de l\u2019adh\u00e9sion avec ou pas possibilit\u00e9 de dons.<\/span><br \/>\n<span style=\"font-family: helvetica, arial, sans-serif;\">Suite au vote, ouverture des r\u00e9-adh\u00e9sions ou adh\u00e9sions.<\/span><\/p>\n<p><span style=\"color: #999999; font-family: helvetica, arial, sans-serif;\"><em><strong>La parole est aux adh\u00e9rents avant de passer aux projets.<\/strong><\/em><\/span><\/p>\n<p>&nbsp;<\/p>\n<p><span style=\"font-family: helvetica, arial, sans-serif;\"><strong>Projets pour l\u2019ann\u00e9e 2016<\/strong><\/span><\/p>\n<p><span style=\"font-family: helvetica, arial, sans-serif;\">Un effort tr\u00e8s important \u00e0 faire sur la visibilit\u00e9<\/span><\/p>\n<p><span style=\"font-family: helvetica, arial, sans-serif;\">A) Politique<\/span><br \/>\n<span style=\"font-family: helvetica, arial, sans-serif;\">B) En direction des Emerainvillois<\/span><br \/>\n<span style=\"font-family: helvetica, arial, sans-serif;\">C) Dans les manifestations de la ville, vente de muguet,<\/span><br \/>\n<span style=\"font-family: helvetica, arial, sans-serif;\">convergence le 5 juin etc.<\/span><br \/>\n<span style=\"font-family: helvetica, arial, sans-serif;\">D) Travail dans les associations, ADCVE, ASPRHCT, FCPE, Foot, Souvenir Fran\u00e7ais etc.<\/span><\/p>\n<p>&nbsp;<\/p>\n<p><span style=\"font-family: helvetica, arial, sans-serif;\"><strong>Cr\u00e9ation d\u2019\u00e9v\u00e9nements<\/strong><\/span><\/p>\n<p><span style=\"font-family: helvetica, arial, sans-serif;\"><strong>\u203a<\/strong>\u00a0Op\u00e9ration https:\/\/jonquille.curie.fr l\u2019institut Curie du 15 au 20 mars,<\/span><\/p>\n<p><span style=\"font-family: helvetica, arial, sans-serif;\"><strong>\u203a<\/strong>\u00a0D\u00e9bats \u00e0 th\u00e8mes dans le r\u00e9seau des m\u00e9diath\u00e8ques du Valmaubu\u00e9e, etc.<\/span><\/p>\n<p><span style=\"font-family: helvetica, arial, sans-serif;\"><strong>\u203a<\/strong>\u00a0Nos r\u00e9unions mensuelles tous les 3<sup>\u00e8me<\/sup> lundi de chaque mois.<\/span><\/p>\n<p><span style=\"font-family: helvetica, arial, sans-serif;\"><strong>\u203a<\/strong>\u00a0Pollution de l\u2019air, proposition de mise en lumi\u00e8re de cette solution sur la ville.<\/span><\/p>\n<p><span style=\"font-family: helvetica, arial, sans-serif;\"><strong>\u203a<\/strong>\u00a0Mat\u00e9riel de marquage visuel, adh\u00e9sifs, calicots etc.<\/span><\/p>\n<p><span style=\"font-family: helvetica, arial, sans-serif;\"><strong>\u203a<\/strong>\u00a0Questions sur les statuts et charte de l\u2019association<\/span><\/p>\n<p><span style=\"font-family: helvetica, arial, sans-serif;\"><strong>\u203a<\/strong>\u00a0La parole est aux adh\u00e9rents avant de passer \u00e0 la cl\u00f4ture de l\u2019assembl\u00e9e<\/span><\/p>\n<p><span style=\"font-family: helvetica, arial, sans-serif;\"><strong>\u203a<\/strong>\u00a0Une collation est offerte \u00e0 chaque personne.<\/span><\/p>\n<p>&nbsp;<\/p>\n<blockquote>\n<h3><span style=\"font-family: helvetica, arial, sans-serif; color: #007c39;\"><strong><em>L&rsquo;assembl\u00e9e g\u00e9n\u00e9rale est un moment fort de notre association. Rapport moral, rapport d&rsquo;activit\u00e9s, rapport financier.<br \/>\nConstruction du projet et programme d&rsquo;activit\u00e9 pour l&rsquo;ann\u00e9e 2016. Toute personne peut y venir, seuls les adh\u00e9rents pourront voter.<br \/>\nUne collation sera servie en fin de r\u00e9union.<\/em><\/strong><\/span><\/h3>\n<\/blockquote>\n","protected":false},"excerpt":{"rendered":"<p>20h00 salle F. Villon 22 rue de la famille Auribault &nbsp; Rapport Moral Pr\u00e9sentation faite par le pr\u00e9sident Jacques Huleux &nbsp; Activit\u00e9s de l\u2019\u00e9lu Soutien \u00e0 l\u2019ADCVE, travaux \u00e9largissement de la 104, visite du chantier avec le d\u00e9put\u00e9 de notre circonscription Emeric Br\u00e9hier, Plaine Nord, R\u00e9habilitation \u00ab Clos d\u2019Emery \u00bb. &nbsp; Activit\u00e9s collectives\u00a0 Tracts BD,&#8230; <\/p>\n<div class=\"read-more\"><a href=\"https:\/\/ensemblepouremerainville.fr\/?p=73\">Lire la suite<\/a><\/div>\n","protected":false},"author":1,"featured_media":0,"comment_status":"open","ping_status":"open","sticky":false,"template":"","format":"standard","meta":{"_bbp_topic_count":0,"_bbp_reply_count":0,"_bbp_total_topic_count":0,"_bbp_total_reply_count":0,"_bbp_voice_count":0,"_bbp_anonymous_reply_count":0,"_bbp_topic_count_hidden":0,"_bbp_reply_count_hidden":0,"_bbp_forum_subforum_count":0,"footnotes":""},"categories":[35],"tags":[],"class_list":["post-73","post","type-post","status-publish","format-standard","hentry","category-actualite"],"_links":{"self":[{"href":"https:\/\/ensemblepouremerainville.fr\/index.php?rest_route=\/wp\/v2\/posts\/73","targetHints":{"allow":["GET"]}}],"collection":[{"href":"https:\/\/ensemblepouremerainville.fr\/index.php?rest_route=\/wp\/v2\/posts"}],"about":[{"href":"https:\/\/ensemblepouremerainville.fr\/index.php?rest_route=\/wp\/v2\/types\/post"}],"author":[{"embeddable":true,"href":"https:\/\/ensemblepouremerainville.fr\/index.php?rest_route=\/wp\/v2\/users\/1"}],"replies":[{"embeddable":true,"href":"https:\/\/ensemblepouremerainville.fr\/index.php?rest_route=%2Fwp%2Fv2%2Fcomments&post=73"}],"version-history":[{"count":15,"href":"https:\/\/ensemblepouremerainville.fr\/index.php?rest_route=\/wp\/v2\/posts\/73\/revisions"}],"predecessor-version":[{"id":198,"href":"https:\/\/ensemblepouremerainville.fr\/index.php?rest_route=\/wp\/v2\/posts\/73\/revisions\/198"}],"wp:attachment":[{"href":"https:\/\/ensemblepouremerainville.fr\/index.php?rest_route=%2Fwp%2Fv2%2Fmedia&parent=73"}],"wp:term":[{"taxonomy":"category","embeddable":true,"href":"https:\/\/ensemblepouremerainville.fr\/index.php?rest_route=%2Fwp%2Fv2%2Fcategories&post=73"},{"taxonomy":"post_tag","embeddable":true,"href":"https:\/\/ensemblepouremerainville.fr\/index.php?rest_route=%2Fwp%2Fv2%2Ftags&post=73"}],"curies":[{"name":"wp","href":"https:\/\/api.w.org\/{rel}","templated":true}]}}