{"id":793,"date":"2017-11-17T21:53:44","date_gmt":"2017-11-17T21:53:44","guid":{"rendered":"http:\/\/ensemblepouremerainville.fr\/?p=793"},"modified":"2017-11-19T13:20:39","modified_gmt":"2017-11-19T13:20:39","slug":"un-projet-inutile-a-emerainville","status":"publish","type":"post","link":"https:\/\/ensemblepouremerainville.fr\/?p=793","title":{"rendered":"Un projet inutile \u00e0 EMERAINVILLE"},"content":{"rendered":"<p><img data-recalc-dims=\"1\" loading=\"lazy\" decoding=\"async\" class=\"alignright size-full wp-image-430\" src=\"https:\/\/i0.wp.com\/ensemblepouremerainville.fr\/wp-content\/uploads\/2016\/10\/planBDALLEGE.jpg?resize=590%2C269&#038;ssl=1\" alt=\"\" width=\"590\" height=\"269\" srcset=\"https:\/\/i0.wp.com\/ensemblepouremerainville.fr\/wp-content\/uploads\/2016\/10\/planBDALLEGE.jpg?w=7691&amp;ssl=1 7691w, https:\/\/i0.wp.com\/ensemblepouremerainville.fr\/wp-content\/uploads\/2016\/10\/planBDALLEGE.jpg?resize=300%2C137&amp;ssl=1 300w, https:\/\/i0.wp.com\/ensemblepouremerainville.fr\/wp-content\/uploads\/2016\/10\/planBDALLEGE.jpg?resize=1024%2C467&amp;ssl=1 1024w, https:\/\/i0.wp.com\/ensemblepouremerainville.fr\/wp-content\/uploads\/2016\/10\/planBDALLEGE.jpg?resize=600%2C273&amp;ssl=1 600w, https:\/\/i0.wp.com\/ensemblepouremerainville.fr\/wp-content\/uploads\/2016\/10\/planBDALLEGE.jpg?resize=121%2C55&amp;ssl=1 121w, https:\/\/i0.wp.com\/ensemblepouremerainville.fr\/wp-content\/uploads\/2016\/10\/planBDALLEGE.jpg?resize=1320%2C601&amp;ssl=1 1320w, https:\/\/i0.wp.com\/ensemblepouremerainville.fr\/wp-content\/uploads\/2016\/10\/planBDALLEGE.jpg?w=1180&amp;ssl=1 1180w, https:\/\/i0.wp.com\/ensemblepouremerainville.fr\/wp-content\/uploads\/2016\/10\/planBDALLEGE.jpg?w=1770&amp;ssl=1 1770w\" sizes=\"auto, (max-width: 590px) 100vw, 590px\" \/><\/p>\n<p><span style=\"font-size: 14pt;\"><strong>L&rsquo;\u00e9largissement de la Francilienne<\/strong><\/span><\/p>\n<h3>1er \u00e9tape avant 1997<\/h3>\n<p>Opposition totale au projet, la mairie et ADCVE ensemble pour manifester leur d\u00e9sapprobation .<\/p>\n<p>Les associations et les habitants manifestent sur la chauss\u00e9e de la 104.<\/p>\n<h3>2\u00e8me \u00e9tape \u00e0 partir de 1997<\/h3>\n<p>L&rsquo;enqu\u00eate publique est d\u00e9but\u00e9e, rien n&rsquo;arr\u00eate les pouvoirs publics.<\/p>\n<h3>3\u00e8me \u00e9tape en 1998<\/h3>\n<p>Concertation avec les d\u00e9cideurs et maitre d&rsquo;ouvrage.<\/p>\n<p>Plusieurs r\u00e9unions, expertises et n\u00e9gociations permettent d&rsquo;engager l&rsquo;Etat sur des compensations importantes.<\/p>\n<p>Tout est formul\u00e9 dans le livret appel\u00e9<strong>\u00a0\u00bb les engagements de l&rsquo;Etat\u00a0\u00bb<\/strong> .<\/p>\n<p>&nbsp;<\/p>\n<p>Dossier pr\u00e9fecture ci-dessous.<\/p>\n<p><a href=\"https:\/\/ensemblepouremerainville.fr\/wp-content\/uploads\/2017\/11\/ADCVE-comit\u00e9-de-suivi-2002.pdf\"><img data-recalc-dims=\"1\" loading=\"lazy\" decoding=\"async\" class=\"alignright wp-image-795 size-full\" src=\"https:\/\/i0.wp.com\/ensemblepouremerainville.fr\/wp-content\/uploads\/2017\/11\/Capture-d%E2%80%99%C3%A9cran-2017-11-17-%C3%A0-11.30.25.png?resize=590%2C277&#038;ssl=1\" alt=\"\" width=\"590\" height=\"277\" srcset=\"https:\/\/i0.wp.com\/ensemblepouremerainville.fr\/wp-content\/uploads\/2017\/11\/Capture-d%E2%80%99%C3%A9cran-2017-11-17-%C3%A0-11.30.25.png?w=1433&amp;ssl=1 1433w, https:\/\/i0.wp.com\/ensemblepouremerainville.fr\/wp-content\/uploads\/2017\/11\/Capture-d%E2%80%99%C3%A9cran-2017-11-17-%C3%A0-11.30.25.png?resize=300%2C141&amp;ssl=1 300w, https:\/\/i0.wp.com\/ensemblepouremerainville.fr\/wp-content\/uploads\/2017\/11\/Capture-d%E2%80%99%C3%A9cran-2017-11-17-%C3%A0-11.30.25.png?resize=1024%2C481&amp;ssl=1 1024w, https:\/\/i0.wp.com\/ensemblepouremerainville.fr\/wp-content\/uploads\/2017\/11\/Capture-d%E2%80%99%C3%A9cran-2017-11-17-%C3%A0-11.30.25.png?resize=600%2C282&amp;ssl=1 600w, https:\/\/i0.wp.com\/ensemblepouremerainville.fr\/wp-content\/uploads\/2017\/11\/Capture-d%E2%80%99%C3%A9cran-2017-11-17-%C3%A0-11.30.25.png?resize=1320%2C620&amp;ssl=1 1320w, https:\/\/i0.wp.com\/ensemblepouremerainville.fr\/wp-content\/uploads\/2017\/11\/Capture-d%E2%80%99%C3%A9cran-2017-11-17-%C3%A0-11.30.25.png?w=1180&amp;ssl=1 1180w\" sizes=\"auto, (max-width: 590px) 100vw, 590px\" \/><\/a><\/p>\n<p>&nbsp;<\/p>\n<p>&nbsp;<\/p>\n<p>&nbsp;<\/p>\n<p>&nbsp;<\/p>\n<p>&nbsp;<\/p>\n<p>&nbsp;<\/p>\n<p>&nbsp;<\/p>\n<p>&nbsp;<\/p>\n<p><a href=\"https:\/\/ensemblepouremerainville.fr\/wp-content\/uploads\/2017\/11\/Engagements-de-lEtat-104.pdf\"><img data-recalc-dims=\"1\" loading=\"lazy\" decoding=\"async\" class=\"wp-image-818 alignnone\" src=\"https:\/\/i0.wp.com\/ensemblepouremerainville.fr\/wp-content\/uploads\/2017\/11\/engagement_etat_capture.png?resize=496%2C720&#038;ssl=1\" alt=\"\" width=\"496\" height=\"720\" srcset=\"https:\/\/i0.wp.com\/ensemblepouremerainville.fr\/wp-content\/uploads\/2017\/11\/engagement_etat_capture.png?w=545&amp;ssl=1 545w, https:\/\/i0.wp.com\/ensemblepouremerainville.fr\/wp-content\/uploads\/2017\/11\/engagement_etat_capture.png?resize=207%2C300&amp;ssl=1 207w\" sizes=\"auto, (max-width: 496px) 100vw, 496px\" \/><\/a><\/p>\n<p>&nbsp;<\/p>\n<p>La mairie d&rsquo;Emerainville, qui jusque l\u00e0 avait particip\u00e9 \u00e0 l&rsquo;opposition au projet et\u00a0financ\u00e9 le proc\u00e8s pour annulation, devient muette !<\/p>\n<h3>4\u00e8me \u00e9tape<\/h3>\n<p>D\u00e9but du chantier, quelques mois plus tard .<br \/>\nUn adjoint \u00e0 l&rsquo;environnement d&rsquo;Emerainville Mr Didier Bernard soul\u00e8ve une erreur sur les plans de l&rsquo;ex\u00e9cutif du chantier. Une partie des eaux pluviales de la chauss\u00e9e n&rsquo;est pas raccord\u00e9e correctement.<br \/>\nProc\u00e9dure juridique qui aboutit \u00e0 l&rsquo;arr\u00eat du chantier, avec tout son cort\u00e8ge de cons\u00e9quences .<br \/>\nDeux ann\u00e9es perdues et beaucoup d&rsquo;argent public d\u00e9pens\u00e9 pour rien, on aurait pu avoir des compensations suppl\u00e9mentaires, aucune n\u00e9gociation n&rsquo;a \u00e9t\u00e9 propos\u00e9e.<br \/>\nJustice, justice, justice, d\u00e9j\u00e0 l\u00e0, les associations n&rsquo;\u00e9taient plus en accord avec la d\u00e9marche absolutiste de la mairie.<\/p>\n<p>Le chantier reprend, sans suffisamment d&rsquo;info<\/p>\n<p><a href=\"https:\/\/ensemblepouremerainville.fr\/wp-content\/uploads\/2017\/11\/R\u00e9union-d\u2019information-sur-les-travaux-de-la-Francilienne.pdf\"><img data-recalc-dims=\"1\" loading=\"lazy\" decoding=\"async\" class=\"size-full wp-image-804 alignnone\" src=\"https:\/\/i0.wp.com\/ensemblepouremerainville.fr\/wp-content\/uploads\/2017\/11\/Capture-d%E2%80%99%C3%A9cran-2017-11-17-%C3%A0-21.44.52.png?resize=590%2C361&#038;ssl=1\" alt=\"\" width=\"590\" height=\"361\" srcset=\"https:\/\/i0.wp.com\/ensemblepouremerainville.fr\/wp-content\/uploads\/2017\/11\/Capture-d%E2%80%99%C3%A9cran-2017-11-17-%C3%A0-21.44.52.png?w=602&amp;ssl=1 602w, https:\/\/i0.wp.com\/ensemblepouremerainville.fr\/wp-content\/uploads\/2017\/11\/Capture-d%E2%80%99%C3%A9cran-2017-11-17-%C3%A0-21.44.52.png?resize=300%2C183&amp;ssl=1 300w, https:\/\/i0.wp.com\/ensemblepouremerainville.fr\/wp-content\/uploads\/2017\/11\/Capture-d%E2%80%99%C3%A9cran-2017-11-17-%C3%A0-21.44.52.png?resize=600%2C367&amp;ssl=1 600w\" sizes=\"auto, (max-width: 590px) 100vw, 590px\" \/><\/a><\/p>\n<h3>Une position diam\u00e9tralement diff\u00e9rente de la mairie<\/h3>\n<p>La mairie ne participe plus au suivi actif du chantier. Plusieurs entrevues avec l&rsquo;ADCVE, rien ne change.<\/p>\n<p>La position du Maire: si le chantier n&rsquo;est pas correct,<strong> je ferai un proc\u00e8s<\/strong>.<\/p>\n<p>Cette position passive de la mairie laisse libre cours \u00e0 la DIRIF pour agir sans contr\u00f4le.<br \/>\nLes associations qui doivent faire le suivi du chantier sont sans arr\u00eat \u00e9cart\u00e9es .<br \/>\nL&rsquo;ADCVE a m\u00eame du avoir recours \u00e0 la CADA pour obtenir partiellement des r\u00e9ponses et documents du chantier.<\/p>\n<p>&nbsp;<\/p>\n<p><a href=\"https:\/\/ensemblepouremerainville.fr\/wp-content\/uploads\/2017\/11\/CADA-ADCVE.docx\"><img data-recalc-dims=\"1\" loading=\"lazy\" decoding=\"async\" class=\"size-full wp-image-805 alignnone\" src=\"https:\/\/i0.wp.com\/ensemblepouremerainville.fr\/wp-content\/uploads\/2017\/11\/Capture-d%E2%80%99%C3%A9cran-2017-11-17-%C3%A0-21.49.46.png?resize=590%2C285&#038;ssl=1\" alt=\"\" width=\"590\" height=\"285\" srcset=\"https:\/\/i0.wp.com\/ensemblepouremerainville.fr\/wp-content\/uploads\/2017\/11\/Capture-d%E2%80%99%C3%A9cran-2017-11-17-%C3%A0-21.49.46.png?w=763&amp;ssl=1 763w, https:\/\/i0.wp.com\/ensemblepouremerainville.fr\/wp-content\/uploads\/2017\/11\/Capture-d%E2%80%99%C3%A9cran-2017-11-17-%C3%A0-21.49.46.png?resize=300%2C145&amp;ssl=1 300w, https:\/\/i0.wp.com\/ensemblepouremerainville.fr\/wp-content\/uploads\/2017\/11\/Capture-d%E2%80%99%C3%A9cran-2017-11-17-%C3%A0-21.49.46.png?resize=600%2C289&amp;ssl=1 600w, https:\/\/i0.wp.com\/ensemblepouremerainville.fr\/wp-content\/uploads\/2017\/11\/Capture-d%E2%80%99%C3%A9cran-2017-11-17-%C3%A0-21.49.46.png?resize=114%2C55&amp;ssl=1 114w\" sizes=\"auto, (max-width: 590px) 100vw, 590px\" \/><\/a><\/p>\n<p>&nbsp;<\/p>\n<p><a href=\"https:\/\/ensemblepouremerainville.fr\/wp-content\/uploads\/2017\/11\/N104-le-Parisien.pdf\"><img data-recalc-dims=\"1\" loading=\"lazy\" decoding=\"async\" class=\"size-full wp-image-806 alignnone\" src=\"https:\/\/i0.wp.com\/ensemblepouremerainville.fr\/wp-content\/uploads\/2017\/11\/Capture-d%E2%80%99%C3%A9cran-2017-11-17-%C3%A0-21.51.40.png?resize=590%2C339&#038;ssl=1\" alt=\"\" width=\"590\" height=\"339\" srcset=\"https:\/\/i0.wp.com\/ensemblepouremerainville.fr\/wp-content\/uploads\/2017\/11\/Capture-d%E2%80%99%C3%A9cran-2017-11-17-%C3%A0-21.51.40.png?w=721&amp;ssl=1 721w, https:\/\/i0.wp.com\/ensemblepouremerainville.fr\/wp-content\/uploads\/2017\/11\/Capture-d%E2%80%99%C3%A9cran-2017-11-17-%C3%A0-21.51.40.png?resize=300%2C172&amp;ssl=1 300w, https:\/\/i0.wp.com\/ensemblepouremerainville.fr\/wp-content\/uploads\/2017\/11\/Capture-d%E2%80%99%C3%A9cran-2017-11-17-%C3%A0-21.51.40.png?resize=600%2C345&amp;ssl=1 600w\" sizes=\"auto, (max-width: 590px) 100vw, 590px\" \/><\/a><\/p>\n<p>La mairie qui s&rsquo;oppose aux associations charg\u00e9es du suivi du chantier, va jusqu&rsquo;\u00e0 faire elle-m\u00eame une prise d&rsquo;\u00e9chantillons auditifs pour nous opposer qu&rsquo;il y a moins de nuisance sonore apr\u00e8s le chantier qu&rsquo;avant,<br \/>\nun comble. Non seulement elle ne nous aide pas, mais en plus elle lutte contre nous et va \u00e0 l&rsquo;encontre des Emerainvillois quelle est cens\u00e9e d\u00e9fendre.<\/p>\n<h3>5\u00e8me \u00e9tape la comparaison avec le m\u00eame chantier \u00e0 Pontault-Combault<\/h3>\n<p>Mme le Maire de la ville voisine nous a expliqu\u00e9 quelle a mis tous ses services techniques plus ceux de la communaut\u00e9 d&rsquo;agglom\u00e9ration face \u00e0 la DIRIF, deux ann\u00e9es avant chaque \u00e9tape du chantier, qu&rsquo;il a fallu s&rsquo;opposer pied \u00e0 pied sur chaque phase du chantier.<br \/>\nR\u00e9sultat: la ville voisine a eu tout ce quelle voulait, acc\u00e8s pour l&rsquo;entretien du merlon, murs antibruit avant<br \/>\nles travaux, passerelle provisoire avec la zone marchande,\u00e9clairage public et construction d&rsquo;une liaison douce, construction d&rsquo;un vrai <strong>mur antibruit sur le merlon<\/strong>. (<em> \u00c0 Emerainville un mur antibruit sur le merlon, il nous a \u00e9t\u00e9 r\u00e9pondu par la DIRIF que c&rsquo;\u00e9tait techniquement impossible<\/em>).<\/p>\n<p>Cliqu\u00e9 sur le doc ci-dessous, pour voir la lettre de Madame la Maire de Pontault-Combault.<\/p>\n<p><a href=\"https:\/\/ensemblepouremerainville.fr\/wp-content\/uploads\/2017\/11\/R\u00e9ponse-PC-13-06.pdf\"><img data-recalc-dims=\"1\" loading=\"lazy\" decoding=\"async\" class=\"size-full wp-image-807 alignnone\" src=\"https:\/\/i0.wp.com\/ensemblepouremerainville.fr\/wp-content\/uploads\/2017\/11\/Capture-d%E2%80%99%C3%A9cran-2017-11-17-%C3%A0-21.54.29.png?resize=590%2C387&#038;ssl=1\" alt=\"\" width=\"590\" height=\"387\" srcset=\"https:\/\/i0.wp.com\/ensemblepouremerainville.fr\/wp-content\/uploads\/2017\/11\/Capture-d%E2%80%99%C3%A9cran-2017-11-17-%C3%A0-21.54.29.png?w=590&amp;ssl=1 590w, https:\/\/i0.wp.com\/ensemblepouremerainville.fr\/wp-content\/uploads\/2017\/11\/Capture-d%E2%80%99%C3%A9cran-2017-11-17-%C3%A0-21.54.29.png?resize=300%2C197&amp;ssl=1 300w\" sizes=\"auto, (max-width: 590px) 100vw, 590px\" \/><\/a><\/p>\n<p>&nbsp;<\/p>\n<h3>Conclusion: l&rsquo;opposition \u00e0 la puissance publique n\u00e9cessite du courage politique et du travail, les menaces judiciaires en fin de chantier 2022 n&rsquo;ont aucun effet , laisse m\u00eame le champs libre et sans aucun contr\u00f4le. A d\u00e9charge la ville d&rsquo;Emerainville n&rsquo;a pas un service technique identique \u00e0 celui de la ville de Pontault-Combault, mais elle aurait pu faire appel aux services du SAN en son temps.<\/h3>\n<p>Pour rappel, la fin du chantier est en 2020, des poursuites peuvent \u00eatre engag\u00e9es deux ans apr\u00e8s la fin du chantier, ce qui nous m\u00e8ne \u00e0 2022&#8230;Pendant tout ce temps les habitants sont dans les nuisances phoniques et nous supposons \u00e0 ce jour les fortes pollutions de l&rsquo;air.<\/p>\n<p>&nbsp;<\/p>\n<p>&nbsp;<\/p>\n<p>&nbsp;<\/p>\n<p>&nbsp;<\/p>\n<p>&nbsp;<\/p>\n<p>&nbsp;<\/p>\n<p>&nbsp;<\/p>\n<p>&nbsp;<\/p>\n<p>&nbsp;<\/p>\n<p>&nbsp;<\/p>\n","protected":false},"excerpt":{"rendered":"<p>L&rsquo;\u00e9largissement de la Francilienne 1er \u00e9tape avant 1997 Opposition totale au projet, la mairie et ADCVE ensemble pour manifester leur d\u00e9sapprobation . Les associations et les habitants manifestent sur la chauss\u00e9e de la 104. 2\u00e8me \u00e9tape \u00e0 partir de 1997 L&rsquo;enqu\u00eate publique est d\u00e9but\u00e9e, rien n&rsquo;arr\u00eate les pouvoirs publics. 3\u00e8me \u00e9tape en 1998 Concertation avec&#8230; <\/p>\n<div class=\"read-more\"><a href=\"https:\/\/ensemblepouremerainville.fr\/?p=793\">Lire la suite<\/a><\/div>\n","protected":false},"author":1,"featured_media":430,"comment_status":"open","ping_status":"open","sticky":false,"template":"","format":"standard","meta":{"_bbp_topic_count":0,"_bbp_reply_count":0,"_bbp_total_topic_count":0,"_bbp_total_reply_count":0,"_bbp_voice_count":0,"_bbp_anonymous_reply_count":0,"_bbp_topic_count_hidden":0,"_bbp_reply_count_hidden":0,"_bbp_forum_subforum_count":0,"footnotes":""},"categories":[35,19],"tags":[],"class_list":["post-793","post","type-post","status-publish","format-standard","has-post-thumbnail","hentry","category-actualite","category-ecologie-developpement-durable-energie"],"_links":{"self":[{"href":"https:\/\/ensemblepouremerainville.fr\/index.php?rest_route=\/wp\/v2\/posts\/793","targetHints":{"allow":["GET"]}}],"collection":[{"href":"https:\/\/ensemblepouremerainville.fr\/index.php?rest_route=\/wp\/v2\/posts"}],"about":[{"href":"https:\/\/ensemblepouremerainville.fr\/index.php?rest_route=\/wp\/v2\/types\/post"}],"author":[{"embeddable":true,"href":"https:\/\/ensemblepouremerainville.fr\/index.php?rest_route=\/wp\/v2\/users\/1"}],"replies":[{"embeddable":true,"href":"https:\/\/ensemblepouremerainville.fr\/index.php?rest_route=%2Fwp%2Fv2%2Fcomments&post=793"}],"version-history":[{"count":16,"href":"https:\/\/ensemblepouremerainville.fr\/index.php?rest_route=\/wp\/v2\/posts\/793\/revisions"}],"predecessor-version":[{"id":827,"href":"https:\/\/ensemblepouremerainville.fr\/index.php?rest_route=\/wp\/v2\/posts\/793\/revisions\/827"}],"wp:featuredmedia":[{"embeddable":true,"href":"https:\/\/ensemblepouremerainville.fr\/index.php?rest_route=\/wp\/v2\/media\/430"}],"wp:attachment":[{"href":"https:\/\/ensemblepouremerainville.fr\/index.php?rest_route=%2Fwp%2Fv2%2Fmedia&parent=793"}],"wp:term":[{"taxonomy":"category","embeddable":true,"href":"https:\/\/ensemblepouremerainville.fr\/index.php?rest_route=%2Fwp%2Fv2%2Fcategories&post=793"},{"taxonomy":"post_tag","embeddable":true,"href":"https:\/\/ensemblepouremerainville.fr\/index.php?rest_route=%2Fwp%2Fv2%2Ftags&post=793"}],"curies":[{"name":"wp","href":"https:\/\/api.w.org\/{rel}","templated":true}]}}