{"id":832,"date":"2017-11-29T16:40:56","date_gmt":"2017-11-29T16:40:56","guid":{"rendered":"http:\/\/ensemblepouremerainville.fr\/?p=832"},"modified":"2018-05-12T10:28:15","modified_gmt":"2018-05-12T10:28:15","slug":"la-mauvaise-raison-pour-le-disque-bleu-a-emerainville","status":"publish","type":"post","link":"https:\/\/ensemblepouremerainville.fr\/?p=832","title":{"rendered":"La mauvaise raison pour le disque bleu."},"content":{"rendered":"<p><strong>En 2015 contre toute logique le stationnement gratuit est transform\u00e9 en DISQUE BLEU.<\/strong><\/p>\n<p><img data-recalc-dims=\"1\" loading=\"lazy\" decoding=\"async\" class=\"alignright size-full wp-image-833\" src=\"https:\/\/i0.wp.com\/ensemblepouremerainville.fr\/wp-content\/uploads\/2017\/11\/Capture-d%E2%80%99%C3%A9cran-2017-11-02-%C3%A0-16.21.10.png?resize=590%2C628&#038;ssl=1\" alt=\"\" width=\"590\" height=\"628\" srcset=\"https:\/\/i0.wp.com\/ensemblepouremerainville.fr\/wp-content\/uploads\/2017\/11\/Capture-d%E2%80%99%C3%A9cran-2017-11-02-%C3%A0-16.21.10.png?w=723&amp;ssl=1 723w, https:\/\/i0.wp.com\/ensemblepouremerainville.fr\/wp-content\/uploads\/2017\/11\/Capture-d%E2%80%99%C3%A9cran-2017-11-02-%C3%A0-16.21.10.png?resize=282%2C300&amp;ssl=1 282w, https:\/\/i0.wp.com\/ensemblepouremerainville.fr\/wp-content\/uploads\/2017\/11\/Capture-d%E2%80%99%C3%A9cran-2017-11-02-%C3%A0-16.21.10.png?resize=600%2C638&amp;ssl=1 600w, https:\/\/i0.wp.com\/ensemblepouremerainville.fr\/wp-content\/uploads\/2017\/11\/Capture-d%E2%80%99%C3%A9cran-2017-11-02-%C3%A0-16.21.10.png?resize=52%2C55&amp;ssl=1 52w\" sizes=\"auto, (max-width: 590px) 100vw, 590px\" \/><br \/>\nUne instauration qui va \u00e0 l\u2019encontre d\u2019une politique d\u2019aides aux commer\u00e7ants.<br \/>\nUne grande partie des habitants sont contre le disque bleu.<br \/>\nLes pr\u00e9textes\u00a0de la mairie\u00a0:<br \/>\ndes travaux sur le RER, l\u2019envahissement des hors commune, les voitures ventouses.<br \/>\nDes motifs d\u00e9magogiques pour classer la totalit\u00e9 de la commune en zone \u00ab\u00a0Disque Bleu\u00a0\u00bb<br \/>\nLes Emerainvillois devront payer pour stationner plus de deux heures.<br \/>\nIl a fallu une p\u00e9tition tr\u00e8s suivie pour faire admettre des exceptions et un macaron r\u00e9sident payant une seule fois par voiture, pas de petit b\u00e9n\u00e9fice 20\u20ac. (sans aucune justification).<\/p>\n<p><img data-recalc-dims=\"1\" loading=\"lazy\" decoding=\"async\" class=\"alignright size-full wp-image-834\" src=\"https:\/\/i0.wp.com\/ensemblepouremerainville.fr\/wp-content\/uploads\/2017\/11\/Capture-d%E2%80%99%C3%A9cran-2017-11-02-%C3%A0-16.27.32.png?resize=590%2C138&#038;ssl=1\" alt=\"\" width=\"590\" height=\"138\" srcset=\"https:\/\/i0.wp.com\/ensemblepouremerainville.fr\/wp-content\/uploads\/2017\/11\/Capture-d%E2%80%99%C3%A9cran-2017-11-02-%C3%A0-16.27.32.png?w=1178&amp;ssl=1 1178w, https:\/\/i0.wp.com\/ensemblepouremerainville.fr\/wp-content\/uploads\/2017\/11\/Capture-d%E2%80%99%C3%A9cran-2017-11-02-%C3%A0-16.27.32.png?resize=300%2C70&amp;ssl=1 300w, https:\/\/i0.wp.com\/ensemblepouremerainville.fr\/wp-content\/uploads\/2017\/11\/Capture-d%E2%80%99%C3%A9cran-2017-11-02-%C3%A0-16.27.32.png?resize=1024%2C240&amp;ssl=1 1024w, https:\/\/i0.wp.com\/ensemblepouremerainville.fr\/wp-content\/uploads\/2017\/11\/Capture-d%E2%80%99%C3%A9cran-2017-11-02-%C3%A0-16.27.32.png?resize=600%2C141&amp;ssl=1 600w\" sizes=\"auto, (max-width: 590px) 100vw, 590px\" \/><\/p>\n<p><strong>Cet arr\u00eat\u00e9 municipal en 2015 n\u2019\u00e9tait pas sans arri\u00e8re-pens\u00e9e<\/strong>,<br \/>\nil \u00e9tait question fin 2015 dans la loi MAPTAM de remplacer l\u2019amende pour stationnement payant par un <strong>forfait post-stationnement<\/strong> et d\u2019en attribuer le tarif et le recouvrement aux communes.<br \/>\nMais le d\u00e9cret d\u2019application a \u00e9t\u00e9 report\u00e9 au 1er\u00a0janvier 2018.<br \/>\nSuivant leur opinion politique, les maires se positionnent\u00a0:<br \/>\nsoit ils reportent les pertes de subventions de l\u2019\u00c9tat sur le co\u00fbt des services et imp\u00f4ts,<br \/>\nsoit ils g\u00e8rent avec intelligence et humanit\u00e9 pour maintenir les services sans surco\u00fbt. Mais pour cela il faut \u00eatre face \u00e0 la population de sa ville et \u00e0 son \u00e9coute pour avoir des r\u00e9flexions fond\u00e9es et pertinentes. Ne pas se cacher derri\u00e8re X ou Y pour se d\u00e9clarer sans pouvoir, et d\u00e9muni par les communaut\u00e9s d\u2019agglom\u00e9rations, le d\u00e9partement,\u00a0etc..<br \/>\nUn maire digne de ce nom a plusieurs pouvoirs, celui qui lui est conf\u00e9r\u00e9 par sa fonction et le pouvoir partag\u00e9 avec ses habitants pour faire pression sur les structures et organismes, il ne doit pas se contenter d\u2019un courrier souvent sans aucun respect pour son interlocuteur.<\/p>\n<p><img data-recalc-dims=\"1\" loading=\"lazy\" decoding=\"async\" class=\"alignright size-full wp-image-835\" src=\"https:\/\/i0.wp.com\/ensemblepouremerainville.fr\/wp-content\/uploads\/2017\/11\/Capture-d%E2%80%99%C3%A9cran-2017-11-02-%C3%A0-16.30.34.png?resize=566%2C499&#038;ssl=1\" alt=\"\" width=\"566\" height=\"499\" srcset=\"https:\/\/i0.wp.com\/ensemblepouremerainville.fr\/wp-content\/uploads\/2017\/11\/Capture-d%E2%80%99%C3%A9cran-2017-11-02-%C3%A0-16.30.34.png?w=566&amp;ssl=1 566w, https:\/\/i0.wp.com\/ensemblepouremerainville.fr\/wp-content\/uploads\/2017\/11\/Capture-d%E2%80%99%C3%A9cran-2017-11-02-%C3%A0-16.30.34.png?resize=300%2C264&amp;ssl=1 300w\" sizes=\"auto, (max-width: 566px) 100vw, 566px\" \/><\/p>\n","protected":false},"excerpt":{"rendered":"<p>En 2015 contre toute logique le stationnement gratuit est transform\u00e9 en DISQUE BLEU. Une instauration qui va \u00e0 l\u2019encontre d\u2019une politique d\u2019aides aux commer\u00e7ants. Une grande partie des habitants sont contre le disque bleu. Les pr\u00e9textes\u00a0de la mairie\u00a0: des travaux sur le RER, l\u2019envahissement des hors commune, les voitures ventouses. Des motifs d\u00e9magogiques pour classer&#8230; <\/p>\n<div class=\"read-more\"><a href=\"https:\/\/ensemblepouremerainville.fr\/?p=832\">Lire la suite<\/a><\/div>\n","protected":false},"author":1,"featured_media":833,"comment_status":"open","ping_status":"open","sticky":false,"template":"","format":"standard","meta":{"_bbp_topic_count":0,"_bbp_reply_count":0,"_bbp_total_topic_count":0,"_bbp_total_reply_count":0,"_bbp_voice_count":0,"_bbp_anonymous_reply_count":0,"_bbp_topic_count_hidden":0,"_bbp_reply_count_hidden":0,"_bbp_forum_subforum_count":0,"footnotes":""},"categories":[35,34],"tags":[],"class_list":["post-832","post","type-post","status-publish","format-standard","has-post-thumbnail","hentry","category-actualite","category-infos"],"_links":{"self":[{"href":"https:\/\/ensemblepouremerainville.fr\/index.php?rest_route=\/wp\/v2\/posts\/832","targetHints":{"allow":["GET"]}}],"collection":[{"href":"https:\/\/ensemblepouremerainville.fr\/index.php?rest_route=\/wp\/v2\/posts"}],"about":[{"href":"https:\/\/ensemblepouremerainville.fr\/index.php?rest_route=\/wp\/v2\/types\/post"}],"author":[{"embeddable":true,"href":"https:\/\/ensemblepouremerainville.fr\/index.php?rest_route=\/wp\/v2\/users\/1"}],"replies":[{"embeddable":true,"href":"https:\/\/ensemblepouremerainville.fr\/index.php?rest_route=%2Fwp%2Fv2%2Fcomments&post=832"}],"version-history":[{"count":2,"href":"https:\/\/ensemblepouremerainville.fr\/index.php?rest_route=\/wp\/v2\/posts\/832\/revisions"}],"predecessor-version":[{"id":1842,"href":"https:\/\/ensemblepouremerainville.fr\/index.php?rest_route=\/wp\/v2\/posts\/832\/revisions\/1842"}],"wp:featuredmedia":[{"embeddable":true,"href":"https:\/\/ensemblepouremerainville.fr\/index.php?rest_route=\/wp\/v2\/media\/833"}],"wp:attachment":[{"href":"https:\/\/ensemblepouremerainville.fr\/index.php?rest_route=%2Fwp%2Fv2%2Fmedia&parent=832"}],"wp:term":[{"taxonomy":"category","embeddable":true,"href":"https:\/\/ensemblepouremerainville.fr\/index.php?rest_route=%2Fwp%2Fv2%2Fcategories&post=832"},{"taxonomy":"post_tag","embeddable":true,"href":"https:\/\/ensemblepouremerainville.fr\/index.php?rest_route=%2Fwp%2Fv2%2Ftags&post=832"}],"curies":[{"name":"wp","href":"https:\/\/api.w.org\/{rel}","templated":true}]}}